{"id":901035,"date":"2026-04-29T20:17:31","date_gmt":"2026-04-29T20:17:31","guid":{"rendered":"https:\/\/www.europesays.com\/fr\/901035\/"},"modified":"2026-04-29T20:17:31","modified_gmt":"2026-04-29T20:17:31","slug":"impots-2026-noubliez-pas-de-verifier-ces-cases-avant-de-valider-votre-declaration","status":"publish","type":"post","link":"https:\/\/www.europesays.com\/fr\/901035\/","title":{"rendered":"Imp\u00f4ts 2026\u00a0: N\u2019oubliez pas de v\u00e9rifier ces cases avant de valider votre d\u00e9claration"},"content":{"rendered":"<p>La campagne de <a href=\"https:\/\/www.20minutes.fr\/dossier\/impot_sur_le_revenu\" class=\"c-link c-link--is-underlined\" rel=\"nofollow noopener\" target=\"_blank\">d\u00e9claration des revenus<\/a> de l\u2019ann\u00e9e\u00a02025 a d\u00e9but le 9\u00a0avril et s\u2019ach\u00e8vera d\u2019ici quelques semaines. Si celle-ci est, dans la majorit\u00e9 des cas, pr\u00e9remplie, il vaut mieux se montrer vigilant et compl\u00e9ter certaines informations manquantes.<\/p>\n<p>Parmi elles, la d\u00e9claration des <a href=\"https:\/\/www.20minutes.fr\/dossier\/enfant\" class=\"c-link c-link--is-underlined\" rel=\"nofollow noopener\" target=\"_blank\">enfants<\/a> \u00e0 charge. Pour int\u00e9grer des majeurs au foyer fiscal, il faut renseigner leurs revenus dans la rubrique \u00ab\u00a0traitements et <a href=\"https:\/\/www.20minutes.fr\/dossier\/salaire\" class=\"c-link c-link--is-underlined\" rel=\"nofollow noopener\" target=\"_blank\">salaires<\/a>\u00a0\u00bb, aux lignes 1CJ, 1DJ, voire 1CP et 1DP\u00a0en cas de ch\u00f4mage. Un <a href=\"https:\/\/www.20minutes.fr\/magazine\/etudiant-mag\/\" class=\"c-link c-link--is-underlined\" rel=\"nofollow noopener\" target=\"_blank\">\u00e9tudiant<\/a> peut, lui, b\u00e9n\u00e9ficier d\u2019une exon\u00e9ration jusqu\u2019\u00e0 5.405 euros en\u00a02025.<\/p>\n<p>Pour les pensions alimentaires, les sommes per\u00e7ues doivent \u00eatre d\u00e9clar\u00e9es dans la cat\u00e9gorie ressources, ligne 1AO.\u00a0La personne qui les verse doit l\u2019indiquer dans la partie charges. S\u2019il s\u2019agit de pensions vers\u00e9es \u00e0 des enfants majeurs non rattach\u00e9s au foyer fiscal, les montants doivent \u00eatre indiqu\u00e9s aux cases 6EL, mais aussi \u00eatre d\u00e9clar\u00e9s par les enfants dans leur d\u00e9claration de revenus. La case 6GU est r\u00e9serv\u00e9e aux cas sp\u00e9cifiques.<\/p>\n<p>Revenus fonciers et mobiliers<\/p>\n<p>D\u2019autres revenus doivent \u00eatre pr\u00e9cis\u00e9s\u00a0: les revenus fonciers \u00e0 la ligne 4BE, pour des recettes maximales de 15.00 euros brut. Pour les revenus li\u00e9s \u00e0 des locations sur des plateformes, il faut cocher la case \u00ab\u00a0revenus des locations meubl\u00e9es non professionnelles\u00a0\u00bb et les montants doivent \u00eatre report\u00e9s \u00e0 la ligne 5NH.<\/p>\n<p>Concernant les revenus mobiliers, il faut d\u00e9clarer les int\u00e9r\u00eats et dividendes via la case 2OP pour renoncer au pr\u00e9l\u00e8vement forfaitaire unique (PFU). Si la case n\u2019est pas coch\u00e9e, le contribuable est soumis \u00e0 la flat tax \u00e0 hauteur de 31,4\u00a0%. \u00ab\u00a0Quand on a des revenus modestes, oui, il vaut mieux la cocher. Mais quand on a des revenus importants, il vaut mieux s\u2019abstenir\u00a0\u00bb, indique un avocat sp\u00e9cialis\u00e9 \u00e0 <a href=\"https:\/\/www.capital.fr\/votre-argent\/declaration-de-revenus-2026-les-cases-a-verifier-imperativement-avant-de-la-valider-1526069\" rel=\"nofollow noopener\" target=\"_blank\" class=\"c-link c-link--is-underlined\">Capital<\/a>, ajoutant\u00a0: \u00ab\u00a0L\u2019erreur dans ce sens peut co\u00fbter cher\u00a0\u00bb.<\/p>\n<p>Des abattements sp\u00e9cifiques<\/p>\n<p>Pour les frais professionnels, un abattement automatique de 10\u00a0% s\u2019applique. Mais attention, il peut \u00eatre plus avantageux de d\u00e9clarer ces frais de mani\u00e8re d\u00e9taill\u00e9e. Ces derniers sont \u00e0 reporter \u00e0 la ligne 1AK, avec envoi de justificatifs. Certaines professions peuvent permettre de b\u00e9n\u00e9ficier d\u2019abattements sp\u00e9cifiques comme les assistantes maternelles, les assistants familiaux agr\u00e9\u00e9s ou les <a href=\"https:\/\/www.20minutes.fr\/dossier\/journaliste\" class=\"c-link c-link--is-underlined\" rel=\"nofollow noopener\" target=\"_blank\">journalistes<\/a>. Il faut remplir la ligne 1AJ et remplir le montant de l\u2019abattement \u00e0 la ligne 1GA.<\/p>\n<p>Garde d\u2019enfants<\/p>\n<p>La garde d\u2019enfants est \u00e9galement sp\u00e9cifique. Les salaires d\u00e9clar\u00e9s pour une garde de nourrice \u00e0 domicile sont pr\u00e9remplis \u00e0 la ligne 7DB. Pour la garde d\u2019un enfant de moins de 6 ans \u00e0 l\u2019ext\u00e9rieur, la ligne 7GA doit \u00eatre renseign\u00e9e. Des avantages existent pour les enfants scolaris\u00e9s, \u00e0 la ligne 7EA-7EF de la rubrique \u00ab\u00a0r\u00e9ductions et cr\u00e9dits d\u2019imp\u00f4t\u00a0\u00bb\u00a0: 61 euros de r\u00e9duction pour un <a href=\"https:\/\/www.20minutes.fr\/dossier\/college\" class=\"c-link c-link--is-underlined\" rel=\"nofollow noopener\" target=\"_blank\">coll\u00e9gien<\/a>, 153 euros pour un <a href=\"https:\/\/www.20minutes.fr\/dossier\/lyceen\" class=\"c-link c-link--is-underlined\" rel=\"nofollow noopener\" target=\"_blank\">lyc\u00e9en<\/a> et 183 euros pour un \u00e9tudiant.<\/p>\n<p>B\u00e9n\u00e9ficier de r\u00e9ductions et de cr\u00e9dits d\u2019imp\u00f4ts<\/p>\n<p>Dans le cadre de l\u2019emploi \u00e0 domicile, il est possible de b\u00e9n\u00e9ficier d\u2019un cr\u00e9dit d\u2019imp\u00f4t du service \u00e0 la personne de 50\u00a0%, atteignant jusqu\u2019\u00e0 12.000 euros par an. \u00c0 retrouver case 7DB. Nouveaut\u00e9 cette ann\u00e9e\u00a0: transmettre via l\u2019annexe 2042 RICI le nom de l\u2019organisme ou la personne morale\/physique qui a r\u00e9alis\u00e9 le service.<\/p>\n<\/p>\n<p>Enfin, il ne faut pas oublier de d\u00e9clarer les dons aux associations qui permettent de b\u00e9n\u00e9ficier d\u2019une r\u00e9duction d\u2019imp\u00f4t selon le type d\u2019organisme. Cela concerne aussi les dons aux partis politiques ou ceux visant \u00e0 sauvegarder le patrimoine religieux. M\u00eame constat en cas d\u2019adh\u00e9sion \u00e0 un syndicat professionnel repr\u00e9sentatif. Le montant de la cotisation doit \u00eatre d\u00e9clar\u00e9 pour obtenir un cr\u00e9dit d\u2019imp\u00f4t.<\/p>\n","protected":false},"excerpt":{"rendered":"La campagne de d\u00e9claration des revenus de l\u2019ann\u00e9e\u00a02025 a d\u00e9but le 9\u00a0avril et s\u2019ach\u00e8vera d\u2019ici quelques semaines. Si&hellip;\n","protected":false},"author":2,"featured_media":901036,"comment_status":"","ping_status":"","sticky":false,"template":"","format":"standard","meta":{"footnotes":"","_share_on_mastodon":"0"},"categories":[4],"tags":[47,11,5845,33,526,1011,27,139,342,12,25,104],"class_list":["post-901035","post","type-post","status-publish","format-standard","has-post-thumbnail","category-france","tag-actualite","tag-actualites","tag-declaration-dimpots","tag-economie","tag-fiscalite","tag-fr","tag-france","tag-impot-sur-le-revenu","tag-impots","tag-news","tag-republique-francaise","tag-societe"],"share_on_mastodon":{"url":"https:\/\/pubeurope.com\/@fr\/116489843354580801","error":""},"_links":{"self":[{"href":"https:\/\/www.europesays.com\/fr\/wp-json\/wp\/v2\/posts\/901035","targetHints":{"allow":["GET"]}}],"collection":[{"href":"https:\/\/www.europesays.com\/fr\/wp-json\/wp\/v2\/posts"}],"about":[{"href":"https:\/\/www.europesays.com\/fr\/wp-json\/wp\/v2\/types\/post"}],"author":[{"embeddable":true,"href":"https:\/\/www.europesays.com\/fr\/wp-json\/wp\/v2\/users\/2"}],"replies":[{"embeddable":true,"href":"https:\/\/www.europesays.com\/fr\/wp-json\/wp\/v2\/comments?post=901035"}],"version-history":[{"count":0,"href":"https:\/\/www.europesays.com\/fr\/wp-json\/wp\/v2\/posts\/901035\/revisions"}],"wp:featuredmedia":[{"embeddable":true,"href":"https:\/\/www.europesays.com\/fr\/wp-json\/wp\/v2\/media\/901036"}],"wp:attachment":[{"href":"https:\/\/www.europesays.com\/fr\/wp-json\/wp\/v2\/media?parent=901035"}],"wp:term":[{"taxonomy":"category","embeddable":true,"href":"https:\/\/www.europesays.com\/fr\/wp-json\/wp\/v2\/categories?post=901035"},{"taxonomy":"post_tag","embeddable":true,"href":"https:\/\/www.europesays.com\/fr\/wp-json\/wp\/v2\/tags?post=901035"}],"curies":[{"name":"wp","href":"https:\/\/api.w.org\/{rel}","templated":true}]}}