{"id":90114,"date":"2025-05-10T19:57:08","date_gmt":"2025-05-10T19:57:08","guid":{"rendered":"https:\/\/www.europesays.com\/fr\/90114\/"},"modified":"2025-05-10T19:57:08","modified_gmt":"2025-05-10T19:57:08","slug":"les-negociations-entre-la-chine-et-les-etats-unis-suspendues-jusqua-dimanche","status":"publish","type":"post","link":"https:\/\/www.europesays.com\/fr\/90114\/","title":{"rendered":"les n\u00e9gociations entre la Chine et les \u00c9tats-Unis suspendues jusqu&rsquo;\u00e0 dimanche"},"content":{"rendered":"<p class=\"fig-paragraph\">Les pourparlers entre la Chine et les \u00c9tats-Unis \u00e0 Gen\u00e8ve pour tenter de r\u00e9soudre la<a href=\"http:\/\/www.lefigaro.fr\/conjoncture\/dossier\/droits-de-douane-americains-notre-dossier-pour-tout-comprendre\" data-fig-type=\"Topic\" data-gtm-custom-categorie=\"navigation\" data-gtm-custom-action=\"crossclick\" data-gtm-custom-label=\"Contextuel\" data-gtm-event=\"customEventSPE\" data-fig-domain=\"LEFIGARO\" target=\"_blank\" rel=\"noopener\">\u00a0guerre commerciale<\/a>\u00a0\u00e0 laquelle se livrent les deux pays ont \u00e9t\u00e9 suspendus samedi et reprendront dimanche matin, a appris l&rsquo;AFP d&rsquo;une source proche du dossier.<\/p>\n<p class=\"fig-paragraph\">Le Secr\u00e9taire am\u00e9ricain au Tr\u00e9sor Scott Bessent, le Repr\u00e9sentant au Commerce Jamieson Greer et le vice-premier ministre chinois He Lifeng ont discut\u00e9 durant plusieurs heures samedi lors d&rsquo;une r\u00e9union \u00e0 huis clos. \u00abUne \u00e9tape importante\u00bb dans \u00abla r\u00e9solution du contentieux\u00bb, avait indiqu\u00e9 plus t\u00f4t l&rsquo;agence de presse officielle chinoise Xinhua.<\/p>\n","protected":false},"excerpt":{"rendered":"Les pourparlers entre la Chine et les \u00c9tats-Unis \u00e0 Gen\u00e8ve pour tenter de r\u00e9soudre la\u00a0guerre commerciale\u00a0\u00e0 laquelle se&hellip;\n","protected":false},"author":2,"featured_media":90115,"comment_status":"","ping_status":"","sticky":false,"template":"","format":"standard","meta":{"footnotes":""},"categories":[1589],"tags":[1111,47,11,1117,1109,309,1112,636,341,257,73,1866,632,1108,107,1106,1107,1119,1074,1116,1110,1114,500,12,1113,1118,137,401,1115,1864,1865,1863,308],"class_list":{"0":"post-90114","1":"post","2":"type-post","3":"status-publish","4":"format-standard","5":"has-post-thumbnail","7":"category-etats-unis","8":"tag-actu","9":"tag-actualite","10":"tag-actualites","11":"tag-assurance","12":"tag-breves","13":"tag-chine","14":"tag-depeches","15":"tag-devises","16":"tag-emploi","17":"tag-entreprise","18":"tag-etats-unis","19":"tag-etats-unis-damerique","20":"tag-fcp","21":"tag-fil","22":"tag-fil-info","23":"tag-flash","24":"tag-flash-actu","25":"tag-formation","26":"tag-guerre-commerciale","27":"tag-immobilier","28":"tag-informations","29":"tag-infos","30":"tag-medias","31":"tag-news","32":"tag-nouvelles","33":"tag-placement","34":"tag-retraite","35":"tag-sicav","36":"tag-taux","37":"tag-united-states","38":"tag-united-states-of-america","39":"tag-us","40":"tag-usa"},"share_on_mastodon":{"url":"https:\/\/pubeurope.com\/@fr\/114485306702729323","error":""},"_links":{"self":[{"href":"https:\/\/www.europesays.com\/fr\/wp-json\/wp\/v2\/posts\/90114","targetHints":{"allow":["GET"]}}],"collection":[{"href":"https:\/\/www.europesays.com\/fr\/wp-json\/wp\/v2\/posts"}],"about":[{"href":"https:\/\/www.europesays.com\/fr\/wp-json\/wp\/v2\/types\/post"}],"author":[{"embeddable":true,"href":"https:\/\/www.europesays.com\/fr\/wp-json\/wp\/v2\/users\/2"}],"replies":[{"embeddable":true,"href":"https:\/\/www.europesays.com\/fr\/wp-json\/wp\/v2\/comments?post=90114"}],"version-history":[{"count":0,"href":"https:\/\/www.europesays.com\/fr\/wp-json\/wp\/v2\/posts\/90114\/revisions"}],"wp:featuredmedia":[{"embeddable":true,"href":"https:\/\/www.europesays.com\/fr\/wp-json\/wp\/v2\/media\/90115"}],"wp:attachment":[{"href":"https:\/\/www.europesays.com\/fr\/wp-json\/wp\/v2\/media?parent=90114"}],"wp:term":[{"taxonomy":"category","embeddable":true,"href":"https:\/\/www.europesays.com\/fr\/wp-json\/wp\/v2\/categories?post=90114"},{"taxonomy":"post_tag","embeddable":true,"href":"https:\/\/www.europesays.com\/fr\/wp-json\/wp\/v2\/tags?post=90114"}],"curies":[{"name":"wp","href":"https:\/\/api.w.org\/{rel}","templated":true}]}}