{"id":90132,"date":"2025-05-10T20:07:15","date_gmt":"2025-05-10T20:07:15","guid":{"rendered":"https:\/\/www.europesays.com\/fr\/90132\/"},"modified":"2025-05-10T20:07:15","modified_gmt":"2025-05-10T20:07:15","slug":"super-xiii-albi-de-retour-en-finale-de-super-xiii-apres-sa-victoire-face-a-limoux-rugby-a-xiii","status":"publish","type":"post","link":"https:\/\/www.europesays.com\/fr\/90132\/","title":{"rendered":"Super XIII &#8211; Albi de retour en finale de Super XIII apr\u00e8s sa victoire face \u00e0 Limoux &#8211; Rugby \u00e0 XIII"},"content":{"rendered":"<p style=\"text-align: justify;\"><strong>Dans une demi-finale intense, les Albigeois s\u2019imposent 26-8 face \u00e0 Limoux et retrouvent la finale de Super XIII pour la deuxi\u00e8me saison cons\u00e9cutive.<\/strong><\/p>\n<p style=\"text-align: justify;\">Tombeurs surprise de Pia au stade Daniel-Ambert le week-end pass\u00e9, les Limouxins se d\u00e9placent sur la pelouse du vainqueur de la phase r\u00e9guli\u00e8re, Albi.<\/p>\n<p>Albi se met \u00e0 l\u2019abri<\/p>\n<p style=\"text-align: justify;\">Les locaux donnent rapidement le ton. Dans le sillage d\u2019un Corentin Le Cam intenable, les Albigeois se montrent dangereux d\u00e8s l\u2019entame de match. Pass\u00e9 le round d\u2019observation, Tony Gigot et les siens s\u2019activent \u00e0 d\u00e9bloquer le tableau d\u2019affichage. Dans son couloir, Cl\u00e9ment Tailhades fait parler sa puissance et marque en force (12\u2032), 4-0.<\/p>\n<p style=\"text-align: justify;\">Albi continue de harceler son adversaire du jour et Ben Shea fait lui aussi parler sa puissance pour faire un mini-break albigeois (17\u2032). 10-0 apr\u00e8s la transformation de Tony Gigot. Limoux tente de sortir la t\u00eate de l\u2019eau et parvient \u00e0 colmater la br\u00e8che quelque temps avant que Tony Gigot mette sur orbite son centre Cl\u00e9ment Tailhades qui marque un doubl\u00e9 (28\u2032), 16-0.<\/p>\n<p style=\"text-align: justify;\">On approche de la mi-temps et Limoux refuse de rentrer aux vestiaires sans avoir ouvert son compteur. Sur un coup de pied rasant de Matis Dall\u2019asta, Romain Puso est le premier \u00e0 aplatir le ballon dans l\u2019en-but albigeois (36\u2032), 16-4.<\/p>\n<p>Albi trop fort pour Limoux<\/p>\n<p style=\"text-align: justify;\">Mais apr\u00e8s la pause, les Grizzlies sortent des vestiaires avec de bien meilleures intentions. Morgan McWirther profite d\u2019une faute de main des tarnais pour relancer les Blanquetiers dans cette demi-finale (48\u2032), 16-8.<\/p>\n<p style=\"text-align: justify;\">Limoux revigor\u00e9, pousse de plus en plus pour revenir. Les hommes de Maxime Gr\u00e9s\u00e8que asphyxient leurs adversaires et les privent de ballon. Mais, \u00e0 l\u2019heure de jeu, sur une action banale, Maxime Rostang d\u00e9marre derri\u00e8re le tenu et prend toute la d\u00e9fense audoise \u00e0 revers (60\u2032). Tony Gigot met les siens \u00e0 l\u2019abri, 22-8.<\/p>\n<p style=\"text-align: justify;\">L\u2019heure tourne et Albi a repris du poil de la b\u00eate. Tony Gigot joue intelligemment le coup petit c\u00f4t\u00e9 et offre l\u2019essai du break \u00e0 Adrien Salies (69\u2032). 26-8 et les Albigeois qui prennent une s\u00e9rieuse option.<\/p>\n<p style=\"text-align: justify;\">Le score n\u2019\u00e9voluera plus et les Tarnais s\u2019imposent 26-8. Les hommes de Joris Canton retrouvent la finale de Super XIII pour la deuxi\u00e8me saison cons\u00e9cutive et iront d\u00e9fier le vainqueur de la seconde demi-finale opposant Carcassonne \u00e0 Villeneuve-sur-Lot.<\/p>\n<blockquote class=\"instagram-media\" data-instgrm-captioned=\"\" data-instgrm-permalink=\"https:\/\/www.instagram.com\/p\/DJeyvMQS3LX\/?utm_source=ig_embed&amp;utm_campaign=loading\" data-instgrm-version=\"14\" style=\" background:#FFF; border:0; border-radius:3px; box-shadow:0 0 1px 0 rgba(0,0,0,0.5),0 1px 10px 0 rgba(0,0,0,0.15); margin: 1px; max-width:500px; min-width:326px; padding:0; width:99.375%; width:-webkit-calc(100% - 2px); width:calc(100% - 2px);\">\n<\/blockquote>\n<p style=\"text-align: justify;\"><strong>Treize Mondial<br \/><a href=\"https:\/\/www.facebook.com\/13Mondial\" target=\"_blank\" rel=\"noopener\"><img loading=\"lazy\" decoding=\"async\" class=\"alignnone wp-image-217097\" src=\"https:\/\/www.europesays.com\/fr\/wp-content\/uploads\/2025\/04\/logo-facebook.png\" alt=\"\" width=\"40\" height=\"40\"  \/><\/a> <a href=\"https:\/\/twitter.com\/XIIIMondial\" target=\"_blank\" rel=\"noopener\"><img loading=\"lazy\" decoding=\"async\" class=\"alignnone wp-image-217098\" src=\"https:\/\/www.europesays.com\/fr\/wp-content\/uploads\/2025\/04\/logo-twitter.png\" alt=\"\" width=\"39\" height=\"39\"  \/><\/a><\/strong><\/p>\n<p>        <script async src=\"https:\/\/platform.twitter.com\/widgets.js\" charset=\"utf-8\"><\/script><script async src=\"\/\/www.instagram.com\/embed.js\"><\/script><\/p>\n","protected":false},"excerpt":{"rendered":"Dans une demi-finale intense, les Albigeois s\u2019imposent 26-8 face \u00e0 Limoux et retrouvent la finale de Super XIII&hellip;\n","protected":false},"author":2,"featured_media":90133,"comment_status":"","ping_status":"","sticky":false,"template":"","format":"standard","meta":{"footnotes":""},"categories":[1416],"tags":[20088,1011,27,479,2228,1468,2229,60,2231,7305],"class_list":{"0":"post-90132","1":"post","2":"type-post","3":"status-publish","4":"format-standard","5":"has-post-thumbnail","7":"category-rugby","8":"tag-albi-rl-xiii","9":"tag-fr","10":"tag-france","11":"tag-rugby","12":"tag-rugby-a-xiii","13":"tag-rugby-football","14":"tag-rugby-league","15":"tag-sports","16":"tag-super-xiii","17":"tag-xiii-limouxin"},"share_on_mastodon":{"url":"https:\/\/pubeurope.com\/@fr\/114485345982186678","error":""},"_links":{"self":[{"href":"https:\/\/www.europesays.com\/fr\/wp-json\/wp\/v2\/posts\/90132","targetHints":{"allow":["GET"]}}],"collection":[{"href":"https:\/\/www.europesays.com\/fr\/wp-json\/wp\/v2\/posts"}],"about":[{"href":"https:\/\/www.europesays.com\/fr\/wp-json\/wp\/v2\/types\/post"}],"author":[{"embeddable":true,"href":"https:\/\/www.europesays.com\/fr\/wp-json\/wp\/v2\/users\/2"}],"replies":[{"embeddable":true,"href":"https:\/\/www.europesays.com\/fr\/wp-json\/wp\/v2\/comments?post=90132"}],"version-history":[{"count":0,"href":"https:\/\/www.europesays.com\/fr\/wp-json\/wp\/v2\/posts\/90132\/revisions"}],"wp:featuredmedia":[{"embeddable":true,"href":"https:\/\/www.europesays.com\/fr\/wp-json\/wp\/v2\/media\/90133"}],"wp:attachment":[{"href":"https:\/\/www.europesays.com\/fr\/wp-json\/wp\/v2\/media?parent=90132"}],"wp:term":[{"taxonomy":"category","embeddable":true,"href":"https:\/\/www.europesays.com\/fr\/wp-json\/wp\/v2\/categories?post=90132"},{"taxonomy":"post_tag","embeddable":true,"href":"https:\/\/www.europesays.com\/fr\/wp-json\/wp\/v2\/tags?post=90132"}],"curies":[{"name":"wp","href":"https:\/\/api.w.org\/{rel}","templated":true}]}}