{"id":901561,"date":"2026-04-30T02:07:24","date_gmt":"2026-04-30T02:07:24","guid":{"rendered":"https:\/\/www.europesays.com\/fr\/901561\/"},"modified":"2026-04-30T02:07:24","modified_gmt":"2026-04-30T02:07:24","slug":"pas-dequipement-militaire-au-defile-du-jour-de-la-victoire-a-moscou-cette-annee","status":"publish","type":"post","link":"https:\/\/www.europesays.com\/fr\/901561\/","title":{"rendered":"Pas d&rsquo;\u00e9quipement militaire au d\u00e9fil\u00e9 du Jour de la Victoire \u00e0 Moscou cette ann\u00e9e"},"content":{"rendered":"<p>Le d\u00e9fil\u00e9 traditionnel russe marquant la d\u00e9faite de l\u2019Allemagne nazie lors de la Seconde Guerre mondiale aura lieu la semaine prochaine sans chars, ni missiles, ni autre mat\u00e9riel militaire, a indiqu\u00e9 le minist\u00e8re russe de la D\u00e9fense dans un communiqu\u00e9. <\/p>\n<p>Ce sera la premi\u00e8re fois en pr\u00e8s de deux d\u00e9cennies \u2014 et depuis le d\u00e9but de la guerre men\u00e9e par la Russie en Ukraine il y a quatre ans \u2014 qu\u2019aucun \u00e9quipement militaire ne d\u00e9filera sur la Place Rouge de Moscou le 9\u00a0mai, jour o\u00f9 la Russie c\u00e9l\u00e8bre sa f\u00eate la\u00efque la plus importante.<\/p>\n<p>Le Kremlin se sert de cette f\u00eate pour mettre en avant sa puissance militaire et son influence mondiale; il s\u2019agit d\u2019une source de fiert\u00e9 patriotique.<\/p>\n<p>Depuis 2008, les d\u00e9fil\u00e9s du Jour de la Victoire sur la Place Rouge ont chaque ann\u00e9e mis en sc\u00e8ne du mat\u00e9riel militaire et divers types d\u2019armement. Des d\u00e9fil\u00e9s de moindre envergure sont organis\u00e9s ailleurs dans le pays, notamment dans des villes comme Saint-P\u00e9tersbourg.<\/p>\n<p>Le minist\u00e8re a invoqu\u00e9 la \u00absituation op\u00e9rationnelle actuelle\u00bb pour justifier l\u2019exclusion du mat\u00e9riel militaire, et des cadets, du d\u00e9fil\u00e9 de cette ann\u00e9e marquant le 81e\u00a0anniversaire de la victoire. <\/p>\n<p>L\u2019Ukraine a lanc\u00e9 des attaques de drones en profondeur sur le territoire russe pour contrer l\u2019invasion de Moscou, qui dure depuis plus de quatre ans.<\/p>\n<p>Si le minist\u00e8re n\u2019a pas donn\u00e9 plus de d\u00e9tails, le porte-parole du Kremlin, Dmitri Peskov, a quant \u00e0 lui accus\u00e9 mercredi l\u2019Ukraine \u00abd\u2019activit\u00e9s terroristes\u00bb, faisant apparemment r\u00e9f\u00e9rence aux frappes de drones.<\/p>\n<p>Ces derniers mois, les attaques ont atteint des sites situ\u00e9s en profondeur sur le territoire russe, comme le port balte d\u2019Oust-Louga au nord de Moscou, la r\u00e9gion de Samara pr\u00e8s de la fronti\u00e8re avec le Kazakhstan, et la r\u00e9gion de Perm dans les montagnes de l\u2019Oural.<\/p>\n<p>\u00abToutes les mesures sont prises pour minimiser le danger\u00bb, a-t-il d\u00e9clar\u00e9 aux journalistes.<\/p>\n<p>Le d\u00e9fil\u00e9 mettra en vedette \u00abdes militaires issus de toutes sortes d\u2019\u00e9tablissements d\u2019enseignement militaire sup\u00e9rieur et de certaines branches des forces arm\u00e9es russes\u00bb, ainsi qu\u2019un survol traditionnel d\u2019avions militaires, a indiqu\u00e9 le minist\u00e8re.<\/p>\n<p>Le pr\u00e9sident russe Vladimir Poutine aurait dit au pr\u00e9sident am\u00e9ricain Donald Trump, lors d\u2019un entretien t\u00e9l\u00e9phonique mercredi, qu\u2019il \u00e9tait pr\u00eat \u00e0 conclure un cessez-le-feu avec l\u2019Ukraine pour la f\u00eate du Jour de la Victoire, selon le conseiller pr\u00e9sidentiel Youri Ouchakov.<\/p>\n<p>M.\u00a0Ouchakov a rapport\u00e9 que M.\u00a0Trump avait soutenu cette id\u00e9e, car cette f\u00eate comm\u00e9more \u00abnotre victoire commune sur le fascisme\u00bb lors de la Seconde Guerre mondiale.<\/p>\n<p><b>Renforcer la fiert\u00e9 nationale<\/b><\/p>\n<p>La Seconde Guerre mondiale reste l\u2019un des rares points de consensus dans l\u2019histoire controvers\u00e9e du pays sous le r\u00e9gime communiste. Le Kremlin a mis \u00e0 profit ce sentiment pour encourager la fiert\u00e9 nationale et souligner la position de la Russie en tant que puissance mondiale.<\/p>\n<p>L\u2019Union sovi\u00e9tique a perdu 27\u00a0millions de personnes lors de ce qu\u2019elle appelle la Grande Guerre patriotique de 1941-1945, un sacrifice \u00e9norme qui a laiss\u00e9 une profonde cicatrice dans la psych\u00e9 du pays.<\/p>\n<p>Le pr\u00e9sident Vladimir Poutine, qui dirige la Russie depuis plus de 25\u00a0ans, a fait du Jour de la Victoire un pilier central de sa politique, tentant entre autres de s\u2019en servir pour justifier la guerre en Ukraine.<\/p>\n<p>\u00abTraditionnellement, le d\u00e9fil\u00e9 de chars, de syst\u00e8mes de missiles et d\u2019autres \u00e9quipements militaires sur la Place Rouge a toujours \u00e9t\u00e9 au c\u0153ur de ces c\u00e9l\u00e9brations, offrant un spectacle impressionnant et renfor\u00e7ant l\u2019image de la Russie en tant qu\u2019h\u00e9riti\u00e8re de la victoire sovi\u00e9tique lors de la Seconde Guerre mondiale\u00bb, a expliqu\u00e9 Natia Seskuria, chercheuse associ\u00e9e au Royal United Services Institute. <\/p>\n<p>\u00abLa suppression de cet \u00e9l\u00e9ment important affaiblit la valeur propagandiste de l\u2019\u00e9v\u00e9nement, en particulier pour le public national, car elle r\u00e9duit l\u2019un des symboles les plus visibles de la puissance russe et de son prestige militaire\u00bb, a-t-elle fait valoir \u00e0 l\u2019Associated Press. <\/p>\n<p>Les pr\u00e9occupations en mati\u00e8re de s\u00e9curit\u00e9 constituent l\u2019explication la plus probable, a avanc\u00e9 Mme\u00a0Seskuria.<\/p>\n<p>Mais il pourrait \u00e9galement y avoir des consid\u00e9rations militaires pratiques, \u00abnotamment la n\u00e9cessit\u00e9 de pr\u00e9server le mat\u00e9riel, d\u2019\u00e9viter de mettre en \u00e9vidence les pertes sur le champ de bataille et de r\u00e9duire l\u2019exposition des ressources militaires pr\u00e9cieuses\u00bb, a-t-elle indiqu\u00e9.<\/p>\n<p>\u00abCette d\u00e9cision traduit davantage une certaine vuln\u00e9rabilit\u00e9 qu\u2019une force, car, m\u00eame l\u2019ann\u00e9e derni\u00e8re, la Russie avait pr\u00e9sent\u00e9 toute une gamme de nouveaux chars et drones devant les dirigeants mondiaux invit\u00e9s\u00bb a avanc\u00e9 la chercheuse. <\/p>\n","protected":false},"excerpt":{"rendered":"Le d\u00e9fil\u00e9 traditionnel russe marquant la d\u00e9faite de l\u2019Allemagne nazie lors de la Seconde Guerre mondiale aura lieu&hellip;\n","protected":false},"author":2,"featured_media":901562,"comment_status":"","ping_status":"","sticky":false,"template":"","format":"standard","meta":{"footnotes":"","_share_on_mastodon":"0"},"categories":[1591],"tags":[11,1887,11621,49480,1854,4576,12,1885,1886,132],"class_list":["post-901561","post","type-post","status-publish","format-standard","has-post-thumbnail","category-russie","tag-actualites","tag-federation-de-russie","tag-https-lactualite-com-sujet-defense","tag-https-lactualite-com-sujet-insolite","tag-https-lactualite-com-sujet-international","tag-https-lactualite-com-sujet-politique","tag-news","tag-russia","tag-russian-federation","tag-russie"],"share_on_mastodon":{"url":"https:\/\/pubeurope.com\/@fr\/116491219456299295","error":""},"_links":{"self":[{"href":"https:\/\/www.europesays.com\/fr\/wp-json\/wp\/v2\/posts\/901561","targetHints":{"allow":["GET"]}}],"collection":[{"href":"https:\/\/www.europesays.com\/fr\/wp-json\/wp\/v2\/posts"}],"about":[{"href":"https:\/\/www.europesays.com\/fr\/wp-json\/wp\/v2\/types\/post"}],"author":[{"embeddable":true,"href":"https:\/\/www.europesays.com\/fr\/wp-json\/wp\/v2\/users\/2"}],"replies":[{"embeddable":true,"href":"https:\/\/www.europesays.com\/fr\/wp-json\/wp\/v2\/comments?post=901561"}],"version-history":[{"count":0,"href":"https:\/\/www.europesays.com\/fr\/wp-json\/wp\/v2\/posts\/901561\/revisions"}],"wp:featuredmedia":[{"embeddable":true,"href":"https:\/\/www.europesays.com\/fr\/wp-json\/wp\/v2\/media\/901562"}],"wp:attachment":[{"href":"https:\/\/www.europesays.com\/fr\/wp-json\/wp\/v2\/media?parent=901561"}],"wp:term":[{"taxonomy":"category","embeddable":true,"href":"https:\/\/www.europesays.com\/fr\/wp-json\/wp\/v2\/categories?post=901561"},{"taxonomy":"post_tag","embeddable":true,"href":"https:\/\/www.europesays.com\/fr\/wp-json\/wp\/v2\/tags?post=901561"}],"curies":[{"name":"wp","href":"https:\/\/api.w.org\/{rel}","templated":true}]}}