{"id":90164,"date":"2025-05-10T20:25:11","date_gmt":"2025-05-10T20:25:11","guid":{"rendered":"https:\/\/www.europesays.com\/fr\/90164\/"},"modified":"2025-05-10T20:25:11","modified_gmt":"2025-05-10T20:25:11","slug":"les-pourparlers-chine-usa-etape-importante-pour-la-desescalade-commerciale-reprendront-dimanche-10-05-2025-a-2101","status":"publish","type":"post","link":"https:\/\/www.europesays.com\/fr\/90164\/","title":{"rendered":"Les pourparlers Chine-USA, \u00ab\u00a0\u00e9tape importante\u00a0\u00bb pour la \u00ab\u00a0d\u00e9sescalade\u00a0\u00bb commerciale, reprendront dimanche &#8211; 10\/05\/2025 \u00e0 21:01"},"content":{"rendered":"<p>        <img fetchpriority=\"high\" decoding=\"async\" src=\"https:\/\/www.europesays.com\/fr\/wp-content\/uploads\/2025\/05\/f27974e00dce3e8289fd13dbd555d038-760x507.jpg\" alt=\"Le secr\u00e9taire am\u00e9ricain au Tr\u00e9sor Scott Bessent quitte son h\u00f4tel pour se rendre \u00e0 une r\u00e9union avec des responsables chinois sur les droits de douane \u00e0 Gen\u00e8ve, le 10 mai 2025 ( AFP \/ Fabrice COFFRINI )\" loading=\"eager\" width=\"760\" height=\"507\" style=\"max-width: 100%!important; height: auto;\"\/><\/p>\n<p class=\"c-image-news__legend\">Le secr\u00e9taire am\u00e9ricain au Tr\u00e9sor Scott Bessent quitte son h\u00f4tel pour se rendre \u00e0 une r\u00e9union avec des responsables chinois sur les droits de douane \u00e0 Gen\u00e8ve, le 10 mai 2025 ( AFP \/ Fabrice COFFRINI )<\/p>\n<p>\n Les pourparlers entre la Chine et les \u00c9tats-Unis \u00e0 Gen\u00e8ve pour tenter de r\u00e9soudre la guerre commerciale que se livrent les deux pays ont \u00e9t\u00e9 suspendus samedi et reprendront dimanche matin.\n<\/p>\n<p>\n La Chine avait jug\u00e9 plus t\u00f4t dans la journ\u00e9e que ces premi\u00e8res discussions commerciales avec les \u00c9tats-Unis depuis le d\u00e9clenchement de la guerre commerciale par Donald Trump, entam\u00e9es samedi en Suisse, \u00e9taient \u00ab\u00a0une \u00e9tape importante\u00a0\u00bb.\n<\/p>\n<p>\n Signe de l&rsquo;importance des enjeux, les deux capitales ont envoy\u00e9 des repr\u00e9sentants de haut rang \u00e0 Gen\u00e8ve ce weekend pour ces tractations: le Secr\u00e9taire am\u00e9ricain au Tr\u00e9sor Scott Bessent, le Repr\u00e9sentant au Commerce Jamieson Greer et le vice-Premier ministre chinois He Lifeng.\n<\/p>\n<p>\n \u00ab\u00a0Le contact \u00e9tabli en Suisse est une \u00e9tape importante dans la promotion de la r\u00e9solution du contentieux\u00a0\u00bb, selon un commentaire publi\u00e9 par l&rsquo;agence de presse officielle Xinhua, sans fournir plus de d\u00e9tails sur l&rsquo;avancement des n\u00e9gociations.\n<\/p>\n<p>\n Interpell\u00e9 par l&rsquo;AFP samedi \u00e0 son d\u00e9part pour la r\u00e9union, Scott Bessent n&rsquo;a fait aucun commentaire. La d\u00e9l\u00e9gation am\u00e9ricaine ne s&rsquo;est pas non plus exprim\u00e9e.\n<\/p>\n<p>\n Les discussions avaient commenc\u00e9 en milieu de matin\u00e9e samedi dans la villa cossue du Repr\u00e9sentant permanent de la Suisse aupr\u00e8s des Nations unies \u00e0 Gen\u00e8ve. Une source proche du dossier a indiqu\u00e9 que les n\u00e9gociations \u00e9taient interrompues pour la journ\u00e9e peu apr\u00e8s 20H00 (18H00 GMT). Elles reprendront dimanche.\n<\/p>\n<p> &#8211; \u00ab\u00a0Un pas positif\u00a0\u00bb &#8211;<\/p>\n<p>\n Vendredi, Donald Trump avait fait un geste en sugg\u00e9rant d&rsquo;abaisser \u00e0 80% les droits de douane punitifs qu&rsquo;il a lui-m\u00eame impos\u00e9s sur les produits chinois.\n<\/p>\n<p>\n \u00ab\u00a0Le pr\u00e9sident aimerait r\u00e9gler le probl\u00e8me avec la Chine. Comme il l&rsquo;a dit, il aimerait apaiser la situation\u00a0\u00bb, a assur\u00e9 vendredi soir le secr\u00e9taire au Commerce Howard Lutnick sur Fox News.\n<\/p>\n<p>        <img decoding=\"async\" src=\"https:\/\/www.europesays.com\/fr\/wp-content\/uploads\/2025\/05\/ccc5840d256bbfa4b4759dac44bbc47b-760x507.jpg\" alt=\"La villa  du Repr\u00e9sentant permanent de la Suisse aupr\u00e8s des Nations unies \u00e0 Gen\u00e8ve o\u00f9 se tiennent qui accueille les discussions entre les hauts fonctionnaires am\u00e9ricains et chinois sur les droits de douane, le 10 mai 2025 ( AFP \/ Fabrice COFFRINI )\" loading=\"eager\" width=\"760\" height=\"507\" style=\"max-width: 100%!important; height: auto;\"\/><\/p>\n<p class=\"c-image-news__legend\">La villa  du Repr\u00e9sentant permanent de la Suisse aupr\u00e8s des Nations unies \u00e0 Gen\u00e8ve o\u00f9 se tiennent qui accueille les discussions entre les hauts fonctionnaires am\u00e9ricains et chinois sur les droits de douane, le 10 mai 2025 ( AFP \/ Fabrice COFFRINI )<\/p>\n<p>\n Le geste reste symbolique, car \u00e0 ce niveau les droits de douane ne seraient toujours pas supportables pour la plupart des exportations chinoises vers les \u00c9tats-Unis.\n<\/p>\n<p>\n Depuis son retour \u00e0 la Maison-Blanche en janvier, Donald Trump a fait des droits de douane une arme politique. Il a impos\u00e9 une surtaxe de 145% sur les marchandises venant de Chine, en plus des droits de douane pr\u00e9existants.\n<\/p>\n<p>\n P\u00e9kin, qui a promis de combattre \u00ab\u00a0jusqu&rsquo;au bout\u00a0\u00bb les surtaxes de Donald Trump, a ripost\u00e9 avec 125% de droits de douane sur les produits am\u00e9ricains.\n<\/p>\n<p>\n R\u00e9sultat: les \u00e9changes bilat\u00e9raux sont pratiquement \u00e0 l&rsquo;arr\u00eat et les march\u00e9s ont connu de violents soubresauts.\n<\/p>\n<p>\n Les discussions organis\u00e9es \u00e0 Gen\u00e8ve sont donc \u00ab\u00a0un pas positif et constructif vers la d\u00e9sescalade\u00a0\u00bb, a estim\u00e9 la directrice g\u00e9n\u00e9rale de l&rsquo;Organisation mondiale du commerce (OMC) Ngozi Okonjo-Iweala \u00e0 la veille des pourparlers.\n<\/p>\n<p>\n Mi-avril, elle s&rsquo;\u00e9tait montr\u00e9e \u00ab\u00a0tr\u00e8s pr\u00e9occup\u00e9e\u00a0\u00bb. Elle avait estim\u00e9 que m\u00eame si les \u00e9changes Chine-USA \u00ab\u00a0ne repr\u00e9sentaient qu&rsquo;environ 3% du commerce mondial de marchandises, un d\u00e9couplage\u00a0\u00bb de ces deux grandes \u00e9conomies \u00ab\u00a0pourrait avoir des cons\u00e9quences consid\u00e9rables\u00a0\u00bb. L&rsquo;\u00e9conomie mondiale serait alors organis\u00e9e \u00ab\u00a0selon des lignes g\u00e9opolitiques en deux blocs isol\u00e9s\u00a0\u00bb.\n<\/p>\n<p>\n La pr\u00e9sidente du pays h\u00f4te Karin Keller-Sutter en a appel\u00e9 aux forces surnaturelles. \u00ab\u00a0Hier (jeudi), le Saint-Esprit \u00e9tait \u00e0 Rome. Il faut esp\u00e9rer qu&rsquo;il descende maintenant \u00e0 Gen\u00e8ve pour le weekend\u00a0\u00bb, a-t-elle esp\u00e9r\u00e9 vendredi, en r\u00e9f\u00e9rence \u00e0 l&rsquo;\u00e9lection du pape L\u00e9on XIV.\n<\/p>\n<p> &#8211; \u00ab\u00a0Geste symbolique et provisoire\u00a0\u00bb &#8211;<\/p>\n<p>\n Le vice-Premier ministre chinois a sembl\u00e9 arriver \u00e0 Gen\u00e8ve avec un atout: P\u00e9kin a annonc\u00e9 vendredi un bond de 8,1% de ses exportations en avril, un chiffre quatre fois sup\u00e9rieur aux pr\u00e9visions des analystes, mais les exportations vers les \u00c9tats-Unis ont chut\u00e9 de pr\u00e8s de 18%.\n<\/p>\n<p>        <img decoding=\"async\" src=\"https:\/\/www.europesays.com\/fr\/wp-content\/uploads\/2025\/05\/60eef37f0f9b5351083b848cac04eccf-760x506.jpg\" alt=\"Le vice-Premier ministre chinois He Lifeng, avant des discussions sur le commerce avec le secr\u00e9taire au Tr\u00e9sor am\u00e9ricain Scott Bessent, \u00e0 Gen\u00e8ve, le 9 mai 2025 ( FDFA \/ Handout )\" loading=\"eager\" width=\"760\" height=\"506\" style=\"max-width: 100%!important; height: auto;\"\/><\/p>\n<p class=\"c-image-news__legend\">Le vice-Premier ministre chinois He Lifeng, avant des discussions sur le commerce avec le secr\u00e9taire au Tr\u00e9sor am\u00e9ricain Scott Bessent, \u00e0 Gen\u00e8ve, le 9 mai 2025 ( FDFA \/ Handout )<\/p>\n<p>\n Donald Trump \u00ab\u00a0ne va pas unilat\u00e9ralement abaisser les droits de douane sur la Chine. On doit aussi voir des concessions de leur part\u00a0\u00bb, a averti sa porte-parole, Karoline Leavitt.\n<\/p>\n<p>\n \u00ab\u00a0Un r\u00e9sultat possible des discussions en Suisse serait un accord pour suspendre la plupart, voire la totalit\u00e9, des droits de douane impos\u00e9s cette ann\u00e9e et cela pendant la dur\u00e9e des n\u00e9gociations\u00a0\u00bb bilat\u00e9rales, a d\u00e9clar\u00e9 \u00e0 l&rsquo;AFP Bonnie Glaser, qui dirige le programme Indo-Pacifique du German Marshall Fund, un cercle de r\u00e9flexion \u00e0 Washington.\n<\/p>\n<p>\n Sp\u00e9cialiste de l&rsquo;\u00e9conomie chinoise \u00e0 l&rsquo;Asia Society Policy Institute, organisation bas\u00e9e aux \u00c9tats-Unis, Lizzi Lee s&rsquo;attend \u00e0 un \u00e9ventuel \u00ab\u00a0geste symbolique et provisoire\u00a0\u00bb, qui pourrait \u00ab\u00a0apaiser les tensions, mais pas r\u00e9gler les d\u00e9saccords fondamentaux\u00a0\u00bb.\n<\/p>\n<p>\n Xu Bin, professeur \u00e0 l&rsquo;\u00e9cole de commerce international Chine Europe (CEIBS) de Shangha\u00ef ne s&rsquo;attend pas \u00e0 ce que les droits de douane reviennent \u00e0 un \u00ab\u00a0niveau raisonnable\u00a0\u00bb: \u00ab\u00a0M\u00eame si cela descend, ce sera probablement de moiti\u00e9, et, l\u00e0 encore, ce sera trop haut pour avoir des \u00e9changes commerciaux normaux.\u00a0\u00bb<\/p>\n","protected":false},"excerpt":{"rendered":"Le secr\u00e9taire am\u00e9ricain au Tr\u00e9sor Scott Bessent quitte son h\u00f4tel pour se rendre \u00e0 une r\u00e9union avec des&hellip;\n","protected":false},"author":2,"featured_media":90165,"comment_status":"","ping_status":"","sticky":false,"template":"","format":"standard","meta":{"footnotes":""},"categories":[5],"tags":[400,11,398,408,405,1011,27,403,14,402,399,404,12,401,406,407,28],"class_list":{"0":"post-90164","1":"post","2":"type-post","3":"status-publish","4":"format-standard","5":"has-post-thumbnail","7":"category-international","8":"tag-action-cac-40","9":"tag-actualites","10":"tag-bourse-de-paris","11":"tag-boursorama","12":"tag-cotations","13":"tag-fr","14":"tag-france","15":"tag-indices-devises","16":"tag-international","17":"tag-investir","18":"tag-investissement","19":"tag-marche-boursier","20":"tag-news","21":"tag-sicav","22":"tag-trackers","23":"tag-warrants","24":"tag-world"},"share_on_mastodon":{"url":"https:\/\/pubeurope.com\/@fr\/114485416761515652","error":""},"_links":{"self":[{"href":"https:\/\/www.europesays.com\/fr\/wp-json\/wp\/v2\/posts\/90164","targetHints":{"allow":["GET"]}}],"collection":[{"href":"https:\/\/www.europesays.com\/fr\/wp-json\/wp\/v2\/posts"}],"about":[{"href":"https:\/\/www.europesays.com\/fr\/wp-json\/wp\/v2\/types\/post"}],"author":[{"embeddable":true,"href":"https:\/\/www.europesays.com\/fr\/wp-json\/wp\/v2\/users\/2"}],"replies":[{"embeddable":true,"href":"https:\/\/www.europesays.com\/fr\/wp-json\/wp\/v2\/comments?post=90164"}],"version-history":[{"count":0,"href":"https:\/\/www.europesays.com\/fr\/wp-json\/wp\/v2\/posts\/90164\/revisions"}],"wp:featuredmedia":[{"embeddable":true,"href":"https:\/\/www.europesays.com\/fr\/wp-json\/wp\/v2\/media\/90165"}],"wp:attachment":[{"href":"https:\/\/www.europesays.com\/fr\/wp-json\/wp\/v2\/media?parent=90164"}],"wp:term":[{"taxonomy":"category","embeddable":true,"href":"https:\/\/www.europesays.com\/fr\/wp-json\/wp\/v2\/categories?post=90164"},{"taxonomy":"post_tag","embeddable":true,"href":"https:\/\/www.europesays.com\/fr\/wp-json\/wp\/v2\/tags?post=90164"}],"curies":[{"name":"wp","href":"https:\/\/api.w.org\/{rel}","templated":true}]}}