{"id":90166,"date":"2025-05-10T20:26:12","date_gmt":"2025-05-10T20:26:12","guid":{"rendered":"https:\/\/www.europesays.com\/fr\/90166\/"},"modified":"2025-05-10T20:26:12","modified_gmt":"2025-05-10T20:26:12","slug":"pompier-grievement-blesse-a-evian-les-bains-les-rodeos-urbains-un-fleau-complique-a-enrayer","status":"publish","type":"post","link":"https:\/\/www.europesays.com\/fr\/90166\/","title":{"rendered":"Pompier gri\u00e8vement bless\u00e9 \u00e0 \u00c9vian-les-Bains\u00a0: les rod\u00e9os urbains, un fl\u00e9au compliqu\u00e9 \u00e0 enrayer"},"content":{"rendered":"<p class=\"paragraph text_align_left\">Le t\u00e9lescopage souligne la gravit\u00e9 de la situation. Alors que le ministre de la Justice <a href=\"https:\/\/www.leparisien.fr\/politique\/gerald-darmanin\/\" target=\"_blank\" rel=\"nofollow noopener\">G\u00e9rald Darmanin<\/a> a rendu publique, vendredi, une circulaire demandant aux procureurs de la R\u00e9publique <a href=\"https:\/\/www.leparisien.fr\/faits-divers\/rodeos-urbains-darmanin-demande-la-saisie-systematiquement-des-vehicules-en-cas-de-condamnation-09-05-2025-I5WHK2ZANRBMJFESNVNWPUKXLM.php\" target=\"_blank\" rel=\"nofollow noopener\">la plus grande fermet\u00e9 contre le fl\u00e9au des rod\u00e9os urbains<\/a>, l\u2019actualit\u00e9 fournit une dramatique illustration de ce type de d\u00e9linquance routi\u00e8re.<\/p>\n<p class=\"paragraph text_align_left\">T\u00f4t, ce samedi 10 mai, \u00e0 \u00c9vian-les-Bains (Haute-Savoie), un pompier volontaire qui tentait de mettre fin aux \u00ab drifts \u00bb (survirages) bruyants et dangereux de plusieurs voitures devant la caserne <a href=\"https:\/\/www.leparisien.fr\/haute-savoie-74\/rodeo-urbain-a-evian-les-bains-un-pompier-grievement-blesse-le-conducteur-du-vehicule-age-de-19-ans-en-garde-a-vue-10-05-2025-QE4XCTS4GZD77OY37YF72R5PCU.php\" target=\"_blank\" rel=\"nofollow noopener\">a \u00e9t\u00e9 percut\u00e9 \u2014 apparemment volontairement<\/a>. Cet homme de 38 ans se trouve dans un \u00e9tat critique.<\/p>\n<p class=\"paragraph text_align_left\">La veille au soir, \u00e0 Bordeaux (Gironde), les forces de l\u2019ordre avaient d\u00fb <a href=\"https:\/\/www.leparisien.fr\/faits-divers\/un-important-rodeo-urbain-stoppe-apres-une-intervention-policiere-a-bordeaux-10-05-2025-Z7PPCGGOLRAMHFG2L4JN2CJ2UY.php\" target=\"_blank\" rel=\"nofollow noopener\">intervenir dans des conditions difficiles pour faire cesser un rod\u00e9o urbain<\/a> rassemblant environ 500 voitures et pr\u00e8s de 3 000 personnes\u2026<\/p>\n<blockquote class=\"twitter-tweet\">\n<p lang=\"fr\" dir=\"ltr\">Je demande aux procureurs de la R\u00e9publique la plus grande fermet\u00e9 contre le fl\u00e9au des rod\u00e9os urbains, qui pourrit la vie de nombreux fran\u00e7ais. Ils devront d\u00e9sormais saisir syst\u00e9matiquement les v\u00e9hicules impliqu\u00e9s dans des rod\u00e9os et, comme la loi le permet, les vendre ou les faire\u2026<\/p>\n<p>\u2014 G\u00e9rald DARMANIN (@GDarmanin) <a href=\"https:\/\/twitter.com\/GDarmanin\/status\/1920885170963439744?ref_src=twsrc%5Etfw\" rel=\"nofollow noopener\" target=\"_blank\">May 9, 2025<\/a><\/p><\/blockquote>\n<p class=\"paragraph text_align_left\">Les procureurs \u00ab devront d\u00e9sormais saisir syst\u00e9matiquement les v\u00e9hicules impliqu\u00e9s dans des rod\u00e9os et, comme la loi le permet, les vendre ou les faire d\u00e9truire avant m\u00eame le jugement. Stop \u00e0 l\u2019impunit\u00e9 ! \u00bb, avait insist\u00e9 le garde des Sceaux vendredi sur X en rappelant que ce fl\u00e9au \u00ab pourrit la vie de nombreux Fran\u00e7ais \u00bb.<\/p>\n<p>Des nuisances quasi quotidiennes avec parfois des drames \u00e0 la cl\u00e9<\/p>\n<p class=\"paragraph text_align_left\">Des nuisances quasi quotidiennes \u00e0 l\u2019\u00e9chelle du territoire, le terme urbains ne limitant pas ces rod\u00e9os aux grandes villes ou zone p\u00e9riurbaines. Avec, parfois, des drames \u00e0 la cl\u00e9. Et des vies fauch\u00e9es par l\u2019insouciance ou la volont\u00e9 d\u00e9lib\u00e9rer d\u2019enfreindre les r\u00e8gles de conduite et la loi. Les victimes sont les auteurs eux-m\u00eames ou des tierces personnes, des pi\u00e9tons le plus souvent.<\/p>\n<p class=\"lp-card-podcast-highlighting__title lp-f-subtitle-05\">L\u2019affaire Dominici\u00a0: les myst\u00e8res d\u2019un triple meurtre<\/p>\n<p class=\"lp-card-podcast-highlighting__description lp-f-ui-05\">Crime story raconte chaque semaine les grandes affaires criminelles.<\/p>\n<p><a class=\"lp-card-podcast-highlighting__call-to-action\" data-page-type=\"HP\" data-block-name=\"podcast-highlight\">\u00c9couter<\/a><\/p>\n<p class=\"paragraph text_align_left\">L\u2019un de ces cas tragiques les plus r\u00e9cents remonte \u00e0 2024 \u00e0 Brest (Finist\u00e8re). Dans la nuit du samedi 30 au dimanche 31 mars 2024, un automobiliste de 26 ans s\u2019est lanc\u00e9 dans une course sauvage sur le port, roulant \u00e0 au moins au moins 110 km\/h, et heurtant de plein fouet deux jeunes pi\u00e9tons sur un passage prot\u00e9g\u00e9.<\/p>\n<p class=\"paragraph text_align_left\">Projet\u00e9e \u00e0 plusieurs m\u00e8tres, Alice, 24 ans, a <a href=\"https:\/\/www.leparisien.fr\/faits-divers\/percutee-par-une-voiture-lors-dune-course-de-vitesse-sauvage-une-femme-de-25-ans-decede-a-brest-04-04-2024-65GHNFD7B5AZPBM24BEO7E5IJ4.php\" target=\"_blank\" rel=\"nofollow noopener\">succomb\u00e9 quelques heures apr\u00e8s le choc d\u2019une tr\u00e8s grande violence<\/a>. Le chauffard, sans permis et sous influence de stup\u00e9fiants, a \u00e9t\u00e9 <a href=\"https:\/\/www.leparisien.fr\/faits-divers\/rodeo-urbain-un-automobiliste-condamne-a-dix-ans-de-prison-pour-avoir-mortellement-fauche-une-jeune-femme-de-24-ans-05-05-2025-TSXZQPDRENCTLAZ7MIBXQ5INFU.php\" target=\"_blank\" rel=\"nofollow noopener\">condamn\u00e9 \u00e0 10 ans de prison en mai<\/a>.<\/p>\n<p>Un d\u00e9lit passible d\u2019un an de prison<\/p>\n<p class=\"paragraph text_align_left\">\u00c0 moto, \u00e0 scooter ou en voiture, le rod\u00e9o \u2014 \u00ab source de dangers et de nuisances \u00bb, r\u00e9sume un policier \u2014 n\u2019est pas un ph\u00e9nom\u00e8ne r\u00e9cent. Il a connu une recrudescence depuis la fin des ann\u00e9es 2010, tendance observ\u00e9e aujourd\u2019hui, notamment dans certains d\u00e9partements d\u2019\u00cele-de-France.<\/p>\n<p class=\"paragraph text_align_left\">En 2017, la police avait constat\u00e9 en zone urbaine pr\u00e8s de 9 000 rod\u00e9os \u2014 aussi appel\u00e9s cross bitume \u2014, selon des chiffres livr\u00e9s \u00e0 l\u2019Assembl\u00e9e nationale lors d\u2019une discussion de proposition de loi en juillet 2018. La m\u00eame ann\u00e9e, ces rod\u00e9os ont provoqu\u00e9 6 600 interventions en zone gendarmerie. En 2022, pr\u00e8s de 18 000 interventions ont \u00e9t\u00e9 r\u00e9alis\u00e9es par la police nationale. La p\u00e9riode concentrant le plus de faits va du printemps \u00e0 l\u2019automne, quand la m\u00e9t\u00e9o est, en principe, favorable.<\/p>\n<p class=\"paragraph text_align_left\">La loi du 3 ao\u00fbt 2018 renfor\u00e7ant la lutte contre les rod\u00e9os motoris\u00e9s a cr\u00e9\u00e9 un d\u00e9lit sp\u00e9cifique. L\u2019auteur d\u2019un tel comportement, dangereux, d\u00e9lib\u00e9r\u00e9 et r\u00e9p\u00e9t\u00e9, est passible d\u2019un an d\u2019emprisonnement, 15 000 euros d\u2019amende, mais aussi d\u2019une annulation du permis et la confiscation du v\u00e9hicule incrimin\u00e9. Ce que vient de rappeler la circulaire de G\u00e9rald Darmanin. Des peines potentiellement plus lourdes en cas d\u2019infraction commise en r\u00e9union (\u00e0 plusieurs) ou dans d\u2019autres circonstances aggravantes.<\/p>\n<p>Un recours possible aux drones<\/p>\n<p class=\"paragraph text_align_left\">Tr\u00e8s souvent compliqu\u00e9e, la lutte sur le terrain b\u00e9n\u00e9ficie depuis peu du <a href=\"https:\/\/www.leparisien.fr\/faits-divers\/drones-videosurveillance-ralentisseurs-quelles-solutions-pour-lutter-contre-les-rodeos-urbains-30-08-2024-3N3OTJY25ZF7RA5PS3PTVHZ33U.php\" target=\"_blank\" rel=\"nofollow noopener\">recours possible aux drones<\/a>, qui permettent d\u2019identifier les auteurs de rod\u00e9os motoris\u00e9s et de proc\u00e9der \u00e0 leur interpellation diff\u00e9r\u00e9e et moins risqu\u00e9e.<\/p>\n<p class=\"paragraph text_align_left\">Des comportements irresponsables se soldent parfois par des cons\u00e9quences dramatiques, avant m\u00eame toute possibilit\u00e9 d\u2019intervention des policiers ou des gendarmes. Comme cela est, h\u00e9las, survenu \u00e0 Evian.<\/p>\n<p><script async src=\"https:\/\/platform.twitter.com\/widgets.js\" charset=\"utf-8\"><\/script><\/p>\n","protected":false},"excerpt":{"rendered":"Le t\u00e9lescopage souligne la gravit\u00e9 de la situation. Alors que le ministre de la Justice G\u00e9rald Darmanin a&hellip;\n","protected":false},"author":2,"featured_media":90167,"comment_status":"","ping_status":"","sticky":false,"template":"","format":"standard","meta":{"footnotes":""},"categories":[4],"tags":[11,459,118,1011,27,12,25],"class_list":{"0":"post-90166","1":"post","2":"type-post","3":"status-publish","4":"format-standard","5":"has-post-thumbnail","7":"category-france","8":"tag-actualites","9":"tag-departements-horsidfo","10":"tag-faits-divers","11":"tag-fr","12":"tag-france","13":"tag-news","14":"tag-republique-francaise"},"share_on_mastodon":{"url":"https:\/\/pubeurope.com\/@fr\/114485420638256481","error":""},"_links":{"self":[{"href":"https:\/\/www.europesays.com\/fr\/wp-json\/wp\/v2\/posts\/90166","targetHints":{"allow":["GET"]}}],"collection":[{"href":"https:\/\/www.europesays.com\/fr\/wp-json\/wp\/v2\/posts"}],"about":[{"href":"https:\/\/www.europesays.com\/fr\/wp-json\/wp\/v2\/types\/post"}],"author":[{"embeddable":true,"href":"https:\/\/www.europesays.com\/fr\/wp-json\/wp\/v2\/users\/2"}],"replies":[{"embeddable":true,"href":"https:\/\/www.europesays.com\/fr\/wp-json\/wp\/v2\/comments?post=90166"}],"version-history":[{"count":0,"href":"https:\/\/www.europesays.com\/fr\/wp-json\/wp\/v2\/posts\/90166\/revisions"}],"wp:featuredmedia":[{"embeddable":true,"href":"https:\/\/www.europesays.com\/fr\/wp-json\/wp\/v2\/media\/90167"}],"wp:attachment":[{"href":"https:\/\/www.europesays.com\/fr\/wp-json\/wp\/v2\/media?parent=90166"}],"wp:term":[{"taxonomy":"category","embeddable":true,"href":"https:\/\/www.europesays.com\/fr\/wp-json\/wp\/v2\/categories?post=90166"},{"taxonomy":"post_tag","embeddable":true,"href":"https:\/\/www.europesays.com\/fr\/wp-json\/wp\/v2\/tags?post=90166"}],"curies":[{"name":"wp","href":"https:\/\/api.w.org\/{rel}","templated":true}]}}