{"id":9018,"date":"2025-04-08T00:30:40","date_gmt":"2025-04-08T00:30:40","guid":{"rendered":"https:\/\/www.europesays.com\/fr\/9018\/"},"modified":"2025-04-08T00:30:40","modified_gmt":"2025-04-08T00:30:40","slug":"reviens-nous-rapidement-le-message-de-cherki-pour-nuamah-lourdement-blesse-2","status":"publish","type":"post","link":"https:\/\/www.europesays.com\/fr\/9018\/","title":{"rendered":"\u00ab\u00a0Reviens-nous rapidement\u00a0\u00bb, le message de Cherki pour Nuamah, lourdement bless\u00e9"},"content":{"rendered":"<p><img decoding=\"async\" class=\"caas-img caas-lazy has-preview\" src=\"https:\/\/www.europesays.com\/fr\/wp-content\/uploads\/2025\/04\/a1a5ee4acdacf497b5fa42d5e9a10bff.jpeg\"\/><\/p>\n<p>Lyon-Lille: \u00ab\u00a0Reviens-nous rapidement\u00a0\u00bb, le message de Cherki pour Nuamah, lourdement bless\u00e9<\/p>\n<p>Grosse inqui\u00e9tude \u00e0 Lyon apr\u00e8s la blessure d&rsquo;Ernest Nuamah. L&rsquo;ailier ghan\u00e9en est sorti sur blessure ce samedi d\u00e8s la 7e minute de jeu contre <a href=\"https:\/\/rmcsport.bfmtv.com\/football\/ligue-1\/direct-lyon-lille-suivez-le-match-choc-de-la-28e-journee-de-ligue-1-en-live_LS-202504050306.html\" rel=\"nofollow noopener\" target=\"_blank\" data-ylk=\"slk:Lille lors de la 28e journ\u00e9e de Ligue 1;elm:context_link;itc:0;sec:content-canvas\" class=\"link \">Lille lors de la 28e journ\u00e9e de Ligue 1<\/a>.<\/p>\n<p>Apr\u00e8s un mauvais appui sur son genou, le Lyonnais est rentr\u00e9 directement aux vestiaires, en marchant. M\u00eame si on ne conna\u00eet pas encore la gravit\u00e9 de cette blessure, Rayan Cherki &#8211; qui l&rsquo;a remplac\u00e9 en d\u00e9but de match et donn\u00e9 la victoire aux siens &#8211; a voulu lui adresser un message, pour le moins inqui\u00e9tant.<\/p>\n<p>\u00ab\u00a0Je voudrais passer un message pour Nuamah, a-t-il d\u00e9clar\u00e9 sur DAZN. Toute l&rsquo;\u00e9quipe est avec lui. Bon r\u00e9tablissement, on est avec toi. Reviens-nous rapidement, on a besoin de toi.\u00a0\u00bb<\/p>\n<p>L&rsquo;OL, \u00e0 la lutte pour l&rsquo;Europe<\/p>\n<p>Apr\u00e8s Malick Fofana, absent des terrains trois semaines, l&rsquo;infirmerie lyonnaise se remplit au plus mauvais des moments car l&rsquo;OL garde son objectif de terminer dans le Top 4, voire de monter sur le podium, afin de retrouver la Ligue des Champions qu&rsquo;il n&rsquo;a plus disput\u00e9e depuis la saison 2019-2020.<\/p>\n<p>Gr\u00e2ce \u00e0 ce succ\u00e8s, les hommes de Paulo Fonseca reviennent \u00e0 un point de l&rsquo;OM, troisi\u00e8me (qui jouera ce dimanche contre Toulouse). Ils comptent une petite, mais pr\u00e9cieuse, longueur d&rsquo;avance sur ses poursuivants directs Nice et Lille.<\/p>\n<p><a href=\"https:\/\/rmcsport.bfmtv.com\/football\/clubs\/olympique-lyon\/lyon-lille-reviens-nous-rapidement-le-message-de-cherki-pour-nuamah-lourdement-blesse_AV-202504050418.html#xtor=AL-68\" rel=\"nofollow noopener\" target=\"_blank\" data-ylk=\"slk:Article original publi\u00e9 sur RMC Sport;elm:context_link;itc:0;sec:content-canvas\" class=\"link \">Article original publi\u00e9 sur RMC Sport<\/a><\/p>\n","protected":false},"excerpt":{"rendered":"Lyon-Lille: \u00ab\u00a0Reviens-nous rapidement\u00a0\u00bb, le message de Cherki pour Nuamah, lourdement bless\u00e9 Grosse inqui\u00e9tude \u00e0 Lyon apr\u00e8s la blessure&hellip;\n","protected":false},"author":2,"featured_media":9019,"comment_status":"","ping_status":"","sticky":false,"template":"","format":"standard","meta":{"footnotes":""},"categories":[2815],"tags":[1111,11,1777,674,1011,27,811,1307,2428,4592,12,4591,3280,25,2312],"class_list":{"0":"post-9018","1":"post","2":"type-post","3":"status-publish","4":"format-standard","5":"has-post-thumbnail","7":"category-lille","8":"tag-actu","9":"tag-actualites","10":"tag-eu","11":"tag-europe","12":"tag-fr","13":"tag-france","14":"tag-hauts-de-france","15":"tag-lille","16":"tag-lyon","17":"tag-malick-fofana","18":"tag-news","19":"tag-nuamah","20":"tag-rayan-cherki","21":"tag-republique-francaise","22":"tag-toulouse"},"share_on_mastodon":{"url":"https:\/\/pubeurope.com\/@fr\/114299523896638935","error":""},"_links":{"self":[{"href":"https:\/\/www.europesays.com\/fr\/wp-json\/wp\/v2\/posts\/9018","targetHints":{"allow":["GET"]}}],"collection":[{"href":"https:\/\/www.europesays.com\/fr\/wp-json\/wp\/v2\/posts"}],"about":[{"href":"https:\/\/www.europesays.com\/fr\/wp-json\/wp\/v2\/types\/post"}],"author":[{"embeddable":true,"href":"https:\/\/www.europesays.com\/fr\/wp-json\/wp\/v2\/users\/2"}],"replies":[{"embeddable":true,"href":"https:\/\/www.europesays.com\/fr\/wp-json\/wp\/v2\/comments?post=9018"}],"version-history":[{"count":0,"href":"https:\/\/www.europesays.com\/fr\/wp-json\/wp\/v2\/posts\/9018\/revisions"}],"wp:featuredmedia":[{"embeddable":true,"href":"https:\/\/www.europesays.com\/fr\/wp-json\/wp\/v2\/media\/9019"}],"wp:attachment":[{"href":"https:\/\/www.europesays.com\/fr\/wp-json\/wp\/v2\/media?parent=9018"}],"wp:term":[{"taxonomy":"category","embeddable":true,"href":"https:\/\/www.europesays.com\/fr\/wp-json\/wp\/v2\/categories?post=9018"},{"taxonomy":"post_tag","embeddable":true,"href":"https:\/\/www.europesays.com\/fr\/wp-json\/wp\/v2\/tags?post=9018"}],"curies":[{"name":"wp","href":"https:\/\/api.w.org\/{rel}","templated":true}]}}