{"id":90184,"date":"2025-05-10T20:36:10","date_gmt":"2025-05-10T20:36:10","guid":{"rendered":"https:\/\/www.europesays.com\/fr\/90184\/"},"modified":"2025-05-10T20:36:10","modified_gmt":"2025-05-10T20:36:10","slug":"fos-soffre-montpellier-et-delort","status":"publish","type":"post","link":"https:\/\/www.europesays.com\/fr\/90184\/","title":{"rendered":"Fos s&rsquo;offre Montpellier et Delort"},"content":{"rendered":"<p>Montpellier 1 Fos-sur-Mer 2<\/p>\n<p><strong>Centre Bernard-Gasset. Mi-temps : 0-1. Arbitre : Julien Roblez.<\/strong>&#13;\n<\/p>\n<p><strong>But &#8211; Montpellier : Delort (47). Fos-sur-Mer : Djahafi (45+2), Pioton (69).<\/strong>&#13;\n<\/p>\n<p><strong>Avertissement &#8211; Montpellier : Al\u00e8s (31). Fos : Kucab (77), Douhet (27).<\/strong>&#13;\n<\/p>\n<p>On conna\u00eet a c\u00e9l\u00e8bre formule : \u00ab\u00a0La meilleure d\u00e9fense, c&rsquo;est l&rsquo;attaque.\u00a0\u00bb Ce samedi, on aurait pu dire : \u00ab\u00a0La meilleure d\u00e9fense, c&rsquo;est la d\u00e9fense.\u00a0\u00bb Face \u00e0 l&rsquo;international alg\u00e9rien Andy Delort, les axiaux Adama Soumar\u00e9 et Kelly Ugiagbe ont montr\u00e9 de la solidit\u00e9. Les lat\u00e9raux Morgan Cesco et Isma\u00ebl Band\u00e9 ont \u00e9t\u00e9 costauds et disponibles. Et au milieu, les Jaune et Noir ont g\u00ean\u00e9 les relances de l&rsquo;arri\u00e8re-garde h\u00e9raultaise.<\/p>\n<p>La seule occasion subie en premi\u00e8re p\u00e9riode a eu lieu sur un coup franc bien tir\u00e9 par Cara, mais bien sorti par Ahmadou Dia (27). Dominant, Fos est r\u00e9compens\u00e9 sur l&rsquo;ouverture de Djahafi (0-1, 45+2). Oubli\u00e9 de tout marquage, Andy Delort \u00e9galise (1-1, 47) sur un centre de Cara. Ce but ne d\u00e9stabilise les Foss\u00e9ens qui doublent la mise gr\u00e2ce \u00e0 la t\u00eate de Pioton sur corner (1-2, 69), tout juste entr\u00e9 en jeu. Si Delort s&rsquo;est essay\u00e9 sur une reprise de vol\u00e9e sans danger pour Dia (73), qui sort ensuite un arr\u00eat miraculeux sur la t\u00eate de son capitaine (86). Cette victoire leur permet de se placer au pied du podium, avant de recevoir Sud FC pour la derni\u00e8re journ\u00e9e de championnat.<\/p>\n","protected":false},"excerpt":{"rendered":"Montpellier 1 Fos-sur-Mer 2 Centre Bernard-Gasset. Mi-temps : 0-1. Arbitre : Julien Roblez.&#13; But &#8211; Montpellier : Delort&hellip;\n","protected":false},"author":2,"featured_media":90185,"comment_status":"","ping_status":"","sticky":false,"template":"","format":"standard","meta":{"footnotes":""},"categories":[9599],"tags":[17,1111,11,1777,674,63,20097,1011,27,2208,12,2680,5912,20098,25,18357,9906,60],"class_list":{"0":"post-90184","1":"post","2":"type-post","3":"status-publish","4":"format-standard","5":"has-post-thumbnail","7":"category-montpellier","8":"tag-17","9":"tag-actu","10":"tag-actualites","11":"tag-eu","12":"tag-europe","13":"tag-football","14":"tag-fos-sur-mer","15":"tag-fr","16":"tag-france","17":"tag-montpellier","18":"tag-news","19":"tag-occitanie","20":"tag-par","21":"tag-renforcee","22":"tag-republique-francaise","23":"tag-reserve","24":"tag-soffre","25":"tag-sports"},"share_on_mastodon":{"url":"https:\/\/pubeurope.com\/@fr\/114485459940145944","error":""},"_links":{"self":[{"href":"https:\/\/www.europesays.com\/fr\/wp-json\/wp\/v2\/posts\/90184","targetHints":{"allow":["GET"]}}],"collection":[{"href":"https:\/\/www.europesays.com\/fr\/wp-json\/wp\/v2\/posts"}],"about":[{"href":"https:\/\/www.europesays.com\/fr\/wp-json\/wp\/v2\/types\/post"}],"author":[{"embeddable":true,"href":"https:\/\/www.europesays.com\/fr\/wp-json\/wp\/v2\/users\/2"}],"replies":[{"embeddable":true,"href":"https:\/\/www.europesays.com\/fr\/wp-json\/wp\/v2\/comments?post=90184"}],"version-history":[{"count":0,"href":"https:\/\/www.europesays.com\/fr\/wp-json\/wp\/v2\/posts\/90184\/revisions"}],"wp:featuredmedia":[{"embeddable":true,"href":"https:\/\/www.europesays.com\/fr\/wp-json\/wp\/v2\/media\/90185"}],"wp:attachment":[{"href":"https:\/\/www.europesays.com\/fr\/wp-json\/wp\/v2\/media?parent=90184"}],"wp:term":[{"taxonomy":"category","embeddable":true,"href":"https:\/\/www.europesays.com\/fr\/wp-json\/wp\/v2\/categories?post=90184"},{"taxonomy":"post_tag","embeddable":true,"href":"https:\/\/www.europesays.com\/fr\/wp-json\/wp\/v2\/tags?post=90184"}],"curies":[{"name":"wp","href":"https:\/\/api.w.org\/{rel}","templated":true}]}}