{"id":902086,"date":"2026-04-30T08:12:38","date_gmt":"2026-04-30T08:12:38","guid":{"rendered":"https:\/\/www.europesays.com\/fr\/902086\/"},"modified":"2026-04-30T08:12:38","modified_gmt":"2026-04-30T08:12:38","slug":"comment-les-manifestations-ont-change-de-visage-a-nantes","status":"publish","type":"post","link":"https:\/\/www.europesays.com\/fr\/902086\/","title":{"rendered":"Comment les manifestations ont chang\u00e9 de visage \u00e0 Nantes"},"content":{"rendered":"<p class=\"single__lede\"><b>Manifestants, syndicats, black bloc, policiers, CRS&#8230; Comme chaque 1\u1d49\u02b3 mai, ils se croiseront, se toiseront, voire s\u2019affronteront \u00e0 Nantes. L\u2019atmosph\u00e8re des cort\u00e8ges a nettement chang\u00e9 ces derni\u00e8res ann\u00e9es dans une ville qui baigne dans la contestation sociale, parfois jusqu\u2019\u00e0 la violence dans les rues.<\/b><\/p>\n<p>\t\t<img width=\"2560\" height=\"1707\" src=\"https:\/\/www.europesays.com\/fr\/wp-content\/uploads\/2026\/04\/2025_10_02-4-scaled.jpg\" class=\"position-center wp-post-image\" alt=\"\" decoding=\"async\" fetchpriority=\"high\"  \/>\t\t\t\t\tCRS et manifestants lors d&rsquo;un cort\u00e8ge intersyndical le 2 octobre dernier \u00e0 Nantes. Photo : Elina Barbereau \/ Mediacit\u00e9s<\/p>\n<p>Ce vendredi 1\u1d49\u02b3 mai, rendez\u2010vous est donn\u00e9 \u00e0 10h devant la Cit\u00e9 des congr\u00e8s pour l\u2019habituelle manifestation syndicale de la f\u00eate du Travail. Comment se d\u00e9roulera\u2010t\u2010elle\u202f? En 2025, de 5 000 \u00e0 10 000 personnes, selon les sources, avaient d\u00e9fil\u00e9 \u00e0 Nantes, ce qui en faisait, bien au\u2010del\u00e0 de son poids d\u00e9mographique\u2026 <a href=\"https:\/\/www.lemonde.fr\/economie\/article\/2025\/05\/01\/1-mai-plus-de-250-000-personnes-ont-manifeste-en-france-selon-la-cgt-un-stand-du-ps-attaque-dans-le-cortege-parisien_6602094_3235.html\" target=\"_blank\" rel=\"noopener nofollow\">la deuxi\u00e8me ville de France<\/a> en nombre de manifestants derri\u00e8re Paris. Majoritairement pacifique, le cort\u00e8ge avait \u00e9t\u00e9 n\u00e9anmoins \u00e9maill\u00e9 de heurts, d\u00e9bouchant sur 15 interpellations, l\u00e0 aussi une habitude nantaise.<\/p>\n<p>Nous vous offrons l\u2019acc\u00e8s \u00e0 cet article<\/p>\n<p>Et \u00e0 toutes nos enqu\u00eates pendant deux jours\u00a0\u00a0! <br \/>Oui, on est g\u00e9n\u00e9reux \ud83d\ude09 Mais pensez aussi \u00e0 <a href=\"https:\/\/www.mediacites.fr\/sabonner\/\" target=\"_blank\" style=\"color:#fff\" rel=\"nofollow noopener\">vous abonner<\/a>\u00a0\u00a0!<\/p>\n<p>\t\tEn renseignant votre adresse, vous acceptez nos <a href=\"https:\/\/www.mediacites.fr\/conditions-generales-d-utilisation\/\" target=\"_blank\" rel=\"nofollow noopener\">conditions g\u00e9n\u00e9rales d\u2019utilisation<\/a>. <br \/>Mediacit\u00e9s s\u2019engage \u00e0 ne pas c\u00e9der votre adresse \u00e0 des tiers. En cas d\u2019\u00e9chec, \u00e9crivez \u00e0 <a href=\"https:\/\/www.mediacites.fr\/enquete\/nantes\/2026\/04\/30\/comment-les-manifestations-ont-change-de-visage-a-nantes\/mailto:contact@mediacites.fr\" rel=\"nofollow noopener\" target=\"_blank\">contact@mediacites.fr<\/a><\/p>\n<ul>\n<li>J\u2019acc\u00e8de aux 4 \u00e9ditions de Mediacit\u00e9s (Lille, Lyon, Nantes et Toulouse)<\/li>\n<li>Je d\u00e9couvre un m\u00e9dia 100 % ind\u00e9pendant, avec 0 % de publicit\u00e9<\/li>\n<\/ul>\n<p>Envie de lire la\u00a0suite\u202f?<\/p>\n<p>Depuis neuf ans, Mediacit\u00e9s enqu\u00eate en toute ind\u00e9pendance dans votre ville. Gr\u00e2ce \u00e0 ses lecteurs\u202f! Abonnez\u2010vous pour ne rien manquer de nos enqu\u00eates, suivre les \u00e9lections municipales et soutenir un journal local d\u2019investigation.<\/p>\n<ul>\n<li>Acc\u00e8s aux 4 \u00e9ditions de Mediacit\u00e9s (Lille, Lyon, Nantes et Toulouse)<\/li>\n<li>100 % ind\u00e9pendant, avec 0 % de publicit\u00e9<\/li>\n<li>R\u00e9siliation facile \u00e0 tout moment<\/li>\n<\/ul>\n<p>Mediacit\u00e9s offre l\u2019acc\u00e8s \u00e0 cet article aux lecteurs de News2Com<\/p>\n<p>Et \u00e0 toutes nos enqu\u00eates pendant deux jours\u00a0\u00a0! <br \/>Oui, on est g\u00e9n\u00e9reux \ud83d\ude09 Mais pensez aussi \u00e0 <a href=\"https:\/\/www.mediacites.fr\/sabonner\/\" target=\"_blank\" style=\"color:#fff\" rel=\"nofollow noopener\">vous abonner<\/a>\u00a0\u00a0!<\/p>\n<p>\t\tEn renseignant votre adresse, vous acceptez nos <a href=\"https:\/\/www.mediacites.fr\/conditions-generales-d-utilisation\/\" target=\"_blank\" rel=\"nofollow noopener\">conditions g\u00e9n\u00e9rales d\u2019utilisation<\/a>. <br \/>Mediacit\u00e9s s\u2019engage \u00e0 ne pas c\u00e9der votre adresse \u00e0 des tiers. En cas d\u2019\u00e9chec, \u00e9crivez \u00e0 <a href=\"https:\/\/www.mediacites.fr\/enquete\/nantes\/2026\/04\/30\/comment-les-manifestations-ont-change-de-visage-a-nantes\/mailto:contact@mediacites.fr\" rel=\"nofollow noopener\" target=\"_blank\">contact@mediacites.fr<\/a><\/p>\n<ul>\n<li>J\u2019acc\u00e8de aux 4 \u00e9ditions de Mediacit\u00e9s (Lille, Lyon, Nantes et Toulouse)<\/li>\n<li>Je d\u00e9couvre un m\u00e9dia 100 % ind\u00e9pendant, avec 0 % de publicit\u00e9<\/li>\n<\/ul>\n<p>\tD\u00e9couvrez aussi <strong>nos derni\u00e8res enqu\u00eates<\/strong><\/p>\n","protected":false},"excerpt":{"rendered":"Manifestants, syndicats, black bloc, policiers, CRS&#8230; Comme chaque 1\u1d49\u02b3 mai, ils se croiseront, se toiseront, voire s\u2019affronteront \u00e0&hellip;\n","protected":false},"author":2,"featured_media":902087,"comment_status":"","ping_status":"","sticky":false,"template":"","format":"standard","meta":{"footnotes":"","_share_on_mastodon":"0"},"categories":[2818],"tags":[1111,11,12513,1067,1777,674,1011,27,19911,16137,23169,18677,28051,2088,11639,766,96609,12,2636,1072,28497,96610,11036,2687,25,9413,2949,96611],"class_list":["post-902086","post","type-post","status-publish","format-standard","has-post-thumbnail","category-nantes","tag-actu","tag-actualites","tag-crs","tag-enquete","tag-eu","tag-europe","tag-fr","tag-france","tag-gendarme","tag-gendarmerie-nationale","tag-gilets-jaunes","tag-greves","tag-maintien-de-lordre","tag-manifestation","tag-mouvement-social","tag-nantes","tag-nddl","tag-news","tag-pays-de-la-loire","tag-police","tag-prefecture-de-loire-atlantique","tag-rattachement-loire-atlantique","tag-reforme-des-retraites","tag-reportage","tag-republique-francaise","tag-syndicalisme","tag-violences","tag-zad"],"share_on_mastodon":{"url":"https:\/\/pubeurope.com\/@fr\/116492655794220144","error":""},"_links":{"self":[{"href":"https:\/\/www.europesays.com\/fr\/wp-json\/wp\/v2\/posts\/902086","targetHints":{"allow":["GET"]}}],"collection":[{"href":"https:\/\/www.europesays.com\/fr\/wp-json\/wp\/v2\/posts"}],"about":[{"href":"https:\/\/www.europesays.com\/fr\/wp-json\/wp\/v2\/types\/post"}],"author":[{"embeddable":true,"href":"https:\/\/www.europesays.com\/fr\/wp-json\/wp\/v2\/users\/2"}],"replies":[{"embeddable":true,"href":"https:\/\/www.europesays.com\/fr\/wp-json\/wp\/v2\/comments?post=902086"}],"version-history":[{"count":0,"href":"https:\/\/www.europesays.com\/fr\/wp-json\/wp\/v2\/posts\/902086\/revisions"}],"wp:featuredmedia":[{"embeddable":true,"href":"https:\/\/www.europesays.com\/fr\/wp-json\/wp\/v2\/media\/902087"}],"wp:attachment":[{"href":"https:\/\/www.europesays.com\/fr\/wp-json\/wp\/v2\/media?parent=902086"}],"wp:term":[{"taxonomy":"category","embeddable":true,"href":"https:\/\/www.europesays.com\/fr\/wp-json\/wp\/v2\/categories?post=902086"},{"taxonomy":"post_tag","embeddable":true,"href":"https:\/\/www.europesays.com\/fr\/wp-json\/wp\/v2\/tags?post=902086"}],"curies":[{"name":"wp","href":"https:\/\/api.w.org\/{rel}","templated":true}]}}