{"id":90257,"date":"2025-05-10T21:16:09","date_gmt":"2025-05-10T21:16:09","guid":{"rendered":"https:\/\/www.europesays.com\/fr\/90257\/"},"modified":"2025-05-10T21:16:09","modified_gmt":"2025-05-10T21:16:09","slug":"olivier-lecat-le-nouvel-empereur-du-volley-japonais","status":"publish","type":"post","link":"https:\/\/www.europesays.com\/fr\/90257\/","title":{"rendered":"Olivier Lecat, le nouvel empereur du volley japonais"},"content":{"rendered":"<p>Les entra\u00eeneurs fran\u00e7ais de volley ont la cote au Japon. Il y a eu, d\u2019abord, Philippe Blain, le champion olympique Laurent Tillie au Panasonic Panthers puis \u00e0 l\u2019Osaka Bluteon avant d\u2019\u00eatre nomm\u00e9 s\u00e9lectionneur de l\u2019\u00e9quipe nationale nippone, comme Blain avant lui, avec pour mission d\u2019accrocher le podium pour les prochains Jeux de Los Angeles en 2028.\u00a0Depuis deux ans aux Suntory Sunbirds d\u2019Osaka, Olivier Lecat (58\u00a0ans) suit le chemin trac\u00e9 par ses deux illustres pr\u00e9d\u00e9cesseurs. Avec un certain succ\u00e8s.<\/p>\n<p>L\u2019ancien passeur de Tours et Poitiers, notamment, champion de France comme coach du Stade Poitevin en 2011 puis de Montpellier en 2022, vient de conserver le titre national japonais, d\u00e9j\u00e0 remport\u00e9 en 2024. Un doubl\u00e9 auxquels s\u2019ajoutent une m\u00e9daille de bronze au Mondial des clubs en 2023, une Coupe du Japon et une Coupe de l\u2019empereur. Avant de participer \u00e0 la Ligue des Champions asiatique \u00e0 partir de ce dimanche o\u00f9 il pourrait croiser la route du club iranien de Sirjan d\u2019un certain Earvin Ngapeth. \u00ab\u00a0On y va afin de chercher une nouvelle qualification pour les championnats du monde des clubs\u00a0\u00bb, confie l\u2019int\u00e9ress\u00e9, heureux de faire partager cette tr\u00e8s belle exp\u00e9rience sportive mais aussi humaine.<\/p>\n<p>Le volley au japon<\/p>\n<p>\u00ab\u00a0On joue dans de magnifiques Arena, comme celle ayant accueilli les Jeux Olympiques de Tokyo en 2021. Il y avait 12 ou 13.000 personnes. Pour la finale, dans une nouvelle salle de spectacle o\u00f9 \u00e9volue aussi l\u2019\u00e9quipe de basket de Shiba, c\u2019\u00e9tait plein \u00e0 craquer avec 10.000 supporteurs. Ce sont des shows incroyables. Avec les r\u00e9sultats de l\u2019\u00e9quipe nationale (5e\u00a0des derniers Jeux, 2e\u00a0de la Ligue des Nations), le retour de Ran Takahashi chez nous, une vraie star au Japon, il y a eu un cap important franchi au niveau de l\u2019engouement. Sur certains postes, il y a aussi les meilleurs \u00e9trangers. C\u2019est un gros championnat avec une ferveur qui a explos\u00e9. Sur les matchs \u00e0 domicile, nous avons r\u00e9uni plus de 115.000 fans sur l\u2019ensemble de la saison \u00e0 domicile.\u00a0\u00bb<\/p>\n<p>Le championnat japonais<\/p>\n<p>\u00ab\u00a0Je suis tr\u00e8s fier d\u2019avoir constitu\u00e9 un groupe qui performe, ayant faim de grands titres. La plupart des \u00e9quipes de SV\u00a0League (le championnat japonais) sont cr\u00e9\u00e9es par de grandes compagnies comme Panasonic, Suntory, Toyota. Ce sont des \u00e9normes entreprises, parmi les fleurons du pays. Au sein d\u2019un effectif, il y a des joueurs professionnels et d\u2019autres qui travaillent ou travailleront aussi pour ces compagnies apr\u00e8s leur carri\u00e8re sportive. C\u2019est un paradigme compl\u00e8tement diff\u00e9rent. Il y a une s\u00e9curit\u00e9 de l\u2019emploi, la fiert\u00e9 de l\u2019entreprise qui est tr\u00e8s cultiv\u00e9e. Tout est fait pour que tu puisses r\u00e9ussir. Il y a une grande vision mais sans pression n\u00e9gative comme en Europe.\u00a0\u00bb<\/p>\n<p>L\u2019\u00e9tat d\u2019esprit japonais<\/p>\n<p>\u00ab\u00a0La culture japonaise est bas\u00e9e sur le respect et la hi\u00e9rarchie. Les codes dans les rapports humains sont diff\u00e9rents. Les choses sont assez fig\u00e9es. Le mot d\u2019ordre, quand on arrive, est d\u2019abord de comprendre et de s\u2019adapter. Il faut changer ses r\u00e9flexes latins. M\u00eame lorsque les gens ne sont pas contents, il n\u2019y a pas de plaintes, ou alors elles sont exprim\u00e9es autrement. Cela peut para\u00eetre monocorde mais, une fois que l\u2019on a compris que c\u2019est de l\u2019ordre culturel, il faut trouver la mani\u00e8re pour faire passer ces messages de la meilleure des fa\u00e7ons. Les Japonais ont aussi une grande capacit\u00e9 \u00e0 se mobiliser autour de quelqu\u2019un qui montre la voie. Ce sont des soldats. On s\u2019enrichit de cette diff\u00e9rence culturelle. Vivre au Japon en tant qu\u2019expatri\u00e9, c\u2019est un pur bonheur.\u00a0\u00bb<\/p>\n<p><strong>Pierre Samit <\/strong><\/p>\n<p>\u00a0<\/p>\n<p>\u00a0<\/p>\n","protected":false},"excerpt":{"rendered":"Les entra\u00eeneurs fran\u00e7ais de volley ont la cote au Japon. Il y a eu, d\u2019abord, Philippe Blain, le&hellip;\n","protected":false},"author":2,"featured_media":90258,"comment_status":"","ping_status":"","sticky":false,"template":"","format":"standard","meta":{"footnotes":""},"categories":[1417],"tags":[1392,1011,27,1387,1653,60,1390,1584,1470,1469],"class_list":{"0":"post-90257","1":"post","2":"type-post","3":"status-publish","4":"format-standard","5":"has-post-thumbnail","7":"category-volley","8":"tag-a-la-une-local","9":"tag-fr","10":"tag-france","11":"tag-indre-et-loire","12":"tag-poitiers","13":"tag-sports","14":"tag-tours","15":"tag-vienne","16":"tag-volley","17":"tag-volleyball"},"share_on_mastodon":{"url":"https:\/\/pubeurope.com\/@fr\/114485617258494304","error":""},"_links":{"self":[{"href":"https:\/\/www.europesays.com\/fr\/wp-json\/wp\/v2\/posts\/90257","targetHints":{"allow":["GET"]}}],"collection":[{"href":"https:\/\/www.europesays.com\/fr\/wp-json\/wp\/v2\/posts"}],"about":[{"href":"https:\/\/www.europesays.com\/fr\/wp-json\/wp\/v2\/types\/post"}],"author":[{"embeddable":true,"href":"https:\/\/www.europesays.com\/fr\/wp-json\/wp\/v2\/users\/2"}],"replies":[{"embeddable":true,"href":"https:\/\/www.europesays.com\/fr\/wp-json\/wp\/v2\/comments?post=90257"}],"version-history":[{"count":0,"href":"https:\/\/www.europesays.com\/fr\/wp-json\/wp\/v2\/posts\/90257\/revisions"}],"wp:featuredmedia":[{"embeddable":true,"href":"https:\/\/www.europesays.com\/fr\/wp-json\/wp\/v2\/media\/90258"}],"wp:attachment":[{"href":"https:\/\/www.europesays.com\/fr\/wp-json\/wp\/v2\/media?parent=90257"}],"wp:term":[{"taxonomy":"category","embeddable":true,"href":"https:\/\/www.europesays.com\/fr\/wp-json\/wp\/v2\/categories?post=90257"},{"taxonomy":"post_tag","embeddable":true,"href":"https:\/\/www.europesays.com\/fr\/wp-json\/wp\/v2\/tags?post=90257"}],"curies":[{"name":"wp","href":"https:\/\/api.w.org\/{rel}","templated":true}]}}