{"id":90279,"date":"2025-05-10T21:28:12","date_gmt":"2025-05-10T21:28:12","guid":{"rendered":"https:\/\/www.europesays.com\/fr\/90279\/"},"modified":"2025-05-10T21:28:12","modified_gmt":"2025-05-10T21:28:12","slug":"il-me-cognait-dessus-quand-je-faisais-fausse-note-michel-polnareff-revient-sur-son-enfance-douloureuse","status":"publish","type":"post","link":"https:\/\/www.europesays.com\/fr\/90279\/","title":{"rendered":"\u00ab\u00a0Il me cognait dessus quand je faisais fausse note\u00a0\u00bb: Michel Polnareff revient sur son enfance douloureuse"},"content":{"rendered":"<p><img loading=\"lazy\" decoding=\"async\" class=\"w-full lazyload lazyload--opacity object-contain\" style=\"aspect-ratio:150 \/ 100;opacity:1\" alt=\"Michel Polnareff, 2005. Cr\u00e9dit Henry Rouget\" width=\"768\" height=\"512\" fetchpriority=\"auto\" src=\"https:\/\/www.europesays.com\/fr\/wp-content\/uploads\/2025\/04\/1743819792_235_S5VKD3X55FFF3BW6V4SEHXNP7I.png\"  data- data-optimumx=\"1\"\/>Michel Polnareff, 2005. Cr\u00e9dit Henry Rouget \u00a9Henry Rouget<\/p>\n<p class=\"ap-StoryElement ap-StoryElement--mb ap-StoryText\">Le chanteur exil\u00e9 aux \u00c9tats-Unis est de retour en Europe pour une \u00ab\u00a0derni\u00e8re tourn\u00e9e\u00a0\u00bb lanc\u00e9e le 3 avril \u00e0 Londres et un \u00ab\u00a0ultime album\u00a0\u00bb, paru le 25 avril. Court, mais plut\u00f4t r\u00e9ussi, Un temps pour elles rappelle sa passion pour la mini-symphonie pop. Et la voix est toujours l\u00e0. Sa r\u00e9cente prestation \u00ab\u00a0best of\u00a0\u00bb au Printemps de Bourges a fait l&rsquo;unanimit\u00e9. \u00ab\u00a0\u00c0 Forest, vous aurez aussi droit \u00e0 quelques nou\u00advelles chansons, promet-il. L&rsquo;accueil sur cet album est formidable et je pense sans la moindre pr\u00e9tention qu&rsquo;il le m\u00e9rite vraiment. C&rsquo;est de l&rsquo;authen\u00adtique, du vrai. Non pas que les autres \u00e9taient faux, mais Un temps pour elles est plus fluide et plus spontan\u00e9 dans sa d\u00e9marche.\u00a0\u00bb<\/p>\n<p class=\"ap-StoryElement ap-StoryElement--mb ap-StoryText\"><b>Est-ce vraiment votre derni\u00e8re tourn\u00e9e et votre dernier album comme vous l&rsquo;annoncez ?<\/b><\/p>\n<p class=\"ap-StoryElement ap-StoryElement--mb ap-StoryText\">Je ne mens pas. Un temps pour elles, qui vient de sortir, est mon dernier album \u00e0 ce jour. Cela ne veut pas dire qu&rsquo;il n&rsquo;y aura pas un prochain disque. Pareil pour la tourn\u00e9e qui passera par la Belgique.<\/p>\n<p class=\"ap-StoryElement ap-StoryElement--mb ap-StoryText\"><b>Avec huit titres, <\/b><b>Un temps pour elles<\/b><b> est un album tr\u00e8s court. Comment l&rsquo;avez-vous abord\u00e9 ?<\/b><\/p>\n<p class=\"ap-StoryElement ap-StoryElement--mb ap-StoryText\">La dur\u00e9e d&rsquo;un album, le temps qu&rsquo;on y passe ou le nombre de chansons importent peu. Je ne r\u00e9fl\u00e9chis pas comme \u00e7a. Ce qui compte, c&rsquo;est l&rsquo;\u00e2me qu&rsquo;on y met. Mon but \u00e9tait de sortir quelque chose que j&rsquo;avais envie de chanter. M\u00eame si j&rsquo;ai \u00e9crit beaucoup de chansons sur mes disques pr\u00e9c\u00e9dents, je suis habitu\u00e9 \u00e0 m&rsquo;entourer d&rsquo;auteurs. Cette fois, je ne sentais pas de complicit\u00e9 avec les propositions que je recevais, je n&rsquo;\u00e9tais pas sur la m\u00eame longueur d&rsquo;ondes. Pass\u00e9 un moment d&rsquo;angoisse, j&rsquo;ai finalement ressenti du plaisir \u00e0 me retrouver face \u00e0 une page blanche. Comprenez, la musique, j&rsquo;en chie tous les jours. Elle me vient comme \u00e7a. Les textes, c&rsquo;est plus compliqu\u00e9. D\u00e8s que je mets des mots sur mon laptop, \u00e7a pose une fronti\u00e8re \u00e0 l&rsquo;imagination du compositeur et, quelque part, je me sens enferm\u00e9. C&rsquo;est pourquoi j&rsquo;ai mis des instrumentaux sur Un temps pour elles.<\/p>\n<p class=\"ap-StoryElement ap-StoryElement--mb ap-StoryText\"><b>Des titres comme \u00ab\u00a0Solstice\u00a0\u00bb ou \u00ab\u00a0Un moment\u00a0\u00bb sont proches de la musique classique. Est-ce une mani\u00e8re de vous r\u00e9concilier avec son apprentissage pr\u00e9coce qui vous a valu d&rsquo;\u00eatre battu par votre p\u00e8re ?<\/b><\/p>\n<p class=\"ap-StoryElement ap-StoryElement--mb ap-StoryText\">Ce n&rsquo;\u00e9tait pas de l&rsquo;apprentissage. C&rsquo;\u00e9tait de l&rsquo;esclavage musical. Comme je l&rsquo;ai \u00e9crit (dans son autobiographie Polnareff par Polnareff, Grasset, 2004, NdlR), j&rsquo;\u00e9tais pris en sandwich entre les voisins qui tapaient sur le plafond parce que je jouais \u00e0 toute heure et celui qui me cognait \u00addessus quand je faisais une fausse note. Mais j&rsquo;ai pardonn\u00e9 \u00e0 mon p\u00e8re. C&rsquo;\u00e9tait important. Apr\u00e8s avoir symbolis\u00e9 quelque chose de p\u00e9nible, le piano est devenu mon copain.<\/p>\n<p><a href=\"https:\/\/www.dhnet.be\/medias\/musique\/2025\/05\/04\/sheila-est-de-retour-avec-un-nouvel-album-la-liberation-de-la-femme-je-lai-vecue-a-ma-facon-HWPZ77OM6ZCBRMKTOMGP3T4FS4\/\" target=\"_blank\" rel=\"noopener noreferrer\" class=\"ap-StoryInterstitialLink ap-StoryElement ap-StoryElement--mb\">Sheila est de retour avec un nouvel album: \u00ab\u00a0La lib\u00e9ration de la femme, je l&rsquo;ai v\u00e9cue \u00e0 ma fa\u00e7on\u00a0\u00bb<\/a><\/p>\n<p class=\"ap-StoryElement ap-StoryElement--mb ap-StoryText\"><b>Les concerts de cette tourn\u00e9e s&rsquo;ouvrent avec \u00ab\u00a0Le bal des Laze\u00a0\u00bb, chanson culte datant de 1966. C&rsquo;est vrai, tous ces trucs de fou qui se seraient pass\u00e9s en studio ?<\/b><\/p>\n<p class=\"ap-StoryElement ap-StoryElement--mb ap-StoryText\">Je voulais cr\u00e9er une ambiance biblique dans le studio Barclay. J&rsquo;ai demand\u00e9 qu&rsquo;on installe un orgue Hammond de couleur blanche et 5000 cierges. Avec \u00ab\u00a0Le bal des Laze\u00a0\u00bb, j&rsquo;avais envie de faire quelque chose d&rsquo;important qui a \u00e9t\u00e9 \u00e9videmment bafou\u00e9 \u00e0 l&rsquo;\u00e9poque. La chanson a \u00e9t\u00e9 interdite d&rsquo;antenne \u00e0 cause de sa phrase d&rsquo;ouverture : \u00ab\u00a0Je serai pendu demain \u00e0 l&rsquo;aube\u00a0\u00bb. On peut dire \u00e7a au th\u00e9\u00e2tre, mais pas dans une chanson qui s&rsquo;adresse \u00e0 des jeunes. Les radios ont pr\u00e9f\u00e9r\u00e9 \u00addiffuser la face B du 45 tours, \u00ab\u00a0&lsquo;Y a qu&rsquo;un cheveu (sur la t\u00eate \u00e0 Mathieu)\u00a0\u00bb, un truc \u00ab\u00a0stupido-marrant\u00a0\u00bb.<\/p>\n<p class=\"ap-StoryElement ap-StoryElement--mb ap-StoryText\"><b>Vous rechantez aussi votre premier 45 tours, \u00ab\u00a0La poup\u00e9e qui fait non\u00a0\u00bb, enregistr\u00e9 \u00e0 Londres en 1966, avec un certain Jimmy Page, futur Led Zeppelin, qui se plante \u00e0 la guitare. Pourquoi avoir gard\u00e9 son erreur ?<\/b><\/p>\n<p class=\"ap-StoryElement ap-StoryElement--mb ap-StoryText\">Je n&rsquo;avais pas le choix. \u00c0 Londres, pour des raisons syndicales, je n&rsquo;avais pas le droit de jouer moi-m\u00eame de la guitare. Je devais travailler avec des musiciens anglais. J&rsquo;ai choisi Jimmy Page et John Paul Jones qui allaient bient\u00f4t former Led Zeppelin. \u00c0 un moment, Jimmy fait un pain sur un accord de guitare \u00e0 douze cordes. Je n&rsquo;ai pas os\u00e9 demander qu&rsquo;il fasse une autre prise. Pas de budget. C&rsquo;est devenu le pain le plus c\u00e9l\u00e8bre de l&rsquo;histoire de la pop.<\/p>\n<p class=\"ap-StoryElement ap-StoryElement--mb ap-StoryText\"><b>En 1971, vous \u00eates le premier chanteur fran\u00e7ais \u00e0 aborder le th\u00e8me de la d\u00e9pression et du suicide avec \u00ab\u00a0Qui a tu\u00e9 Grand- maman ?\u00a0\u00bb Vous consid\u00e9rez-vous comme un auteur engag\u00e9 ?<\/b><\/p>\n<p class=\"ap-StoryElement ap-StoryElement--mb ap-StoryText\">C&rsquo;\u00e9tait un hommage \u00e0 mon impr\u00e9sario Lucien Morisse (ex-directeur des programmes d&rsquo;Europe 1, d\u00e9couvreur de Dalida et Christophe, NdlR). J&rsquo;ai cherch\u00e9 \u00e0 comprendre les raisons de son geste. Je crois que je n&rsquo;\u00e9tais pas loin quand j&rsquo;ai trouv\u00e9 la formule \u00ab\u00a0le bulldozer a tu\u00e9 Grand-maman et chang\u00e9 ses fleurs en marteau-piqueur\u00a0\u00bb. Parfois, \u00e7a devient beaucoup trop dur de supporter des environnements tristes. C&rsquo;est assez visionnaire comme image. Le message touche encore aujourd&rsquo;hui. Et puis moi, j&rsquo;ai toujours pr\u00e9f\u00e9r\u00e9 les fleurs au ciment.<\/p>\n<p><img loading=\"lazy\" decoding=\"async\" class=\"w-full lazyload lazyload--opacity object-contain\" style=\"aspect-ratio:150 \/ 100;opacity:1\" alt=\"Michel Polnareff, 2005. Cr\u00e9dit Henry Rouget\" width=\"768\" height=\"512\" fetchpriority=\"auto\" src=\"https:\/\/www.europesays.com\/fr\/wp-content\/uploads\/2025\/04\/1743819792_235_S5VKD3X55FFF3BW6V4SEHXNP7I.png\"  data- data-optimumx=\"1\"\/>Michel Polnareff, 2005. Cr\u00e9dit Henry Rouget \u00a9Henry Rouget<\/p>\n<p class=\"ap-StoryElement ap-StoryElement--mb ap-StoryText\"><b>\u00ab\u00a0Goodbye Marylou\u00a0\u00bb est le titre pr\u00e9f\u00e9r\u00e9 de votre public. Est-ce aussi le v\u00f4tre ?<\/b><\/p>\n<p class=\"ap-StoryElement ap-StoryElement--mb ap-StoryText\">Je n&rsquo;ai pas de chanson pr\u00e9f\u00e9r\u00e9e. J&rsquo;aime toutes les chansons que j&rsquo;ai sorties, hormis \u00ab\u00a0Tous les bateaux, tous les oiseaux\u00a0\u00bb.\u200aCelle-l\u00e0, je n&rsquo;aurais pas d\u00fb l&rsquo;enregistrer. Elle ne me convient pas. Les chansons qui se retrouvent au-dessus du lot comme \u00ab\u00a0Goodbye Marylou\u00a0\u00bb, \u00ab\u00a0La poup\u00e9e qui fait non\u00a0\u00bb ou \u00ab\u00a0Lettre \u00e0 France\u00a0\u00bb, c&rsquo;est gr\u00e2ce au public qui leur a donn\u00e9 ce statut d&rsquo;incontournables.<\/p>\n<p class=\"ap-StoryElement ap-StoryElement--mb ap-StoryText\"><b>Hormis Johnny Hallyday, vous avez tr\u00e8s peu c\u00f4toy\u00e9 vos \u00ab\u00a0coll\u00e8gues\u00a0\u00bb de la chanson fran\u00e7aise. Vous avez l&rsquo;impression d&rsquo;\u00eatre dans la marge ?<\/b><\/p>\n<p class=\"ap-StoryElement ap-StoryElement--mb ap-StoryText\">Je ne me rends pas compte. C&rsquo;est peut-\u00eatre l\u00e0 tout le probl\u00e8me. Je me sens profond\u00e9ment normal.\u200aTout ce que je fais correspond exactement \u00e0 ce que je suis. Mais, vu de l&rsquo;ext\u00e9rieur, ce n&rsquo;est pas toujours ressenti comme \u00e7a. En fait, c&rsquo;est peut-\u00eatre parce que je suis normal qu&rsquo;on me consid\u00e8re dans la marge.<\/p>\n<p><a href=\"https:\/\/www.dhnet.be\/medias\/television\/2025\/04\/20\/louane-realise-le-reve-de-sa-maman-en-participant-a-leurovision-je-pense-vraiment-quon-a-nos-chances-avec-cette-chanson-C5O4LMJVEJFOZOWIRTU3JGAGJE\/\" target=\"_blank\" rel=\"noopener noreferrer\" class=\"ap-StoryInterstitialLink ap-StoryElement ap-StoryElement--mb\">Louane r\u00e9alise le r\u00eave de sa maman en participant \u00e0 l&rsquo;Eurovision : \u00ab\u00a0Je pense vraiment qu&rsquo;on a nos chances avec cette chanson\u00a0\u00bb<\/a><\/p>\n<p class=\"ap-StoryElement ap-StoryElement--mb ap-StoryText\"><b>L&rsquo;appel au sexe dans \u00ab\u00a0L&rsquo;amour avec toi\u00a0\u00bb, votre post\u00e9rieur sur les affiches annon\u00e7ant vos concerts \u00e0 Paris en 1972\u2026 Tous ces \u00ab\u00a0scandales Polnareff\u00a0\u00bb \u00e9taient-ils des actes \u00ab\u00a0normaux\u00a0\u00bb ?<\/b><\/p>\n<p class=\"ap-StoryElement ap-StoryElement--mb ap-StoryText\">Il faut croire que non puisque \u00e7a m&rsquo;a valu des cen\u00adsures et des proc\u00e8s. Je ne vais pas mentir, il y avait parfois un peu de pr\u00e9m\u00e9ditation. \u00c7a ne se disait pas comme \u00e7a \u00e0 l&rsquo;\u00e9poque, mais je voulais faire le buzz. Je me suis battu pour \u00e7a. Mes fesses \u00e0 l&rsquo;air pour annoncer la tourn\u00e9e Polnar\u00e9volution en 1972, personne n&rsquo;en voulait. Mon manager, ma maison de disques, les afficheurs \u00e9taient tous contre. Mais tout le monde en a parl\u00e9 et la tourn\u00e9e a \u00e9t\u00e9 un triomphe.<\/p>\n<p class=\"ap-StoryElement ap-StoryElement--mb ap-StoryText\"><b>Lorsqu&rsquo;on s&rsquo;\u00e9tait rencontr\u00e9s en 2016, vous nous aviez dit : \u00ab\u00a0J&rsquo;ai montr\u00e9 mes fesses \u00e0 la France mais je n&rsquo;ai jamais baiss\u00e9 mon froc\u00a0\u00bb. Vous persistez ?<\/b><\/p>\n<p class=\"ap-StoryElement ap-StoryElement--mb ap-StoryText\">Oui, je persiste et je revendique. C&rsquo;est l&rsquo;une de mes plus grandes fiert\u00e9s.\u200aJe suis libre.\u200aJe dis ce que je veux. Quand je n&rsquo;ai rien \u00e0 dire, je me tais, je disparais, on ne m&rsquo;entend pas. Et puis je sors un disque et c&rsquo;est \u00ab\u00a0coucou, me revoilou\u00a0\u00bb.<\/p>\n<p class=\"ap-StoryElement ap-StoryElement--mb ap-StoryText\"><b>Il y a eu de tr\u00e8s longues pauses dans votre parcours. Des regrets ?<\/b><\/p>\n<p class=\"ap-StoryElement ap-StoryElement--mb ap-StoryText\">Non, aucun. Ces pauses expliquent aussi la raison pour laquelle je suis toujours l\u00e0 aujourd&rsquo;hui. Je n&rsquo;ai jamais confondu ma vie d&rsquo;homme et ma vie d&rsquo;artiste. Il y a eu des moments o\u00f9 j&rsquo;ai eu envie de profiter \u00e0 fond de cette vie d&rsquo;homme, de conna\u00eetre les exc\u00e8s, la solitude et des tas d&rsquo;autres choses. J&rsquo;ai toujours essay\u00e9 de r\u00e9pondre \u00e0 mes envies et non pas \u00e0 des obligations.<\/p>\n<p class=\"ap-StoryElement ap-StoryElement--mb ap-StoryText\"><b>Vous allez avoir 81 ans ce 3 juillet. Qu&rsquo;est-ce qu&rsquo;on peut vous souhaiter de mieux ?<\/b><\/p>\n<p class=\"ap-StoryElement ap-StoryElement--mb ap-StoryText\">\u00catre pr\u00e9sent, c&rsquo;est d\u00e9j\u00e0 tr\u00e8s bien.<\/p>\n<p class=\"ap-StoryElement ap-StoryElement--mb ap-StoryText\"><b>Le 17\/5, Forest National, Bruxelles.<\/b><\/p>\n<p><b>Toujours en voix<\/b><\/p>\n<p class=\"ap-StoryElement ap-StoryElement--mb ap-StoryText\">Huit titres pour 31 minutes de musique. Le onzi\u00e8me album de Michel Polnareff va \u00e0 l&rsquo;essentiel. C&rsquo;est le moins qu&rsquo;on puisse dire. Enregistr\u00e9 entre la France, l&rsquo;\u00c9cosse, Londres et son studio californien, Un temps pour elles (oui, il y a un jeu de mots) marque, selon son auteur et compositeur, un \u00ab\u00a0acte de r\u00e9conciliation de toutes ses influences\u00a0\u00bb. \u00c0 80 ans, Michel Polnareff est toujours en voix et garde cette capacit\u00e9 \u00e0 construire de mini-symphonies pop \u00e0 la fluidit\u00e9 m\u00e9lodique rare. C\u00f4t\u00e9 r\u00e9ussites, on pointe deux tr\u00e8s grandes chansons emmen\u00e9es en piano\/voix : \u00ab\u00a0Tu ne m&rsquo;entends pas\u00a0\u00bb, chro\u00adnique m\u00e9lancolique d&rsquo;un amour d\u00e9truit et \u00ab\u00a0Un temps pour elles\u00a0\u00bb sur fond de palmiers, de soleil et d&rsquo;oc\u00e9an Pacifique. Au poussif \u00ab\u00a0Sexcetera\u00a0\u00bb et \u00e0 \u00ab\u00a0Quand &lsquo;y en a pour deux\u00a0\u00bb, on pr\u00e9f\u00e8re se blottir dans deux des quatre plages instrumentales \u00adpropos\u00e9es : \u00ab\u00a0Solstice\u00a0\u00bb dont la m\u00e9lodie rappelle la beaut\u00e9 pure de \u00ab\u00a0Lettre \u00e0 France\u00a0\u00bb et le n\u00e9oclassique \u00ab\u00a0Villa Cassiop\u00e9e\u00a0\u00bb.<\/p>\n<p class=\"ap-StoryElement ap-StoryElement--mb ap-StoryText\"><b>&gt; Un temps pour elles, Warner<\/b><\/p>\n","protected":false},"excerpt":{"rendered":"Michel Polnareff, 2005. Cr\u00e9dit Henry Rouget \u00a9Henry Rouget Le chanteur exil\u00e9 aux \u00c9tats-Unis est de retour en Europe&hellip;\n","protected":false},"author":2,"featured_media":90280,"comment_status":"","ping_status":"","sticky":false,"template":"","format":"standard","meta":{"footnotes":""},"categories":[1355],"tags":[6051,58,59,18038,1011,27,1304,1361,873,5693],"class_list":{"0":"post-90279","1":"post","2":"type-post","3":"status-publish","4":"format-standard","5":"has-post-thumbnail","7":"category-musique","8":"tag-bruxelles-villes","9":"tag-divertissement","10":"tag-entertainment","11":"tag-forest","12":"tag-fr","13":"tag-france","14":"tag-johnny-hallyday","15":"tag-music","16":"tag-musique","17":"tag-promotions-amazon"},"share_on_mastodon":{"url":"https:\/\/pubeurope.com\/@fr\/114485664410608560","error":""},"_links":{"self":[{"href":"https:\/\/www.europesays.com\/fr\/wp-json\/wp\/v2\/posts\/90279","targetHints":{"allow":["GET"]}}],"collection":[{"href":"https:\/\/www.europesays.com\/fr\/wp-json\/wp\/v2\/posts"}],"about":[{"href":"https:\/\/www.europesays.com\/fr\/wp-json\/wp\/v2\/types\/post"}],"author":[{"embeddable":true,"href":"https:\/\/www.europesays.com\/fr\/wp-json\/wp\/v2\/users\/2"}],"replies":[{"embeddable":true,"href":"https:\/\/www.europesays.com\/fr\/wp-json\/wp\/v2\/comments?post=90279"}],"version-history":[{"count":0,"href":"https:\/\/www.europesays.com\/fr\/wp-json\/wp\/v2\/posts\/90279\/revisions"}],"wp:featuredmedia":[{"embeddable":true,"href":"https:\/\/www.europesays.com\/fr\/wp-json\/wp\/v2\/media\/90280"}],"wp:attachment":[{"href":"https:\/\/www.europesays.com\/fr\/wp-json\/wp\/v2\/media?parent=90279"}],"wp:term":[{"taxonomy":"category","embeddable":true,"href":"https:\/\/www.europesays.com\/fr\/wp-json\/wp\/v2\/categories?post=90279"},{"taxonomy":"post_tag","embeddable":true,"href":"https:\/\/www.europesays.com\/fr\/wp-json\/wp\/v2\/tags?post=90279"}],"curies":[{"name":"wp","href":"https:\/\/api.w.org\/{rel}","templated":true}]}}