{"id":90324,"date":"2025-05-10T21:52:11","date_gmt":"2025-05-10T21:52:11","guid":{"rendered":"https:\/\/www.europesays.com\/fr\/90324\/"},"modified":"2025-05-10T21:52:11","modified_gmt":"2025-05-10T21:52:11","slug":"nice-freine-par-rennes-dans-la-course-a-la-ligue-des-champions","status":"publish","type":"post","link":"https:\/\/www.europesays.com\/fr\/90324\/","title":{"rendered":"Nice frein\u00e9 par Rennes dans la course \u00e0 la Ligue des Champions"},"content":{"rendered":"<p>Battu \u00e0 Rennes (2-0), l\u2019OGC Nice voit s&rsquo;\u00e9loigner une qualification en Ligue des champions, samedi lors de la 33e journ\u00e9e de Ligue 1.<\/p>\n<p>Malgr\u00e9 ce revers, les Azur\u00e9ens (57 pts) pointent \u00e0 la quatri\u00e8me place, qualificative pour le barrage d&rsquo;accession \u00e0 la phase de poules de la C1.<\/p>\n<p>Ma\u00eetres de leur destin gr\u00e2ce lorsqu&rsquo;ils recevront Brest lors de la derni\u00e8re journ\u00e9e, ils n&rsquo;auront cependant pas le droit \u00e0 l&rsquo;erreur: Lille et Strasbourg comptent \u00e9galement 57 points et ne sont devanc\u00e9s qu&rsquo;\u00e0 la diff\u00e9rence de buts.<\/p>\n<p>Pourtant Nice avait bien entam\u00e9 le match en \u00e9tant vite dangereux par la t\u00eate d\u2019Ali Abdi, servi par Evan Guessand (7e).<\/p>\n<p>Malgr\u00e9 cette emprise, Rennes a ouvert le score, avec le 16e but de la saison de son avant-centre Arnaud Kalimuendo (1-0, 15e).<\/p>\n<p>Piqu\u00e9s dans leur orgueil et bien conscients de l&rsquo;enjeu de ce d\u00e9placement en Bretagne, les Aiglons ont failli revenir illico par Antoine Mendy qui a trouv\u00e9, d\u2019une t\u00eate, le poteau de Brice Samba (20e).<\/p>\n<p>Dans la foul\u00e9e, Guessand est venu buter sur le portier rennais (23e), puis Bouanani a vu Samba bien de d\u00e9tendre pour emp\u00eacher l\u2019\u00e9galisation (26e).<\/p>\n<p>Apr\u00e8s cette pouss\u00e9e azur\u00e9enne, Rennes a pens\u00e9 doubler son avantage, d\u2019un tir sublime de Djaoui Ciss\u00e9, mais une poussette de Kalimuendo a provoqu\u00e9 l\u2019annulation du but (35e).<\/p>\n<p>Au retour des vestiaires, l\u2019OGC Nice a chang\u00e9 de visages au sens propre, avec les entr\u00e9es de Dante, Ga\u00ebtan Laborde et J\u00e9r\u00e9my Boga qui a manqu\u00e9 d\u2019un rien l\u2019\u00e9galisation, une nouvelle fois \u00e0 cause de Samba, d\u00e9cid\u00e9ment imp\u00e9rial (56e).<\/p>\n<p>A l\u2019heure de jeu, Haise a choisi de faire ses derniers changements, avec Sofiane Diop et Tom Loucht pour pousser encore.<\/p>\n<p>Nice a m\u00eame cru obtenir un p\u00e9nalty par Bouadoui mais le VAR l\u2019a annul\u00e9 (65e).<\/p>\n<p>Le doubl\u00e9 de Kalimuendo, d\u2019un joli piqu\u00e9, est venu mettre un terme aux derniers espoirs des Aiglons (80e) et peut-\u00eatre apaiser un peu les supporters rennais qui avaient exprim\u00e9 leur m\u00e9contentement au terme d&rsquo;une saison d\u00e9cevante.<\/p>\n<p>cor-hap\/cpb\/ng<\/p>\n","protected":false},"excerpt":{"rendered":"Battu \u00e0 Rennes (2-0), l\u2019OGC Nice voit s&rsquo;\u00e9loigner une qualification en Ligue des champions, samedi lors de la&hellip;\n","protected":false},"author":2,"featured_media":90325,"comment_status":"","ping_status":"","sticky":false,"template":"","format":"standard","meta":{"footnotes":""},"categories":[2821],"tags":[1111,11,20119,20118,11745,3450,829,20120,13723,1777,674,20117,1011,27,20122,447,1307,9085,12,584,25,20121,640],"class_list":{"0":"post-90324","1":"post","2":"type-post","3":"status-publish","4":"format-standard","5":"has-post-thumbnail","7":"category-rennes","8":"tag-actu","9":"tag-actualites","10":"tag-aiglons","11":"tag-antoine-mendy","12":"tag-arnaud-kalimuendo","13":"tag-brest","14":"tag-bretagne","15":"tag-brice-samba","16":"tag-dante","17":"tag-eu","18":"tag-europe","19":"tag-evan-guessand","20":"tag-fr","21":"tag-france","22":"tag-guessand","23":"tag-ligue-des-champions","24":"tag-lille","25":"tag-malgre","26":"tag-news","27":"tag-rennes","28":"tag-republique-francaise","29":"tag-sofiane-diop","30":"tag-strasbourg"},"share_on_mastodon":{"url":"https:\/\/pubeurope.com\/@fr\/114485759011068916","error":""},"_links":{"self":[{"href":"https:\/\/www.europesays.com\/fr\/wp-json\/wp\/v2\/posts\/90324","targetHints":{"allow":["GET"]}}],"collection":[{"href":"https:\/\/www.europesays.com\/fr\/wp-json\/wp\/v2\/posts"}],"about":[{"href":"https:\/\/www.europesays.com\/fr\/wp-json\/wp\/v2\/types\/post"}],"author":[{"embeddable":true,"href":"https:\/\/www.europesays.com\/fr\/wp-json\/wp\/v2\/users\/2"}],"replies":[{"embeddable":true,"href":"https:\/\/www.europesays.com\/fr\/wp-json\/wp\/v2\/comments?post=90324"}],"version-history":[{"count":0,"href":"https:\/\/www.europesays.com\/fr\/wp-json\/wp\/v2\/posts\/90324\/revisions"}],"wp:featuredmedia":[{"embeddable":true,"href":"https:\/\/www.europesays.com\/fr\/wp-json\/wp\/v2\/media\/90325"}],"wp:attachment":[{"href":"https:\/\/www.europesays.com\/fr\/wp-json\/wp\/v2\/media?parent=90324"}],"wp:term":[{"taxonomy":"category","embeddable":true,"href":"https:\/\/www.europesays.com\/fr\/wp-json\/wp\/v2\/categories?post=90324"},{"taxonomy":"post_tag","embeddable":true,"href":"https:\/\/www.europesays.com\/fr\/wp-json\/wp\/v2\/tags?post=90324"}],"curies":[{"name":"wp","href":"https:\/\/api.w.org\/{rel}","templated":true}]}}