{"id":90330,"date":"2025-05-10T21:55:10","date_gmt":"2025-05-10T21:55:10","guid":{"rendered":"https:\/\/www.europesays.com\/fr\/90330\/"},"modified":"2025-05-10T21:55:10","modified_gmt":"2025-05-10T21:55:10","slug":"etes-vous-pret-face-au-risque-inondation-la-ville-de-cagnes-sur-mer-lance-un-questionnaire-pour-faire-le-point","status":"publish","type":"post","link":"https:\/\/www.europesays.com\/fr\/90330\/","title":{"rendered":"\u00cates-vous pr\u00eat face au risque inondation? La Ville de Cagnes-sur-Mer lance un questionnaire pour faire le point"},"content":{"rendered":"<p>Paisible et fluette le plus clair de son temps, la Cagne inspire moins la crainte que le bucolisme. C\u2019est pourtant mal conna\u00eetre ce fleuve qui, \u00e0 l\u2019instar de tous ses cong\u00e9n\u00e8res maralpins, a le sang chaud. Quelques grosses averses suffisent \u00e0 le faire sortir de ses gonds. Col\u00e8re accentu\u00e9e par les nombreux vallons se transformant en entonnoirs g\u00e9ants et l\u2019urbanisation galopante imperm\u00e9abilisant les sols. Mais les inondations successives et parfois meurtri\u00e8res suffisent-elles \u00e0 \u00e9veiller les consciences, \u00e0 faire adopter les bons r\u00e9flexes? C\u2019est ce que la Ville, la M\u00e9tropole Nice-C\u00f4te d\u2019Azur et la Maison r\u00e9gionale de l\u2019eau vont essayer d\u2019\u00e9tablir, durant les prochains mois, <a href=\"https:\/\/ville.cagnes.fr\/actualites-csm\/face-aux-inondations-agissons-ensemble\/\" target=\"_blank\" rel=\"noopener nofollow\">au travers d\u2019un questionnaire en ligne<\/a> (1).<\/p>\n<p>\u00ab\u00a0Nous souhaitons savoir comment les habitants, mais aussi les touristes de Cagnes-sur-Mer, per\u00e7oivent le risque inondation. S\u2019ils le prennent au s\u00e9rieux, s\u2019ils en comprennent les causes et les cons\u00e9quences. Quelles actions sont-ils pr\u00eats \u00e0 entreprendre face \u00e0 cette menace. En bref, si leur repr\u00e9sentation du risque est en ad\u00e9quation avec la r\u00e9alit\u00e9\u00a0\u00bb, expose Karine Viciana.<\/p>\n<p>\u00ab\u00a0La prise de conscience ne suffit pas\u00a0\u00bb<\/p>\n<p>La directrice de la Maison r\u00e9gionale de l\u2019eau sera second\u00e9e dans cette mission par quatorze \u00e9tudiants. Tous suivent le master Gestion territoriale des risques naturels et technologiques &#8211; sciences du risque, \u00e0 Marseille. Durant le dernier week-end d\u2019avril, ils ont multipli\u00e9 les micros-trottoirs et le porte-\u00e0-porte, notamment dans le centre-ville, au Cros et au centre commercial <a href=\"https:\/\/www.nicematin.com\/faits-divers\/intemperies-polygone-riviera-a-pris-l-eau-a-15-jours-de-l-ouverture-310982\" rel=\"nofollow noopener\" target=\"_blank\">Shopping Promenade Riviera (ex-Polygone), construit en zone inondable<\/a>.<\/p>\n<p>\u00ab\u00a0Une fois analys\u00e9es, les donn\u00e9es recueillies nous permettront, avec une agence de communication, d\u2019\u00e9tablir une strat\u00e9gie de sensibilisation \u00e0 partir de juin\u00a0\u00bb, poursuit Karine Viciana. L\u2019occasion de rappeler les r\u00e9flexes \u00e0 adopter en cas d\u2019alerte inondation, \u00ab\u00a0parce que la prise de conscience ne suffit pas. Il faut passer de la pens\u00e9e \u00e0 l\u2019action\u00a0\u00bb, mart\u00e8le la directrice. Avant de donner quelques exemples: \u00ab\u00a0Pour ne pas encombrer les voies de circulation et pour ne pas se faire emporter, il est primordial de ne pas sortir de chez soi. M\u00eame pour aller chercher ses enfants \u00e0 l\u2019\u00e9cole, o\u00f9 des proc\u00e9dures de mise \u00e0 l\u2019abri sont pr\u00e9vues. (&#8230;) Mais la gestion du risque se fait surtout en amont: ne pas garer sa voiture \u00e0 c\u00f4t\u00e9 d\u2019un cours d\u2019eau. Ou encore am\u00e9nager sa maison pour la rendre plus r\u00e9siliente.\u00a0\u00bb<\/p>\n<p>Des diagnostics \u00e0 domicile<\/p>\n<p>Sur ce dernier point, un bureau d\u2019\u00e9tude sp\u00e9cialis\u00e9 assistera les particuliers dont les propri\u00e9t\u00e9s seront identifi\u00e9es comme vuln\u00e9rables. \u00c0 partir du mois prochain et jusqu\u2019en d\u00e9cembre 2026, ces diagnostics proposeront une s\u00e9rie de mesures de protection: mettre hors d\u2019eau les \u00e9quipements sensibles, d\u00e9ployer des batardeaux, am\u00e9nager un Velux en guise d\u2019\u00e9chappatoire, signaliser la pr\u00e9sence d\u2019une piscine enterr\u00e9e, installer un dispositif anti-refoulement qui pr\u00e9vient les remont\u00e9es d\u2019eaux us\u00e9es, etc.<\/p>\n<p>\u00ab\u00a0Bref, vivre un peu plus \u00e0 la mani\u00e8re des Hollandais\u00a0\u00bb, conclut Louis N\u00e8gre. Artisan de la <a href=\"https:\/\/www.nicematin.com\/environnement\/moins-betonner-et-renaturer-en-ville-des-solutions-pour-faire-face-a-la-secheresse-et-aux-inondations-770111\" rel=\"nofollow noopener\" target=\"_blank\">renaturation partielle du lit de la Cagne afin d\u2019en limiter les crues<\/a>, le maire n\u2019aura de cesse de le rappeler: \u00ab\u00a0Aux Pays-Bas, ils ont compris et il serait temps qu\u2019on l\u2019int\u00e8gre aussi: il y aura des temp\u00eates, des inondations. Encore plus avec le d\u00e9r\u00e8glement climatique. \u00c0 nous d\u2019apprendre \u00e0 vivre avec ce risque, in\u00e9vitable.\u00a0\u00bb<\/p>\n<p>1. Le lien du questionnaire: Ville.cagnes.fr\/actualites-csm\/face-aux-inondations-agissons-ensemble<\/p>\n","protected":false},"excerpt":{"rendered":"Paisible et fluette le plus clair de son temps, la Cagne inspire moins la crainte que le bucolisme.&hellip;\n","protected":false},"author":2,"featured_media":90331,"comment_status":"","ping_status":"","sticky":false,"template":"","format":"standard","meta":{"footnotes":""},"categories":[2819],"tags":[1111,11,436,1777,674,1011,27,12,2401,882,25,656],"class_list":{"0":"post-90330","1":"post","2":"type-post","3":"status-publish","4":"format-standard","5":"has-post-thumbnail","7":"category-nice","8":"tag-actu","9":"tag-actualites","10":"tag-environnement","11":"tag-eu","12":"tag-europe","13":"tag-fr","14":"tag-france","15":"tag-news","16":"tag-nice","17":"tag-provence-alpes-cote-dazur","18":"tag-republique-francaise","19":"tag-securite"},"share_on_mastodon":{"url":"https:\/\/pubeurope.com\/@fr\/114485770522786170","error":""},"_links":{"self":[{"href":"https:\/\/www.europesays.com\/fr\/wp-json\/wp\/v2\/posts\/90330","targetHints":{"allow":["GET"]}}],"collection":[{"href":"https:\/\/www.europesays.com\/fr\/wp-json\/wp\/v2\/posts"}],"about":[{"href":"https:\/\/www.europesays.com\/fr\/wp-json\/wp\/v2\/types\/post"}],"author":[{"embeddable":true,"href":"https:\/\/www.europesays.com\/fr\/wp-json\/wp\/v2\/users\/2"}],"replies":[{"embeddable":true,"href":"https:\/\/www.europesays.com\/fr\/wp-json\/wp\/v2\/comments?post=90330"}],"version-history":[{"count":0,"href":"https:\/\/www.europesays.com\/fr\/wp-json\/wp\/v2\/posts\/90330\/revisions"}],"wp:featuredmedia":[{"embeddable":true,"href":"https:\/\/www.europesays.com\/fr\/wp-json\/wp\/v2\/media\/90331"}],"wp:attachment":[{"href":"https:\/\/www.europesays.com\/fr\/wp-json\/wp\/v2\/media?parent=90330"}],"wp:term":[{"taxonomy":"category","embeddable":true,"href":"https:\/\/www.europesays.com\/fr\/wp-json\/wp\/v2\/categories?post=90330"},{"taxonomy":"post_tag","embeddable":true,"href":"https:\/\/www.europesays.com\/fr\/wp-json\/wp\/v2\/tags?post=90330"}],"curies":[{"name":"wp","href":"https:\/\/api.w.org\/{rel}","templated":true}]}}