{"id":903589,"date":"2026-05-01T01:30:15","date_gmt":"2026-05-01T01:30:15","guid":{"rendered":"https:\/\/www.europesays.com\/fr\/903589\/"},"modified":"2026-05-01T01:30:15","modified_gmt":"2026-05-01T01:30:15","slug":"handball-cesson-rennes-frise-la-correctionnelle-mais-sen-sort-contre-istres","status":"publish","type":"post","link":"https:\/\/www.europesays.com\/fr\/903589\/","title":{"rendered":"Handball. Cesson Rennes frise la correctionnelle mais s\u2019en sort contre Istres"},"content":{"rendered":"<p>Certes, cette r\u00e9ception d\u2019Istres avait tout du match pi\u00e8ge, encore une fois, pour Cesson Rennes. Les Sudistes, qui jouent leur survie en Starligue, avaient marqu\u00e9 les esprits <a href=\"https:\/\/www.ouest-france.fr\/sport\/handball\/cesson-rennes-metropole\/handball-starligue-catastrophique-cesson-rennes-passe-a-cote-de-son-sujet-a-istres-5cef4704-cb00-11f0-8e72-0bb15ba0f998\" target=\"_self\" rel=\"nofollow noopener\">en douchant les Bretons \u00e0 l\u2019aller,<\/a> et globalement, ces derni\u00e8res saisons, ils ont souvent rev\u00eatu le costume de la b\u00eate noire pour le CRMHB\u00a0(un nul, aucun succ\u00e8s pour Cesson depuis mars\u00a02023 en championnat).<\/p>\n<p>La mauvaise histoire a bien failli se r\u00e9p\u00e9ter pour les hommes de S\u00e9bastien Leriche, jeudi 30\u00a0avril, \u00e0 la Glaz Arena de Cesson-S\u00e9vign\u00e9. La faute \u00e0 une premi\u00e8re mi-temps compl\u00e8tement manqu\u00e9e, d\u2019abord dans les attitudes, avec un faux rythme subi, une d\u00e9fense aux abonn\u00e9s absents, une attaque impr\u00e9cise. Sanction\u00a0: quatre buts de retard \u00e0 la pause\u00a0(14-18), et une petite soufflante dans les vestiaires.<\/p>\n<p><strong>Lire aussi.<\/strong> <a href=\"https:\/\/www.ouest-france.fr\/sport\/handball\/cesson-rennes-metropole\/handball-ce-serait-dommage-de-finir-dixieme-ou-onzieme-alors-que-toute-la-saison-a-ete-positive-lance-michal-baran-500eaab4-42fd-11f1-8492-0dabd481308d\" target=\"_self\" rel=\"nofollow noopener\">\u00ab\u00a0Ce serait dommage de finir dixi\u00e8me ou onzi\u00e8me alors que toute la saison a \u00e9t\u00e9 positive\u00a0\u00bb, juge Michal Baran<\/a><\/p>\n<p>        Presque l\u2019inverse de la rencontre face au PSG<\/p>\n<p>Des mots qui auront port\u00e9 leurs fruits dans une deuxi\u00e8me p\u00e9riode o\u00f9 Cesson Rennes a affich\u00e9 un tout autre visage. Il aura fallu quelques individualit\u00e9s d\u00e9cisives pour relancer la machine collective\u00a0: le r\u00e9veil de Jean-Emmanuel Kouassi dans les cages\u00a0(7\u00a0arr\u00eats entre la 35e et la 45e), plusieurs pilonnages en r\u00e8gle de Mathieu Salou\u00a0(trois buts entre la 35e et la 40e), l\u2019apport d\u00e9fensif de Josep Folques, la pertinence d\u2019Egon Hanusz.<\/p>\n<p>Revenus \u00e0 hauteur \u00e0 la 44e\u00a0(23-23) apr\u00e8s avoir accus\u00e9 jusqu\u2019\u00e0 six buts de d\u00e9bours\u00a0(15-21, 34\u2019), les Cessonnais ont bataill\u00e9 jusqu\u2019au bout pour arracher les deux points de la victoire. Se faisant une ultime frayeur, avec l\u2019exclusion temporaire de Szeitl \u00e0 presque deux minutes du coup de sifflet final.<\/p>\n<p>Il y avait eu, la semaine pass\u00e9e, <a href=\"https:\/\/www.ouest-france.fr\/sport\/handball\/cesson-rennes-metropole\/handball-ils-ont-defendu-le-maillot-comme-jamais-face-au-psg-cesson-a-eu-du-cur-et-a-merite-les-honneurs-db42c494-401e-11f1-bf08-96ac50387fe7\" target=\"_self\" rel=\"nofollow noopener\">la d\u00e9faite au beau contenu contre le PSG<\/a>, match spectaculaire mais comptablement sans rendement. Jeudi, ce fut l\u2019oppos\u00e9, une prestation globalement laborieuse mais deux points pr\u00e9cieux pour rester dans les objectifs de neuvi\u00e8me place.<\/p>\n<p>Le CRMHB se d\u00e9placera lors de la prochaine journ\u00e9e, vendredi 8\u00a0mai\u00a0(20\u00a0h) \u00e0 Montpellier, pour l\u2019instant troisi\u00e8me du championnat.<\/p>\n<p>        Cesson Rennes &#8211; Istres\u00a0: 31-30\u00a0(14-18)<\/p>\n<p>Arbitres\u00a0: MM. Bounouara et Pichon.<\/p>\n<p><strong>CESSON.<\/strong> Gardiens\u00a0: Sunjic\u00a0(cap.) 1\/11\u00a0(dont 0\/3\u00a0pen), Kouassi 11\/31\u00a0(dont 0\/1\u00a0pen). Joueurs de champ\u00a0: Salou 6\/9, Hanusz 7\/9, Baran 2\/4, Causs\u00e9 0\/1, Szeitl 5\/5, Labigang 6\/7 dont 3\/4 pen), Baradat 0\/1, Moran, Lemoine, Fradet, Nieto 3\/3, Ooms 1\/1, Folques 1\/1, Rodrigues 0\/3.<\/p>\n<p>Entra\u00eeneur\u00a0: S\u00e9bastien Leriche.<\/p>\n<p><strong>Exclusions temporaires\u00a0:<\/strong> Rodrigues\u00a0(17\u2019), Szeitl\u00a0(58\u2019).<\/p>\n<p><strong>ISTRES.<\/strong> Gardiens\u00a0: Mathias\u00a0(cap.) 6\/29\u00a0(dont 0\/1\u00a0pen), Deekens 1\/9\u00a0(dont 0\/2\u00a0pen). Joueurs de champ\u00a0: Araujo 6\/11, Camara 2\/3, Laufray 1\/1, Gensoulen 1\/3, Boilesen, Bortoli 1\/2, Dourte 0\/1, Padolus, Kammenhed 2\/6, Dujic, Gaillard 4\/6, Borges 4\/6, Martinon 1\/1, Sanad 8\/9.<\/p>\n<p>Entra\u00eeneur\u00a0: Bastien Cismondo.<\/p>\n<p><strong>Exclusions temporaires\u00a0:<\/strong> Padolus\u00a0(4\u2019), Bortoli\u00a0(12\u2019, 37\u2019), Borges\u00a0(13\u2019), Padolus\u00a0(54\u2019).<\/p>\n","protected":false},"excerpt":{"rendered":"Certes, cette r\u00e9ception d\u2019Istres avait tout du match pi\u00e8ge, encore une fois, pour Cesson Rennes. Les Sudistes, qui&hellip;\n","protected":false},"author":2,"featured_media":903590,"comment_status":"","ping_status":"","sticky":false,"template":"","format":"standard","meta":{"footnotes":"","_share_on_mastodon":"0"},"categories":[2821],"tags":[1111,11,829,87707,4099,1777,674,1011,27,1792,848,34592,12,584,25,517,24650],"class_list":["post-903589","post","type-post","status-publish","format-standard","has-post-thumbnail","category-rennes","tag-actu","tag-actualites","tag-bretagne","tag-cesson-rennes-metropole","tag-cesson-sevigne","tag-eu","tag-europe","tag-fr","tag-france","tag-handball","tag-ille-et-vilaine","tag-istres","tag-news","tag-rennes","tag-republique-francaise","tag-sport","tag-starligue"],"share_on_mastodon":{"url":"","error":""},"_links":{"self":[{"href":"https:\/\/www.europesays.com\/fr\/wp-json\/wp\/v2\/posts\/903589","targetHints":{"allow":["GET"]}}],"collection":[{"href":"https:\/\/www.europesays.com\/fr\/wp-json\/wp\/v2\/posts"}],"about":[{"href":"https:\/\/www.europesays.com\/fr\/wp-json\/wp\/v2\/types\/post"}],"author":[{"embeddable":true,"href":"https:\/\/www.europesays.com\/fr\/wp-json\/wp\/v2\/users\/2"}],"replies":[{"embeddable":true,"href":"https:\/\/www.europesays.com\/fr\/wp-json\/wp\/v2\/comments?post=903589"}],"version-history":[{"count":0,"href":"https:\/\/www.europesays.com\/fr\/wp-json\/wp\/v2\/posts\/903589\/revisions"}],"wp:featuredmedia":[{"embeddable":true,"href":"https:\/\/www.europesays.com\/fr\/wp-json\/wp\/v2\/media\/903590"}],"wp:attachment":[{"href":"https:\/\/www.europesays.com\/fr\/wp-json\/wp\/v2\/media?parent=903589"}],"wp:term":[{"taxonomy":"category","embeddable":true,"href":"https:\/\/www.europesays.com\/fr\/wp-json\/wp\/v2\/categories?post=903589"},{"taxonomy":"post_tag","embeddable":true,"href":"https:\/\/www.europesays.com\/fr\/wp-json\/wp\/v2\/tags?post=903589"}],"curies":[{"name":"wp","href":"https:\/\/api.w.org\/{rel}","templated":true}]}}