{"id":90372,"date":"2025-05-10T22:21:16","date_gmt":"2025-05-10T22:21:16","guid":{"rendered":"https:\/\/www.europesays.com\/fr\/90372\/"},"modified":"2025-05-10T22:21:16","modified_gmt":"2025-05-10T22:21:16","slug":"antoine-berger-jai-eu-chaud-actualite","status":"publish","type":"post","link":"https:\/\/www.europesays.com\/fr\/90372\/","title":{"rendered":"Antoine Berger : \u00ab J\u2019ai eu chaud \u00bb &#8211; Actualit\u00e9"},"content":{"rendered":"<p style=\"text-align: justify;\">Antoine Berger a fait plusieurs fois le jump, ce samedi, \u00e0 la fin de la deuxi\u00e8me \u00e9tape du Circuit de Sa\u00f4ne-et-Loire. \u201c\u00c0 Solutr\u00e9, au km 125, il y a eu une chute, \u00e7a a chang\u00e9 la course. Le peloton s\u2019est scind\u00e9 en trois parties. \u00c0 ce moment-l\u00e0, Victor Loulergue, Antoine Raugel et Victor Vidal sont sortis. J&rsquo;\u00e9tais vraiment loin, dans un troisi\u00e8me groupe. Je suis pass\u00e9 de groupe en groupe, j&rsquo;ai l\u00e2ch\u00e9 quelques cartouches. \u00c0 la fin, je les voyais tous les trois devant sur le plat, et je me suis dit qu&rsquo;il fallait y aller. Je suis revenu tout seul sur eux\u201c, explique au micro de DirectVelo le soci\u00e9taire du SCO Dijon-Team Materiel-velo.com.<\/p>\n<p style=\"text-align: justify;\">Le coureur de 25 ans est rentr\u00e9 sur le trio de t\u00eate dans les dix derniers kilom\u00e8tres. \u201c\u00c7a ne collaborait pas, certains passaient des relais \u00e0 80-85 %, mais tout le monde \u00e9tait un peu lim\u00e9\u201c. Quelques bornes plus loin, le quatuor de t\u00eate est repris par le premier peloton. C\u2019est \u00e0 ce moment que Victor Jean, le co\u00e9quipier de Victor Vidal, contre. \u201c\u00c0 ce moment-l\u00e0, j\u2019\u00e9tais mal plac\u00e9, je r\u00e9cup\u00e9rais 30 secondes\u201c. Il s\u2019est ensuite repositionn\u00e9 en pr\u00e9vision du sprint. \u201cVictor Loulergue a mis son co\u00e9quipier Louis Ferreira \u00e0 rouler devant. Je me sentais bien, j&rsquo;ai pris le virage en 3e place, et j\u2019ai attaqu\u00e9 aux 600 m\u00e8tres. J&rsquo;ai roul\u00e9 \u00e0 fond, et j&rsquo;ai vu que \u00e7a ne me suivait pas derri\u00e8re. J&rsquo;ai aper\u00e7u un coureur du CC Etupes devant (Victor Jean, NDLR), donc je me suis mis \u00e0 bloc\u201c.<\/p>\n<p style=\"text-align: justify;\"><strong>\u00ab\u00a0EXACTEMENT CE QUE JE VEUX \u00bb<\/strong><\/p>\n<p style=\"text-align: justify;\">Antoine Berger l\u2019a rattrap\u00e9 et s\u2019est impos\u00e9 de justesse (<strong><a href=\"https:\/\/www.directvelo.com\/actualite\/120540\/circuit-de-saone-et-loire-et-2-classements\" target=\"_blank\" rel=\"noopener\">voir classement<\/a><\/strong>). \u201cJ&rsquo;ai r\u00e9ussi \u00e0 temporiser un peu dans sa roue. On \u00e9tait tous les deux \u00e0 fond. \u00c7a s\u2019est jou\u00e9 au lancer de v\u00e9lo, \u00e0 la photo-finish. J\u2019ai eu chaud\u201c. Il s\u2019agit de sa quatri\u00e8me victoire de la saison en \u00c9lite Nationale (<strong><a href=\"https:\/\/www.directvelo.com\/coureur\/33222\/antoine-berger\" target=\"_blank\" rel=\"noopener\">voir sa fiche DirectVelo<\/a><\/strong>). \u201cC\u2019est exactement ce que je veux : \u00eatre constant. C&rsquo;est s\u00fbr que \u00e7a me met en confiance, mais \u00e7a rend parfois les choses un peu plus compliqu\u00e9es, car dans le peloton, on ne me fait pas de cadeau\u201c.<\/p>\n<p style=\"text-align: justify;\">Le laur\u00e9at du Tour du Pays Roannais 2024 arrive dans une p\u00e9riode propice pour lui. \u201cC&rsquo;est le d\u00e9but des courses par \u00e9tapes, donc j&rsquo;ai envie d&rsquo;\u00eatre pr\u00e9sent. Je souhaite surtout \u00eatre costaud au mois de juin, avec tout l&rsquo;encha\u00eenement de belles \u00e9preuves qu&rsquo;il va y avoir. Le Circuit de Sa\u00f4ne-et-Loire est un premier test, avec un beau peloton et des \u00e9tapes dures\u201c. Le 5e au g\u00e9n\u00e9ral \u00e0 18 secondes du leader Tristan Delacroix (AVC Aix Provence Dole) aura encore un parcours escarp\u00e9, ce dimanche, pour le dernier acte. \u201cLe but est de prendre le maillot. On va pouvoir mettre en route dans les bosses, en esp\u00e9rant qu\u2019il n\u2019y ait pas de vent de face dans les bosses comme \u00e7a a \u00e9t\u00e9 le cas aujourd\u2019hui, pour pouvoir cr\u00e9er des \u00e9carts\u201c.<\/p>\n","protected":false},"excerpt":{"rendered":"Antoine Berger a fait plusieurs fois le jump, ce samedi, \u00e0 la fin de la deuxi\u00e8me \u00e9tape du&hellip;\n","protected":false},"author":2,"featured_media":90373,"comment_status":"","ping_status":"","sticky":false,"template":"","format":"standard","meta":{"footnotes":""},"categories":[1586],"tags":[11,834,828,836,829,837,827,83,826,824,823,207,814,817,815,816,822,821,1777,674,1779,832,211,839,1011,27,820,818,819,12,835,831,830,833,838,25,212,1778,364,208,825],"class_list":{"0":"post-90372","1":"post","2":"type-post","3":"status-publish","4":"format-standard","5":"has-post-thumbnail","7":"category-europe","8":"tag-actualites","9":"tag-attaque","10":"tag-belgique","11":"tag-braquet","12":"tag-bretagne","13":"tag-chute","14":"tag-competition","15":"tag-coupe-de-france","16":"tag-coureur","17":"tag-course-cyclisme","18":"tag-course-cycliste","19":"tag-cyclisme","20":"tag-direct","21":"tag-direct-velo","22":"tag-directvelo","23":"tag-directvelo-com","24":"tag-epreuve","25":"tag-epreuve-cycliste","26":"tag-eu","27":"tag-europe","28":"tag-european-union","29":"tag-federation-francaise-de-cyclisme","30":"tag-ffc","31":"tag-flandres","32":"tag-fr","33":"tag-france","34":"tag-live","35":"tag-live-course","36":"tag-live-epreuve","37":"tag-news","38":"tag-peloton","39":"tag-radio-peloton","40":"tag-radio-tour","41":"tag-ravitaillement","42":"tag-relance","43":"tag-republique-francaise","44":"tag-uci","45":"tag-ue","46":"tag-union-europeenne","47":"tag-velo","48":"tag-velos"},"share_on_mastodon":{"url":"","error":"Validation failed: Text character limit of 500 exceeded"},"_links":{"self":[{"href":"https:\/\/www.europesays.com\/fr\/wp-json\/wp\/v2\/posts\/90372","targetHints":{"allow":["GET"]}}],"collection":[{"href":"https:\/\/www.europesays.com\/fr\/wp-json\/wp\/v2\/posts"}],"about":[{"href":"https:\/\/www.europesays.com\/fr\/wp-json\/wp\/v2\/types\/post"}],"author":[{"embeddable":true,"href":"https:\/\/www.europesays.com\/fr\/wp-json\/wp\/v2\/users\/2"}],"replies":[{"embeddable":true,"href":"https:\/\/www.europesays.com\/fr\/wp-json\/wp\/v2\/comments?post=90372"}],"version-history":[{"count":0,"href":"https:\/\/www.europesays.com\/fr\/wp-json\/wp\/v2\/posts\/90372\/revisions"}],"wp:featuredmedia":[{"embeddable":true,"href":"https:\/\/www.europesays.com\/fr\/wp-json\/wp\/v2\/media\/90373"}],"wp:attachment":[{"href":"https:\/\/www.europesays.com\/fr\/wp-json\/wp\/v2\/media?parent=90372"}],"wp:term":[{"taxonomy":"category","embeddable":true,"href":"https:\/\/www.europesays.com\/fr\/wp-json\/wp\/v2\/categories?post=90372"},{"taxonomy":"post_tag","embeddable":true,"href":"https:\/\/www.europesays.com\/fr\/wp-json\/wp\/v2\/tags?post=90372"}],"curies":[{"name":"wp","href":"https:\/\/api.w.org\/{rel}","templated":true}]}}