{"id":90389,"date":"2025-05-10T22:31:08","date_gmt":"2025-05-10T22:31:08","guid":{"rendered":"https:\/\/www.europesays.com\/fr\/90389\/"},"modified":"2025-05-10T22:31:08","modified_gmt":"2025-05-10T22:31:08","slug":"eirik-horneland-se-dit-heureux-detre-encore-en-vie-apres-la-victoire-de-saint-etienne","status":"publish","type":"post","link":"https:\/\/www.europesays.com\/fr\/90389\/","title":{"rendered":"Eirik Horneland se dit \u00abheureux d&rsquo;\u00eatre encore en vie\u00bb apr\u00e8s la victoire de Saint-\u00c9tienne"},"content":{"rendered":"<p>Vainqueurs lors de cette 33e journ\u00e9e \u00e0 Reims (0-2), les St\u00e9phanois nourrissent des espoirs de maintien en Ligue 1, apr\u00e8s la d\u00e9faite du Havre contre l\u2019OM (1-3). L\u2019entra\u00eeneur vert Erik Horneland se dit \u00abheureux d\u2019\u00eatre encore en vie\u00bb.<\/p>\n<p class=\"fig-paragraph\">\u00abJe suis heureux qu&rsquo;on soit encore en vie\u00bb, a d\u00e9clar\u00e9 Eirik Horneland, l&rsquo;entra\u00eeneur de Saint-\u00c9tienne, apr\u00e8s la victoire des Verts, \u00e0 Reims (2-0), samedi, \u00e0 l&rsquo;occasion de la 33e journ\u00e9e de Ligue 1.<\/p>\n<p class=\"fig-paragraph\">\u00abLes joueurs ont \u00e9t\u00e9 tr\u00e8s concentr\u00e9s, ils ont montr\u00e9 beaucoup de discipline, c&rsquo;\u00e9tait important de ne pas jouer le match dans sa t\u00eate avant de le disputer. On a eu la bonne mentalit\u00e9 pour aborder ce genre de rencontre et il faudra s&rsquo;en servir pour le match face \u00e0 Toulouse\u00bb, a-t-il dit.<\/p>\n<p class=\"fig-body-link\">\n            \u00c0 lire aussi<br \/>\n        <a class=\"fig-body-link__link\" href=\"http:\/\/www.lefigaro.fr\/sports\/football\/ligue-1\/ligue-1-saint-etienne-croit-au-maintien-angers-sauve-sa-peau-20250510\" data-fig-type=\"NewsFlash\" data-gtm-custom-categorie=\"navigation\" data-gtm-custom-action=\"crossclick\" data-gtm-custom-label=\"Contextuel\" data-gtm-event=\"customEventSPE\" data-fig-domain=\"LEFIGARO\" target=\"_blank\" rel=\"noopener\">Ligue 1\u00a0: Saint-\u00c9tienne croit au maintien, Angers sauve sa peau, Le Havre terrass\u00e9 par l\u2019OM<br \/>\n    <\/a>\n<\/p>\n<p class=\"fig-paragraph\">Avec cette victoire, les Verts restent dix-septi\u00e8mes, mais reviennent \u00e0 un point du Havre, battu face \u00e0 Marseille (1-3), et conservent une chance de lui ravir la place de barragiste, lors de l&rsquo;ultime journ\u00e9e. Ils devront prendre les trois points et esp\u00e9rer que les Havrais ne s&rsquo;imposent pas \u00e0 Strasbourg.<\/p>\n<p class=\"fig-paragraph\">\u00ab\u00c7a va \u00eatre difficile, car \u00e7a ne d\u00e9pend pas que de nous, on peut gagner et \u00eatre quand m\u00eame rel\u00e9gu\u00e9s\u00bb, a ajout\u00e9 le coach norv\u00e9gien. \u00abOn doit r\u00e9aliser une bonne semaine, faire le travail contre Toulouse, avec une atmosph\u00e8re fantastique \u00e0 Geoffroy-Guichard, et esp\u00e9rer qu&rsquo;on ait de la chance avec l&rsquo;autre match\u00bb.<\/p>\n","protected":false},"excerpt":{"rendered":"Vainqueurs lors de cette 33e journ\u00e9e \u00e0 Reims (0-2), les St\u00e9phanois nourrissent des espoirs de maintien en Ligue&hellip;\n","protected":false},"author":2,"featured_media":90390,"comment_status":"","ping_status":"","sticky":false,"template":"","format":"standard","meta":{"footnotes":""},"categories":[1412],"tags":[461,525,1981,814,1451,2257,63,1452,1453,1454,1455,1011,27,3309,66,1307,955,1176,978,93,1980,60,464],"class_list":{"0":"post-90389","1":"post","2":"type-post","3":"status-publish","4":"format-standard","5":"has-post-thumbnail","7":"category-f1","8":"tag-asse","9":"tag-calendrier","10":"tag-classement","11":"tag-direct","12":"tag-f1","13":"tag-foot","14":"tag-football","15":"tag-formula-1","16":"tag-formula1","17":"tag-formule-1","18":"tag-formule1","19":"tag-fr","20":"tag-france","21":"tag-l1","22":"tag-ligue-1","23":"tag-lille","24":"tag-match","25":"tag-olympique-de-marseille","26":"tag-olympique-lyonnais","27":"tag-psg","28":"tag-resultats","29":"tag-sports","30":"tag-stade-de-reims"},"share_on_mastodon":{"url":"https:\/\/pubeurope.com\/@fr\/114485912084157207","error":""},"_links":{"self":[{"href":"https:\/\/www.europesays.com\/fr\/wp-json\/wp\/v2\/posts\/90389","targetHints":{"allow":["GET"]}}],"collection":[{"href":"https:\/\/www.europesays.com\/fr\/wp-json\/wp\/v2\/posts"}],"about":[{"href":"https:\/\/www.europesays.com\/fr\/wp-json\/wp\/v2\/types\/post"}],"author":[{"embeddable":true,"href":"https:\/\/www.europesays.com\/fr\/wp-json\/wp\/v2\/users\/2"}],"replies":[{"embeddable":true,"href":"https:\/\/www.europesays.com\/fr\/wp-json\/wp\/v2\/comments?post=90389"}],"version-history":[{"count":0,"href":"https:\/\/www.europesays.com\/fr\/wp-json\/wp\/v2\/posts\/90389\/revisions"}],"wp:featuredmedia":[{"embeddable":true,"href":"https:\/\/www.europesays.com\/fr\/wp-json\/wp\/v2\/media\/90390"}],"wp:attachment":[{"href":"https:\/\/www.europesays.com\/fr\/wp-json\/wp\/v2\/media?parent=90389"}],"wp:term":[{"taxonomy":"category","embeddable":true,"href":"https:\/\/www.europesays.com\/fr\/wp-json\/wp\/v2\/categories?post=90389"},{"taxonomy":"post_tag","embeddable":true,"href":"https:\/\/www.europesays.com\/fr\/wp-json\/wp\/v2\/tags?post=90389"}],"curies":[{"name":"wp","href":"https:\/\/api.w.org\/{rel}","templated":true}]}}