{"id":903895,"date":"2026-05-01T04:57:16","date_gmt":"2026-05-01T04:57:16","guid":{"rendered":"https:\/\/www.europesays.com\/fr\/903895\/"},"modified":"2026-05-01T04:57:16","modified_gmt":"2026-05-01T04:57:16","slug":"saint-etienne-un-audit-financier-par-la-chambre-regionale-des-comptes","status":"publish","type":"post","link":"https:\/\/www.europesays.com\/fr\/903895\/","title":{"rendered":"Saint-Etienne. Un audit financier par la chambre r\u00e9gionale des comptes"},"content":{"rendered":"<p><img loading=\"lazy\" decoding=\"async\" alt=\"\u00a9 L'Essor \/ Fabrice Roure - Le contr\u00f4le financier de la Ville de Saint-Etienne est pr\u00e9vu pour durer six mois.\" data-zoom-src=\"https:\/\/www.europesays.com\/fr\/wp-content\/uploads\/2026\/05\/initial-mairie-de-saint-etienne.jpg\" data-zoomable=\"\" height=\"702\" src=\"https:\/\/www.europesays.com\/fr\/wp-content\/uploads\/2026\/05\/initial-mairie-de-saint-etienne.jpg\" width=\"1248\"\/>  <\/p>\n<p class=\"article-desc\">\u00a9 L&rsquo;Essor \/ Fabrice Roure &#8211; Le contr\u00f4le financier de la Ville de Saint-Etienne est pr\u00e9vu pour durer six mois. <\/p>\n<p>C&rsquo;\u00e9tait une promesse de campagne du candidat en lice \u00e0 la mairie de Saint-\u00c9tienne. <a href=\"https:\/\/mesinfos.fr\/42000-saint-etienne\/municipales-2026-regis-juanico-elu-maire-de-saint-etienne-la-ville-passe-a-gauche-242827.html\" rel=\"noopener nofollow\" target=\"_blank\">Elu maire<\/a>, <strong>R\u00e9gis Juanico<\/strong> annonce que la Ville subira un <strong>audit financier<\/strong> men\u00e9 par la Chambre r\u00e9gionale des comptes (CRC). <\/p>\n<p>Selon le premier \u00e9dile, \u00ab\u00a0Le but est d\u2019avoir un \u00e9tat des lieux, une photographie des finances et des d\u00e9penses. L\u2019audit va porter sur les cinq derni\u00e8res ann\u00e9es, 2021-2025, et nous aurons les r\u00e9sultats dans six mois\u00a0\u00bb.<\/p>\n<p> Un audit financier pour s\u00e9curiser l&rsquo;action de la nouvelle majorit\u00e9 st\u00e9phanoise <\/p>\n<p>De quoi d\u00e9finir ou s\u00e9curiser les prochaines <strong>orientations du mandat <\/strong>en v\u00e9rifiant les capacit\u00e9s financi\u00e8res de la Ville. Par un courrier en date du 24 avril dernier, la juridiction financi\u00e8re a inform\u00e9 le maire de l\u2019ouverture d\u2019un contr\u00f4le des comptes et de la gestion de la commune.<\/p>\n<p>\u00ab\u00a0Nous nous sommes tourn\u00e9s vers la Chambre r\u00e9gionale des comptes qui a estim\u00e9 qu\u2019un contr\u00f4le \u00e9tait justifi\u00e9. Le co\u00fbt de cet audit aurait \u00e9t\u00e9 de 100 000 euros si nous avions fait appel \u00e0 un prestataire\u00a0\u00bb, compl\u00e8te le premier magistrat. <\/p>\n<p><strong>Ce contr\u00f4le s\u2019effectuera sur pi\u00e8ces et sur place<\/strong>, la Chambre \u00e9tant habilit\u00e9e \u00e0 acc\u00e9der \u00e0 l\u2019ensemble des documents, donn\u00e9es et traitements n\u00e9cessaires \u00e0 l\u2019exercice de sa mission. Les conclusions, elles, feront l\u2019objet d\u2019une communication aupr\u00e8s des \u00e9lus, des citoyens et des partenaires institutionnels.<\/p>\n","protected":false},"excerpt":{"rendered":"\u00a9 L&rsquo;Essor \/ Fabrice Roure &#8211; Le contr\u00f4le financier de la Ville de Saint-Etienne est pr\u00e9vu pour durer&hellip;\n","protected":false},"author":2,"featured_media":903896,"comment_status":"","ping_status":"","sticky":false,"template":"","format":"standard","meta":{"footnotes":"","_share_on_mastodon":"0"},"categories":[9653],"tags":[1111,11,2430,1003,1777,674,1011,27,2554,12,25,4001,15880],"class_list":["post-903895","post","type-post","status-publish","format-standard","has-post-thumbnail","category-saint-etienne","tag-actu","tag-actualites","tag-auvergne-rhone-alpes","tag-budget","tag-eu","tag-europe","tag-fr","tag-france","tag-investissements","tag-news","tag-republique-francaise","tag-saint-etienne","tag-ville-de-saint-etienne"],"share_on_mastodon":{"url":"https:\/\/pubeurope.com\/@fr\/116497550537089375","error":""},"_links":{"self":[{"href":"https:\/\/www.europesays.com\/fr\/wp-json\/wp\/v2\/posts\/903895","targetHints":{"allow":["GET"]}}],"collection":[{"href":"https:\/\/www.europesays.com\/fr\/wp-json\/wp\/v2\/posts"}],"about":[{"href":"https:\/\/www.europesays.com\/fr\/wp-json\/wp\/v2\/types\/post"}],"author":[{"embeddable":true,"href":"https:\/\/www.europesays.com\/fr\/wp-json\/wp\/v2\/users\/2"}],"replies":[{"embeddable":true,"href":"https:\/\/www.europesays.com\/fr\/wp-json\/wp\/v2\/comments?post=903895"}],"version-history":[{"count":0,"href":"https:\/\/www.europesays.com\/fr\/wp-json\/wp\/v2\/posts\/903895\/revisions"}],"wp:featuredmedia":[{"embeddable":true,"href":"https:\/\/www.europesays.com\/fr\/wp-json\/wp\/v2\/media\/903896"}],"wp:attachment":[{"href":"https:\/\/www.europesays.com\/fr\/wp-json\/wp\/v2\/media?parent=903895"}],"wp:term":[{"taxonomy":"category","embeddable":true,"href":"https:\/\/www.europesays.com\/fr\/wp-json\/wp\/v2\/categories?post=903895"},{"taxonomy":"post_tag","embeddable":true,"href":"https:\/\/www.europesays.com\/fr\/wp-json\/wp\/v2\/tags?post=903895"}],"curies":[{"name":"wp","href":"https:\/\/api.w.org\/{rel}","templated":true}]}}