{"id":90391,"date":"2025-05-10T22:32:08","date_gmt":"2025-05-10T22:32:08","guid":{"rendered":"https:\/\/www.europesays.com\/fr\/90391\/"},"modified":"2025-05-10T22:32:08","modified_gmt":"2025-05-10T22:32:08","slug":"giro-tour-ditalie-gaudu-vu-le-nombre-de-fois-ou-jai-pris-mon-velo-de-chrono","status":"publish","type":"post","link":"https:\/\/www.europesays.com\/fr\/90391\/","title":{"rendered":"Giro. Tour d&rsquo;Italie &#8211; Gaudu : \u00abVu le nombre de fois o\u00f9 j&rsquo;ai pris mon v\u00e9lo de chrono&#8230;\u00bb"},"content":{"rendered":"<p><strong>David Gaudu<\/strong> a \u00e9t\u00e9 l&rsquo;un des grands perdants du contre-la-montre de cette 2e \u00e9tape ce samedi sur les routes du <strong><a href=\"https:\/\/www.cyclismactu.net\/..\/news-tour-d-italie-route-joshua-tarling-chrono-de-2e-etape-roglic-en-rose-87777.html\" target=\"_blank\" rel=\"nofollow noopener\">Giro d&rsquo;Italia<\/a><\/strong>. En effet, le Fran\u00e7ais de la <strong>Groupama-FDJ<\/strong> a termin\u00e9 en 55e position, \u00e0 55 secondes du vainqueur du jour <strong><a href=\"https:\/\/www.cyclismactu.net\/..\/news-giro-route-tour-d-italie-joshua-tarling-c-etait-si-serre-n-arrive-pas-y-croire-87781.html\" target=\"_blank\" rel=\"nofollow noopener\">Joshua Tarling<\/a><\/strong> (INEOS Grenadiers), ce qui le place parmi les favoris qui ont perdu le plus de temps. Malgr\u00e9 tout, <strong>Gaudu <\/strong>\u00e9tait relativement satisfait \u00e0 l&rsquo;arriv\u00e9e, au vu des gal\u00e8res qu&rsquo;il a subi ces derni\u00e8res semaines.<\/p>\n<p>Vid\u00e9o &#8211; Le r\u00e9sum\u00e9 de cette 2e \u00e9tape et la victoire de Tarling Lire la suite de l&rsquo;article&#13;<\/p>\n<p>\u00a0<\/p>\n<p>&#13;<br \/>\n\u00ab\u00a0Un chrono satisfaisant\u00a0\u00bb&#13;<\/p>\n<p>\u00ab\u00a0C\u2019\u00e9tait un chrono exigeant, avec beaucoup de virages, o\u00f9 il fallait \u00eatre en capacit\u00e9 de toujours relancer, remettre du braquet et de la puissance\u00a0\u00bb, a d\u00e9clar\u00e9 <strong>Gaudu<\/strong>. \u00ab\u00a0Je m\u2019\u00e9tais dit que ce serait correct si je perdais entre quarante-cinq secondes et une minute sur les autres favoris. Vu d\u2019o\u00f9 je viens, et le nombre de fois o\u00f9 je suis mont\u00e9 sur le v\u00e9lo de chrono cette ann\u00e9e, \u00e7a reste une performance honn\u00eate. Je suis content d\u2019avoir pu le faire \u00e0 fond, et m\u00eame si j\u2019ai craqu\u00e9 un peu sur la derni\u00e8re partie, c\u2019est tout de m\u00eame un chrono satisfaisant.\u00a0\u00bb<\/p>\n<p>&#13;<\/p>\n<p>Maintenant, le Fran\u00e7ais de la <strong>Groupama-FDJ<\/strong> se concentre sur la suite. \u00ab\u00a0Demain, ce sera probablement la premi\u00e8re vraie bataille du Giro, et j\u2019ai d\u00e9j\u00e0 h\u00e2te.\u00a0\u00bb<\/p>\n<p>Tour d&rsquo;Italie &#8211; Classement de la 2\u00e8 \u00e9tape Tour d&rsquo;Italie &#8211; Classement g\u00e9n\u00e9ral provisoire apr\u00e8s la 2\u00e8 \u00e9tape<\/p>\n","protected":false},"excerpt":{"rendered":"David Gaudu a \u00e9t\u00e9 l&rsquo;un des grands perdants du contre-la-montre de cette 2e \u00e9tape ce samedi sur les&hellip;\n","protected":false},"author":2,"featured_media":90392,"comment_status":"","ping_status":"","sticky":false,"template":"","format":"standard","meta":{"footnotes":""},"categories":[1411],"tags":[1154,207,1011,27,209,60,3318,208],"class_list":{"0":"post-90391","1":"post","2":"type-post","3":"status-publish","4":"format-standard","5":"has-post-thumbnail","7":"category-cyclisme","8":"tag-cycling","9":"tag-cyclisme","10":"tag-fr","11":"tag-france","12":"tag-route","13":"tag-sports","14":"tag-tour-d","15":"tag-velo"},"share_on_mastodon":{"url":"https:\/\/pubeurope.com\/@fr\/114485916154227224","error":""},"_links":{"self":[{"href":"https:\/\/www.europesays.com\/fr\/wp-json\/wp\/v2\/posts\/90391","targetHints":{"allow":["GET"]}}],"collection":[{"href":"https:\/\/www.europesays.com\/fr\/wp-json\/wp\/v2\/posts"}],"about":[{"href":"https:\/\/www.europesays.com\/fr\/wp-json\/wp\/v2\/types\/post"}],"author":[{"embeddable":true,"href":"https:\/\/www.europesays.com\/fr\/wp-json\/wp\/v2\/users\/2"}],"replies":[{"embeddable":true,"href":"https:\/\/www.europesays.com\/fr\/wp-json\/wp\/v2\/comments?post=90391"}],"version-history":[{"count":0,"href":"https:\/\/www.europesays.com\/fr\/wp-json\/wp\/v2\/posts\/90391\/revisions"}],"wp:featuredmedia":[{"embeddable":true,"href":"https:\/\/www.europesays.com\/fr\/wp-json\/wp\/v2\/media\/90392"}],"wp:attachment":[{"href":"https:\/\/www.europesays.com\/fr\/wp-json\/wp\/v2\/media?parent=90391"}],"wp:term":[{"taxonomy":"category","embeddable":true,"href":"https:\/\/www.europesays.com\/fr\/wp-json\/wp\/v2\/categories?post=90391"},{"taxonomy":"post_tag","embeddable":true,"href":"https:\/\/www.europesays.com\/fr\/wp-json\/wp\/v2\/tags?post=90391"}],"curies":[{"name":"wp","href":"https:\/\/api.w.org\/{rel}","templated":true}]}}