{"id":90395,"date":"2025-05-10T22:34:09","date_gmt":"2025-05-10T22:34:09","guid":{"rendered":"https:\/\/www.europesays.com\/fr\/90395\/"},"modified":"2025-05-10T22:34:09","modified_gmt":"2025-05-10T22:34:09","slug":"du-mal-a-joindre-les-deux-bouts-michel-drucker-raconte-la-misere-de-celine-dion","status":"publish","type":"post","link":"https:\/\/www.europesays.com\/fr\/90395\/","title":{"rendered":"\u201cDu mal \u00e0 joindre les deux bouts\u201d : Michel Drucker raconte la mis\u00e8re de C\u00e9line Dion"},"content":{"rendered":"<p>Invit\u00e9 sur les ondes de Nostalgie, l\u00a0\u00bbanimateur octog\u00e9naire s&rsquo;est<br \/>\nrem\u00e9mor\u00e9 sa premi\u00e8re rencontre avec la star qu\u00e9b\u00e9coise. C&rsquo;est en<br \/>\n1983, sur le plateau de \u00ab\u00a0Champs-\u00c9lys\u00e9es\u00a0\u00bb, que <a href=\"https:\/\/www.closermag.fr\/people\/la-maitresse-de-mitterrand-michel-drucker-seche-par-ce-secret-balance-sans-introduction-3542967\" rel=\"nofollow noopener\" target=\"_blank\"><br \/>\nMichel Drucker<\/a> accueillait pour la premi\u00e8re fois une jeune<br \/>\nC\u00e9line Dion, alors \u00e2g\u00e9e de seulement 14 ans. Ce passage t\u00e9l\u00e9vis\u00e9<br \/>\nmarquait les d\u00e9buts de l&rsquo;artiste sur les \u00e9crans fran\u00e7ais, bien<br \/>\navant qu&rsquo;elle ne devienne l&rsquo;ic\u00f4ne mondiale que l&rsquo;on conna\u00eet<br \/>\naujourd&rsquo;hui.<\/p>\n<p>Une enfance marqu\u00e9e par la pr\u00e9carit\u00e9<\/p>\n<p><a href=\"https:\/\/www.closermag.fr\/tv_tele_realite\/vous-bandez-michel-drucker-rit-jaune-dans-dans-quelle-epoque-lea-salame-ne-sait-plus-ou-se-mettre-3534768\" rel=\"nofollow noopener\" target=\"_blank\"><br \/>\nLe pr\u00e9sentateur de \u00ab\u00a0Vivement dimanche\u00a0\u00bb<\/a> a d\u00e9voil\u00e9 des souvenirs<br \/>\nparticuli\u00e8rement touchants de ses visites chez les Dion \u00e0<br \/>\nCharlemagne, au Qu\u00e9bec. \u00ab\u00a0Ils \u00e9taient 14 dans la famille et ils<br \/>\navaient du mal \u00e0 joindre les deux bouts\u00a0\u00bb, a confi\u00e9 Michel<br \/>\nDrucker, soulignant ainsi la pauvret\u00e9 dans laquelle grandissait la<br \/>\nfuture star.<\/p>\n<p>L&rsquo;animateur a notamment partag\u00e9 une anecdote poignante sur les<br \/>\nconditions de vie de cette nombreuse famille. \u00ab\u00a0Dans la petite<br \/>\nmaison de Charlemagne, que C\u00e9line Dion m&rsquo;a fait visiter, le soir,<br \/>\nils enlevaient les tiroirs des commodes\u00a0\u00bb, a-t-il racont\u00e9 avec<br \/>\n\u00e9motion. Face \u00e0 Jean-Luc Reichmann, il a poursuivi en expliquant<br \/>\ncomment la famille improvisait pour loger tous les enfants :<br \/>\n\u00ab\u00a0Ils vidaient les tiroirs, mettaient des oreillers, et s&rsquo;en<br \/>\nservaient comme lits pour les nourrissons.\u00a0\u00bb<\/p>\n<p>Des nouvelles encourageantes pour les<br \/>\nfans<\/p>\n<p>Malgr\u00e9 une relation moins \u00e9troite aujourd&rsquo;hui, Michel Drucker<br \/>\nreste inform\u00e9 de l&rsquo;actualit\u00e9 de la chanteuse. En effet, il a r\u00e9v\u00e9l\u00e9<br \/>\nmaintenir un contact indirect avec l&rsquo;artiste : \u00ab\u00a0J&rsquo;ai des<br \/>\nnouvelles par son attach\u00e9 de presse\u00a0\u00bb, a pr\u00e9cis\u00e9 le<br \/>\npr\u00e9sentateur vedette.<\/p>\n<p>Le plus r\u00e9jouissant pour les admirateurs de <a href=\"https:\/\/www.closermag.fr\/people\/celine-dion-garou-amer-sur-leur-pseudo-relation-il-ny-va-pas-avec-le-dos-de-la-cuillere-3539547\" rel=\"nofollow noopener\" target=\"_blank\"><br \/>\nC\u00e9line Dion<\/a> concerne son \u00e9ventuel retour sur le devant de la<br \/>\nsc\u00e8ne. \u00ab\u00a0Je crois qu&rsquo;elle va faire un album\u00a0\u00bb, a laiss\u00e9<br \/>\nentendre Michel Drucker, avant d&rsquo;ajouter : \u00ab\u00a0Depuis la tour<br \/>\nEiffel et les Jeux Olympiques, je me demande si elle n&rsquo;est pas<br \/>\ncapable de revenir.\u00a0\u00bb Ces propos laissent pr\u00e9sager une possible<br \/>\nrenaissance artistique pour la diva qu\u00e9b\u00e9coise qui traverse, depuis<br \/>\nplusieurs ann\u00e9es, des \u00e9preuves personnelles et de sant\u00e9<br \/>\nparticuli\u00e8rement \u00e9prouvantes.<\/p>\n<p>Cette confidence de Michel Drucker illustre parfaitement le<br \/>\nparcours extraordinaire d&rsquo;une artiste partie de rien pour atteindre<br \/>\nles sommets.<\/p>\n","protected":false},"excerpt":{"rendered":"Invit\u00e9 sur les ondes de Nostalgie, l\u00a0\u00bbanimateur octog\u00e9naire s&rsquo;est rem\u00e9mor\u00e9 sa premi\u00e8re rencontre avec la star qu\u00e9b\u00e9coise. C&rsquo;est&hellip;\n","protected":false},"author":2,"featured_media":90396,"comment_status":"","ping_status":"","sticky":false,"template":"","format":"standard","meta":{"footnotes":""},"categories":[1359],"tags":[548,58,59,1011,27,877,973],"class_list":{"0":"post-90395","1":"post","2":"type-post","3":"status-publish","4":"format-standard","5":"has-post-thumbnail","7":"category-people","8":"tag-article-simple","9":"tag-divertissement","10":"tag-entertainment","11":"tag-fr","12":"tag-france","13":"tag-michel-drucker","14":"tag-people"},"share_on_mastodon":{"url":"https:\/\/pubeurope.com\/@fr\/114485924056069428","error":""},"_links":{"self":[{"href":"https:\/\/www.europesays.com\/fr\/wp-json\/wp\/v2\/posts\/90395","targetHints":{"allow":["GET"]}}],"collection":[{"href":"https:\/\/www.europesays.com\/fr\/wp-json\/wp\/v2\/posts"}],"about":[{"href":"https:\/\/www.europesays.com\/fr\/wp-json\/wp\/v2\/types\/post"}],"author":[{"embeddable":true,"href":"https:\/\/www.europesays.com\/fr\/wp-json\/wp\/v2\/users\/2"}],"replies":[{"embeddable":true,"href":"https:\/\/www.europesays.com\/fr\/wp-json\/wp\/v2\/comments?post=90395"}],"version-history":[{"count":0,"href":"https:\/\/www.europesays.com\/fr\/wp-json\/wp\/v2\/posts\/90395\/revisions"}],"wp:featuredmedia":[{"embeddable":true,"href":"https:\/\/www.europesays.com\/fr\/wp-json\/wp\/v2\/media\/90396"}],"wp:attachment":[{"href":"https:\/\/www.europesays.com\/fr\/wp-json\/wp\/v2\/media?parent=90395"}],"wp:term":[{"taxonomy":"category","embeddable":true,"href":"https:\/\/www.europesays.com\/fr\/wp-json\/wp\/v2\/categories?post=90395"},{"taxonomy":"post_tag","embeddable":true,"href":"https:\/\/www.europesays.com\/fr\/wp-json\/wp\/v2\/tags?post=90395"}],"curies":[{"name":"wp","href":"https:\/\/api.w.org\/{rel}","templated":true}]}}