{"id":90406,"date":"2025-05-10T22:40:10","date_gmt":"2025-05-10T22:40:10","guid":{"rendered":"https:\/\/www.europesays.com\/fr\/90406\/"},"modified":"2025-05-10T22:40:10","modified_gmt":"2025-05-10T22:40:10","slug":"cette-decouverte-des-chercheurs-va-bouleverser-la-lutte-contre-la-demence","status":"publish","type":"post","link":"https:\/\/www.europesays.com\/fr\/90406\/","title":{"rendered":"cette d\u00e9couverte des chercheurs va bouleverser la lutte contre la d\u00e9mence"},"content":{"rendered":"<p>                                        <img width=\"658\" height=\"329\" src=\"https:\/\/www.europesays.com\/fr\/wp-content\/uploads\/2025\/05\/Hypertension-cette-decouverte-des-chercheurs-va-bouleverser-la-lutte-contre-la-demence-658x329.jpg\" class=\"attachment-single-desktop size-single-desktop wp-post-image\" alt=\"Hypertension: cette d\u00e9couverte des chercheurs va bouleverser la lutte contre la d\u00e9mence\" fetchpriority=\"high\" loading=\"eager\" decoding=\"sync\"  \/>                                    <\/p>\n<p>                            Les chercheurs ont fait une d\u00e9couverte sur l&rsquo;hypertension qui pourrait clairement bouleverser la lutte contre la d\u00e9mence !<\/p>\n<p>L\u2019hypertension art\u00e9rielle est un v\u00e9ritable fl\u00e9au pour la sant\u00e9. Et le moins que l\u2019on puisse dire, c\u2019est que cette maladie peut avoir des cons\u00e9quences tr\u00e8s graves sur <a href=\"https:\/\/www.tuxboard.com\/hypertension-ces-complements-alimentaires-a-bannir-tout-de-suite-de-votre-alimentation-26042025\/\" target=\"_blank\" rel=\"noopener\">la sant\u00e9 cardiovasculaire<\/a>. En revanche, il y a une d\u00e9couverte des <strong>chercheurs qui pourrait tout <a href=\"https:\/\/www.tuxboard.com\/cette-lourde-amende-pour-tous-les-automobilistes-qui-nont-pas-cet-accessoire-obligatoire-dans-ce-pays-voisin-07052025\/\" target=\"_blank\" rel=\"noopener\">bouleverser<\/a><\/strong>.<\/p>\n<p>Une \u00e9tude d\u2019une grande envergure<\/p>\n<p>En plus des risques d\u2019infarctus ou d\u2019AVC, l\u2019hypertension peut entra\u00eener la d\u00e9gradation progressive des fonctions cognitives. Une r\u00e9cente \u00e9tude men\u00e9e par des chercheurs de l\u2019universit\u00e9 de Dallas a d\u2019ailleurs fait plus de pr\u00e9cisions sur le sujet.<\/p>\n<p>Elle a d\u00e9montr\u00e9 l\u2019efficacit\u00e9 des <a href=\"https:\/\/www.tuxboard.com\/xiaomi-cette-astuce-meconnue-pour-booster-lautonomie-de-votre-batterie-27042025\/\" target=\"_blank\" rel=\"noopener\">traitements antihypertenseurs<\/a> dans la lutte contre la d\u00e9mence. Les scientifiques ont men\u00e9 une <strong>exp\u00e9rience d\u2019envergure aupr\u00e8s de plus de 30 000 volontaires en Chine<\/strong>, tous \u00e2g\u00e9s en moyenne de 63 ans et atteints d\u2019hypertension.<\/p>\n<p>Ces participants qui vivent en milieu rural ont \u00e9t\u00e9 suivis pendant quatre ans. L\u2019objectif \u00e9tait de comparer l\u2019\u00e9volution de leur sant\u00e9 en fonction du traitement antihypertenseur administr\u00e9.<\/p>\n<p>Un groupe b\u00e9n\u00e9ficiait d\u2019un <a href=\"https:\/\/www.tuxboard.com\/ruee-chez-carrefour-pour-cette-bonne-pizza-a-moins-de-3-euros-validee-par-ce-nutritionniste-18042025\/\" target=\"_blank\" rel=\"noopener\">traitement intensif<\/a> \u00e0 base de trois m\u00e9dicaments diff\u00e9rents, tandis que l\u2019autre ne recevait qu\u2019un seul m\u00e9dicament. Au terme de l\u2019\u00e9tude, les r\u00e9sultats sont sans appel. Les personnes sous traitement triple ont vu leur<strong> tension art\u00e9rielle chuter de mani\u00e8re significative<\/strong>.<\/p>\n<p>Elle a atteint une moyenne de 127,6\/72,6 mmHg, contre 147,7\/81,0 mmHg pour celles sous monoth\u00e9rapie. Cette r\u00e9duction plus marqu\u00e9e de la pression art\u00e9rielle s\u2019est traduite par des b\u00e9n\u00e9fices majeurs au niveau c\u00e9r\u00e9bral.<\/p>\n<p>Le contr\u00f4le de l\u2019hypertension est indispensable<\/p>\n<p>Le groupe <a href=\"https:\/\/www.tuxboard.com\/ces-departements-francais-ou-les-avc-sont-les-plus-frequents-12032025\/\" target=\"_blank\" rel=\"noopener\">sous traitement intensif<\/a> comptait 15 % de cas de d\u00e9mence en moins et 16 % de troubles cognitifs en moins que le groupe t\u00e9moin. Cette d\u00e9couverte vient renforcer une hypoth\u00e8se de plus en plus appuy\u00e9e par la communaut\u00e9 scientifique.<\/p>\n<p>Elle souligne qu\u2019un bon contr\u00f4le de l\u2019hypertension serait l\u2019une des<strong> cl\u00e9s majeures pour pr\u00e9server les fonctions c\u00e9r\u00e9brales <\/strong>avec l\u2019\u00e2ge. En r\u00e9duisant la pression exerc\u00e9e sur les vaisseaux sanguins, notamment ceux qui irriguent le cerveau, les m\u00e9dicaments permettraient de limiter les l\u00e9sions c\u00e9r\u00e9brales li\u00e9es \u00e0 une mauvaise circulation sanguine.<\/p>\n<p>Il s\u2019agit d\u2019ailleurs d\u2019un facteur bien connu du d\u00e9veloppement des maladies neurod\u00e9g\u00e9n\u00e9ratives. En plus des chiffres, cette \u00e9tude confirme l\u2019int\u00e9r\u00eat de strat\u00e9gies th\u00e9rapeutiques plus offensives contre l\u2019hypertension.<\/p>\n<p>Elle s\u2019inscrit dans une perspective de sant\u00e9 publique importante, alors que les cas de d\u00e9mence, en particulier ceux dus \u00e0 la maladie d\u2019Alzheimer, sont en <strong>forte croissance dans les soci\u00e9t\u00e9s vieillissantes<\/strong>. L\u2019hypertension n\u2019est pas la seule cause du d\u00e9clin cognitif.<\/p>\n<p>Une d\u00e9couverte de taille<\/p>\n<p>En revanche, elle joue un r\u00f4le tr\u00e8s important dans ce processus. La pr\u00e9vention de la d\u00e9mence pourrait ainsi commencer par une simple mesure. Celle de la tension art\u00e9rielle. Et ce, <strong>suivi d\u2019une prise en charge adapt\u00e9e<\/strong>.<\/p>\n<p>Pour de nombreux m\u00e9decins, ces r\u00e9sultats pourraient modifier les pratiques actuelles. En effet, ils pourraient clairement inciter \u00e0 un contr\u00f4le plus strict de la pression art\u00e9rielle d\u00e8s les premiers signes d\u2019\u00e9l\u00e9vation.<\/p>\n<p>L\u2019\u00e9tude, publi\u00e9e dans la revue Nature, marque une \u00e9tape importante dans la compr\u00e9hension du lien entre sant\u00e9 cardiovasculaire et sant\u00e9 mentale. Elle ouvre la voie \u00e0 de nouvelles recommandations de traitement.<\/p>\n<p>D\u2019autant plus que ces derniers pourraient, \u00e0 terme, r\u00e9duire de mani\u00e8re significative le poids de la d\u00e9mence dans la population mondiale. Une chose est s\u00fbre, ces r\u00e9v\u00e9lations marquent une avanc\u00e9e tr\u00e8s importante concernant l\u2019hypertension, mais aussi la d\u00e9mence. Les experts continuent de faire de <strong>leur mieux sur l\u2019\u00e9tude de ces maladies<\/strong>.<\/p>\n<p>                                    <img loading=\"lazy\" decoding=\"async\" src=\"data:image\/svg+xml,%3Csvg%20xmlns=\" http:=\"\" itemprop=\"image\" width=\"32\" height=\"32\" alt=\"avatar\" class=\"avatar avatar-32\" data-lazy-src=\"https:\/\/www.europesays.com\/fr\/wp-content\/uploads\/2025\/04\/victoria-bernard.jpg\"\/>                                                                    <\/p>\n<p>                                    <a class=\"post-author-name\" href=\"https:\/\/www.tuxboard.com\/author\/victoriabernard2022tx\/\" title=\"Victoria Bernard\" itemprop=\"url\" target=\"_blank\" rel=\"noopener\">Victoria Bernard<\/a><\/p>\n<p itemprop=\"description\">Diplom\u00e9e d&rsquo;une grande \u00e9cole de journaliste et j&rsquo;ai aussi un dipl\u00f4me en pr\u00e9paration d&rsquo;ap\u00e9ro. J&rsquo;adore \u00e9crire et surtout pour Tuxboard, l&rsquo;\u00e9quipe est vraiment top et les sujets tr\u00e8s vari\u00e9s m\u00eame si je pr\u00e9f\u00e8re \u00e9crire sur le m\u00e9dia et aussi les tendances mode !<\/p>\n","protected":false},"excerpt":{"rendered":"Les chercheurs ont fait une d\u00e9couverte sur l&rsquo;hypertension qui pourrait clairement bouleverser la lutte contre la d\u00e9mence !&hellip;\n","protected":false},"author":2,"featured_media":90407,"comment_status":"","ping_status":"","sticky":false,"template":"","format":"standard","meta":{"footnotes":""},"categories":[10],"tags":[1011,27,72,20127,71],"class_list":{"0":"post-90406","1":"post","2":"type-post","3":"status-publish","4":"format-standard","5":"has-post-thumbnail","7":"category-sante","8":"tag-fr","9":"tag-france","10":"tag-health","11":"tag-hypertension","12":"tag-sante"},"share_on_mastodon":{"url":"https:\/\/pubeurope.com\/@fr\/114485947560357929","error":""},"_links":{"self":[{"href":"https:\/\/www.europesays.com\/fr\/wp-json\/wp\/v2\/posts\/90406","targetHints":{"allow":["GET"]}}],"collection":[{"href":"https:\/\/www.europesays.com\/fr\/wp-json\/wp\/v2\/posts"}],"about":[{"href":"https:\/\/www.europesays.com\/fr\/wp-json\/wp\/v2\/types\/post"}],"author":[{"embeddable":true,"href":"https:\/\/www.europesays.com\/fr\/wp-json\/wp\/v2\/users\/2"}],"replies":[{"embeddable":true,"href":"https:\/\/www.europesays.com\/fr\/wp-json\/wp\/v2\/comments?post=90406"}],"version-history":[{"count":0,"href":"https:\/\/www.europesays.com\/fr\/wp-json\/wp\/v2\/posts\/90406\/revisions"}],"wp:featuredmedia":[{"embeddable":true,"href":"https:\/\/www.europesays.com\/fr\/wp-json\/wp\/v2\/media\/90407"}],"wp:attachment":[{"href":"https:\/\/www.europesays.com\/fr\/wp-json\/wp\/v2\/media?parent=90406"}],"wp:term":[{"taxonomy":"category","embeddable":true,"href":"https:\/\/www.europesays.com\/fr\/wp-json\/wp\/v2\/categories?post=90406"},{"taxonomy":"post_tag","embeddable":true,"href":"https:\/\/www.europesays.com\/fr\/wp-json\/wp\/v2\/tags?post=90406"}],"curies":[{"name":"wp","href":"https:\/\/api.w.org\/{rel}","templated":true}]}}