{"id":90427,"date":"2025-05-10T22:52:09","date_gmt":"2025-05-10T22:52:09","guid":{"rendered":"https:\/\/www.europesays.com\/fr\/90427\/"},"modified":"2025-05-10T22:52:09","modified_gmt":"2025-05-10T22:52:09","slug":"a-nancy-le-parti-socialiste-se-prepare-a-un-congres-epineux","status":"publish","type":"post","link":"https:\/\/www.europesays.com\/fr\/90427\/","title":{"rendered":"\u00c0 Nancy, le Parti socialiste se pr\u00e9pare \u00e0 un congr\u00e8s \u00e9pineux"},"content":{"rendered":"<p>Une quasi-absence de d\u00e9bat d\u2019id\u00e9es, des vacheries lanc\u00e9es par m\u00e9dias interpos\u00e9s, des alliances improbables fruits de tractations d\u2019arri\u00e8re-cuisine et m\u00eame l\u2019ombre planante d\u2019un ex-pr\u00e9sident de la R\u00e9publique aux ambitions toujours vivaces\u2026 Non, vous n\u2019\u00eates pas au d\u00e9but de la saison\u00a04 de \u00ab\u00a0Baron noir\u00a0\u00bb. Il s\u2019agit bien du 81e\u00a0congr\u00e8s du Parti socialiste, formation qui a pourtant inspir\u00e9 \u2013\u00a0et non l\u2019inverse comme l\u2019actualit\u00e9 pourrait parfois le laisser penser\u00a0\u2013 la fameuse s\u00e9rie politique de Canal Plus.<\/p>\n<p>Celui-ci prendra fin, au bout du suspense, le 15\u00a0juin, \u00e0 Nancy (Lorraine). D\u2019ici l\u00e0, si la tendance se confirme, le parti \u00e0 la Rose continuera probablement \u00e0 s\u2019entre-d\u00e9chirer sur la place publique au sujet de son futur num\u00e9ro\u00a01, et de la ligne que ce dernier devra porter \u00e0 l\u2019approche des municipales et de la pr\u00e9sidentielle.<\/p>\n<p>\u00ab\u00a0Plus jamais \u00e7a\u00a0!\u00a0\u00bb <\/p>\n<p>Militants comme cadres de la formation de centre gauche ont pourtant en t\u00eate <a href=\"https:\/\/www.humanite.fr\/politique\/congres-du-ps\/a-marseille-un-sommet-du-ps-a-couteaux-tires-780200\" target=\"_blank\" rel=\"noopener\">le congr\u00e8s de Marseille de 2023 o\u00f9, au terme d\u2019un second tour fratricide, Olivier Faure, en poste depuis 2018, l\u2019avait emport\u00e9 d\u2019un poil sur Nicolas Mayer-Rossignol<\/a>. Le tout sur fond d\u2019accusations mutuelles de tricherie. \u00ab\u00a0Plus jamais \u00e7a\u00a0!\u00a0\u00bb ont-ils tous clam\u00e9 avant de replonger deux ans plus tard.<\/p>\n<p>C\u2019est d\u2019ailleurs avec ce mantra que Boris Vallaud, actuel chef des d\u00e9put\u00e9s socialistes et plut\u00f4t proche des orientations d\u2019Olivier Faure, <a href=\"https:\/\/www.humanite.fr\/politique\/boris-vallaud\/congres-du-ps-boris-vallaud-espere-rassembler-un-parti-dechire-et-plaide-pour-la-reconciliation\" target=\"_blank\" rel=\"noopener\">s\u2019est lanc\u00e9 dans la course avec son courant \u00ab\u00a0Unir\u00a0\u00bb<\/a>, sans toutefois rassembler aussi largement qu\u2019esp\u00e9r\u00e9. Celui qui voulait relancer la fabrique des id\u00e9es au sein du PS devrait donc, sauf surprise, \u00eatre le faiseur de rois d\u2019un congr\u00e8s remake de 2023, entre le d\u00e9put\u00e9 de Seine-et-Marne et le maire de Rouen (Seine-Maritime).<\/p>\n<p>Mayer-Rossignol et Faure\u00a0: les soutiens des deux camps<\/p>\n<p>Ex-fabiusien qui a vot\u00e9 \u00ab\u00a0non\u00a0\u00bb en 2005, Nicolas Mayer-Rossignol se trouve d\u00e9sormais \u00e0 la t\u00eate d\u2019une \u00ab\u00a0dream team qui a de la gueule\u00a0\u00bb, selon ses mots,  que <\/p>\n","protected":false},"excerpt":{"rendered":"Une quasi-absence de d\u00e9bat d\u2019id\u00e9es, des vacheries lanc\u00e9es par m\u00e9dias interpos\u00e9s, des alliances improbables fruits de tractations d\u2019arri\u00e8re-cuisine&hellip;\n","protected":false},"author":2,"featured_media":90428,"comment_status":"","ping_status":"","sticky":false,"template":"","format":"standard","meta":{"footnotes":""},"categories":[9635],"tags":[1111,11,6219,20132,1777,674,1011,27,2383,775,1702,12,13268,4393,3541,25],"class_list":{"0":"post-90427","1":"post","2":"type-post","3":"status-publish","4":"format-standard","5":"has-post-thumbnail","7":"category-nancy","8":"tag-actu","9":"tag-actualites","10":"tag-boris-vallaud","11":"tag-congru00e8s-du-ps","12":"tag-eu","13":"tag-europe","14":"tag-fr","15":"tag-france","16":"tag-gauche","17":"tag-grand-est","18":"tag-nancy","19":"tag-news","20":"tag-nicolas-mayer-rossignol","21":"tag-olivier-faure","22":"tag-parti-socialiste","23":"tag-republique-francaise"},"share_on_mastodon":{"url":"https:\/\/pubeurope.com\/@fr\/114485994723418149","error":""},"_links":{"self":[{"href":"https:\/\/www.europesays.com\/fr\/wp-json\/wp\/v2\/posts\/90427","targetHints":{"allow":["GET"]}}],"collection":[{"href":"https:\/\/www.europesays.com\/fr\/wp-json\/wp\/v2\/posts"}],"about":[{"href":"https:\/\/www.europesays.com\/fr\/wp-json\/wp\/v2\/types\/post"}],"author":[{"embeddable":true,"href":"https:\/\/www.europesays.com\/fr\/wp-json\/wp\/v2\/users\/2"}],"replies":[{"embeddable":true,"href":"https:\/\/www.europesays.com\/fr\/wp-json\/wp\/v2\/comments?post=90427"}],"version-history":[{"count":0,"href":"https:\/\/www.europesays.com\/fr\/wp-json\/wp\/v2\/posts\/90427\/revisions"}],"wp:featuredmedia":[{"embeddable":true,"href":"https:\/\/www.europesays.com\/fr\/wp-json\/wp\/v2\/media\/90428"}],"wp:attachment":[{"href":"https:\/\/www.europesays.com\/fr\/wp-json\/wp\/v2\/media?parent=90427"}],"wp:term":[{"taxonomy":"category","embeddable":true,"href":"https:\/\/www.europesays.com\/fr\/wp-json\/wp\/v2\/categories?post=90427"},{"taxonomy":"post_tag","embeddable":true,"href":"https:\/\/www.europesays.com\/fr\/wp-json\/wp\/v2\/tags?post=90427"}],"curies":[{"name":"wp","href":"https:\/\/api.w.org\/{rel}","templated":true}]}}