{"id":90431,"date":"2025-05-10T22:54:09","date_gmt":"2025-05-10T22:54:09","guid":{"rendered":"https:\/\/www.europesays.com\/fr\/90431\/"},"modified":"2025-05-10T22:54:09","modified_gmt":"2025-05-10T22:54:09","slug":"quand-tu-prends-50-points-chez-toi-il-faut-assumer-mignoni-tres-decu-apres-la-raclee-subie-par-toulon","status":"publish","type":"post","link":"https:\/\/www.europesays.com\/fr\/90431\/","title":{"rendered":"\u00abQuand tu prends 50 points chez toi, il faut assumer\u00bb, Mignoni tr\u00e8s d\u00e9\u00e7u apr\u00e8s la racl\u00e9e subie par Toulon"},"content":{"rendered":"<p>Le manager du RCT Pierre Mignoni et Laurent Thu\u00e9ry, entra\u00eeneur de la d\u00e9fense toulousaine, ont r\u00e9agi \u00e0 la tr\u00e8s large victoire du champion de France face aux Toulonnais.<\/p>\n<p class=\"fig-paragraph\">Pierre Mignoni (directeur du rugby de Toulon apr\u00e8s\u00a0<a href=\"http:\/\/www.lefigaro.fr\/sports\/rugby\/top-14\/top-14-toulouse-pulverise-un-toulon-en-inferiorite-numerique-au-velodrome-20250510\" target=\"_blank\" data-fig-type=\"NewsFlash\" rel=\"noopener\" data-gtm-custom-categorie=\"navigation\" data-gtm-custom-action=\"crossclick\" data-gtm-custom-label=\"Contextuel\" data-gtm-event=\"customEventSPE\" data-fig-domain=\"LEFIGARO\">la lourde d\u00e9faite contre Toulouse 16-50<\/a>): \u00abC&rsquo;est une grosse d\u00e9ception, bien s\u00fbr. Tu ne peux pas jouer contre Toulouse dans ces conditions. Quand tu \u00e9volues en inf\u00e9riorit\u00e9 num\u00e9rique pendant 60 minutes, c&rsquo;est compliqu\u00e9. Il n&rsquo;y a pas grand-chose \u00e0 dire ce soir sur ce match. Les joueurs ont essay\u00e9 de tenir. Ils voulaient faire le travail, m\u00eame en inf\u00e9riorit\u00e9 num\u00e9rique, mais ils ont l\u00e2ch\u00e9 \u00e0 la fin certainement parce qu&rsquo;ils \u00e9taient us\u00e9s. C&rsquo;\u00e9tait compliqu\u00e9. Ils sont parvenus \u00e0 le faire dans le pass\u00e9 mais pas ce soir. Quand tu prends 50 points chez toi, il faut assumer. Donc, on assume. Quand tu gagnes, les gens sont avec toi, et quand tu perds, certains te l\u00e2chent.\u00a0<\/p>\n<p class=\"fig-paragraph\">En ce qui nous concerne, il reste trois matches, la saison n&rsquo;est pas termin\u00e9e. On va rester ensemble m\u00eame si je pense que des gens vont nous l\u00e2cher, \u00e7a fait partie du jeu. Ce soir, on est tr\u00e8s d\u00e9\u00e7us pour l&rsquo;ensemble de nos supporters. Maintenant, il y a deux options. Soit on baisse la t\u00eate, c&rsquo;est difficile de la relever ce soir car il y a beaucoup de tristesse, soit on la rel\u00e8ve d\u00e8s lundi. Il faut qu&rsquo;on reste ensemble. Il faut vite se concentrer sur le d\u00e9placement \u00e0 Pau et on ira avec la t\u00eate haute parce qu&rsquo;on est capable de mieux jouer au rugby. On l&rsquo;a montr\u00e9 toute la saison m\u00eame si on est un peu plus en difficult\u00e9 depuis ce quart de finale perdu.\u00bb<\/p>\n<p>\u00abOn voulait vraiment montrer un autre visage\u00bb, assure Laurent Thu\u00e9ry (Toulouse)<\/p>\n<p class=\"fig-paragraph\">Laurent Thu\u00e9ry (entra\u00eeneur de la d\u00e9fense de Toulouse, vainqueur 50-16 de Toulon): \u00abOn est tr\u00e8s content d&rsquo;avoir montr\u00e9 ce visage ce soir. Je ne vous cache pas qu&rsquo;on a pass\u00e9 une semaine compliqu\u00e9e. On a bien analys\u00e9 le match. On s&rsquo;est dit les choses, mais on a toujours en travers ce match de la semaine derni\u00e8re (\u00e9limin\u00e9 en demi-finale de Champions Cup \u00e0 Bordeaux, ndlr). Ce qui comptait aujourd&rsquo;hui, c&rsquo;\u00e9tait les attitudes, montrer un joli visage du Stade toulousain. On a rapidement \u00e9t\u00e9 rassur\u00e9s par l&rsquo;engagement des joueurs. Il faut les f\u00e9liciter ce soir. On est conscient que \u00e7a a \u00e9t\u00e9 compliqu\u00e9 pour Toulon en inf\u00e9riorit\u00e9 num\u00e9rique mais on a jou\u00e9 au rugby ce soir, avec nos intentions et ce qu&rsquo;on souhaite mettre en place. On voulait vraiment montrer un autre visage.\u00a0<\/p>\n<p class=\"fig-paragraph\">On a affront\u00e9 une grande \u00e9quipe de Bordeaux la semaine pass\u00e9e mais je pense qu&rsquo;on n&rsquo;a pas montr\u00e9 un beau visage. Maintenant, il faut passer \u00e0 autre chose. On voulait se rattraper dans un grand stade, face \u00e0 une grande \u00e9quipe de Toulon et accrocher une place en demi-finale le plus rapidement possible. Maintenant ce sera \u00e0 nous de bien r\u00e9cup\u00e9rer et de continuer \u00e0 travailler dur pour aller le plus loin possible et surtout montrer un visage conqu\u00e9rant.\u00bb<\/p>\n","protected":false},"excerpt":{"rendered":"Le manager du RCT Pierre Mignoni et Laurent Thu\u00e9ry, entra\u00eeneur de la d\u00e9fense toulousaine, ont r\u00e9agi \u00e0 la&hellip;\n","protected":false},"author":2,"featured_media":90432,"comment_status":"","ping_status":"","sticky":false,"template":"","format":"standard","meta":{"footnotes":""},"categories":[9619],"tags":[1111,11,525,4590,1981,2313,814,1777,674,1011,27,955,12,4589,882,2311,8177,25,1980,479,2259,478,2310,2312],"class_list":{"0":"post-90431","1":"post","2":"type-post","3":"status-publish","4":"format-standard","5":"has-post-thumbnail","7":"category-toulon","8":"tag-actu","9":"tag-actualites","10":"tag-calendrier","11":"tag-championnat-france","12":"tag-classement","13":"tag-clermont","14":"tag-direct","15":"tag-eu","16":"tag-europe","17":"tag-fr","18":"tag-france","19":"tag-match","20":"tag-news","21":"tag-phase-finale","22":"tag-provence-alpes-cote-dazur","23":"tag-racing","24":"tag-rc-toulon","25":"tag-republique-francaise","26":"tag-resultats","27":"tag-rugby","28":"tag-score","29":"tag-top-14","30":"tag-toulon","31":"tag-toulouse"},"share_on_mastodon":{"url":"https:\/\/pubeurope.com\/@fr\/114486002507763261","error":""},"_links":{"self":[{"href":"https:\/\/www.europesays.com\/fr\/wp-json\/wp\/v2\/posts\/90431","targetHints":{"allow":["GET"]}}],"collection":[{"href":"https:\/\/www.europesays.com\/fr\/wp-json\/wp\/v2\/posts"}],"about":[{"href":"https:\/\/www.europesays.com\/fr\/wp-json\/wp\/v2\/types\/post"}],"author":[{"embeddable":true,"href":"https:\/\/www.europesays.com\/fr\/wp-json\/wp\/v2\/users\/2"}],"replies":[{"embeddable":true,"href":"https:\/\/www.europesays.com\/fr\/wp-json\/wp\/v2\/comments?post=90431"}],"version-history":[{"count":0,"href":"https:\/\/www.europesays.com\/fr\/wp-json\/wp\/v2\/posts\/90431\/revisions"}],"wp:featuredmedia":[{"embeddable":true,"href":"https:\/\/www.europesays.com\/fr\/wp-json\/wp\/v2\/media\/90432"}],"wp:attachment":[{"href":"https:\/\/www.europesays.com\/fr\/wp-json\/wp\/v2\/media?parent=90431"}],"wp:term":[{"taxonomy":"category","embeddable":true,"href":"https:\/\/www.europesays.com\/fr\/wp-json\/wp\/v2\/categories?post=90431"},{"taxonomy":"post_tag","embeddable":true,"href":"https:\/\/www.europesays.com\/fr\/wp-json\/wp\/v2\/tags?post=90431"}],"curies":[{"name":"wp","href":"https:\/\/api.w.org\/{rel}","templated":true}]}}