{"id":90439,"date":"2025-05-10T23:00:53","date_gmt":"2025-05-10T23:00:53","guid":{"rendered":"https:\/\/www.europesays.com\/fr\/90439\/"},"modified":"2025-05-10T23:00:53","modified_gmt":"2025-05-10T23:00:53","slug":"gagnez-vos-places-pour-le-concert-de-la-star-academy-au-palais-des-sports-de-grenoble-2","status":"publish","type":"post","link":"https:\/\/www.europesays.com\/fr\/90439\/","title":{"rendered":"Gagnez vos places pour le concert de la Star Academy au Palais des Sports de Grenoble"},"content":{"rendered":"<p>Cette semaine, Max Radio vous offre vos places pour le concert de la Star Academy, jeudi 22 mai 2025 \u00e0 20h au Palais des Sports de Grenoble.<\/p>\n<p>Apr\u00e8s le succ\u00e8s du grand retour du Star Academy Tour, la tourn\u00e9e revient pour une nouvelle \u00e9dition qui s&rsquo;annonce tout aussi grandiose ! La plus grande tourn\u00e9e francophone de l&rsquo;ann\u00e9e, avec 75 dates \u00e0 guichets ferm\u00e9s et plus de 450 000 spectateurs, reprend donc en 2025 avec la promesse d&rsquo;offrir une fois encore au public de nouveaux moments inoubliables. <\/p>\n<p>Nouvelle saison, nouveaux artistes, nouvelle setlist, le Star Academy Tour fait peau neuve pour vous proposer un tout nouveau show spectaculaire. Au programme : chor\u00e9graphies explosives, meilleures reprises de vos chansons favorites et ambiance de folie. Revivez le temps d&rsquo;un soir, aux c\u00f4t\u00e9s de vos acad\u00e9miciens pr\u00e9f\u00e9r\u00e9s, les meilleurs moments de l&rsquo;aventure au ch\u00e2teau. <\/p>\n<p>Ne manquez pas l&rsquo;\u00e9v\u00e9nement musical incontournable de l&rsquo;ann\u00e9e et venez vivre l&rsquo;exp\u00e9rience Star Academy en live ! <\/p>\n<p>Pour jouer et gagner, \u00e9coutez le Max Morning entre 6h et 10h sur Max Radio, et au lancement jeu de l&rsquo;animateur, appelez le standard 04 76 76 98 00<\/p>\n<p>(jeu antenne du 13\/05\/2025 au 16\/05\/2025)<\/p>\n<p><\/p>\n<p>Pour multiplier vos chances de gagner, remplissez le formulaire en bas de page<\/p>\n<p>Plus d&rsquo;infos sur le site <a class=\"url\" href=\" https:\/\/www.grenoble.fr\/agenda\/2857\/183-star-academy-tour-2025.htm\" target=\"\">grenoble.fr\/agenda\/2857\/183-star-academy-tour-2025<\/a><\/p>\n<p><b>Suivez-nous aussi sur les r\u00e9seaux sociaux : <a class=\"url\" href=\"https:\/\/www.facebook.com\/MAXRADIOGRENOBLE\" target=\"_blank\" rel=\"noopener\">Facebook Max Radio<\/a>, <a class=\"url\" href=\"https:\/\/www.instagram.com\/max__radio\/\" target=\"_blank\" rel=\"noopener\">Instagram max__radio<\/a>, <a class=\"url\" href=\"https:\/\/x.com\/maxfmgrenoble\" target=\"_blank\">X @maxfmgrenoble<\/a> et <a class=\"url\" href=\"https:\/\/www.linkedin.com\/company\/maxradiogrenoble\/\" target=\"_blank\" rel=\"noopener\">LinkedIn Max Radio<\/a>.<\/b><\/p>\n<p><b>T\u00e9l\u00e9chargez gratuitement l&rsquo;application Max Radio sur <a class=\"url\" href=\"https:\/\/apps.apple.com\/fr\/app\/max-radio\/id1643119751\" target=\"_blank\" rel=\"noopener\">App Store<\/a> ou <a class=\"url\" href=\"https:\/\/play.google.com\/store\/apps\/details?id=radio.max.app.android&amp;hl=fr\" target=\"_blank\" rel=\"noopener\">Google Play<\/a>.<\/b><\/p>\n<p>\n<script async src=\"\/\/www.instagram.com\/embed.js\"><\/script><\/p>\n","protected":false},"excerpt":{"rendered":"Cette semaine, Max Radio vous offre vos places pour le concert de la Star Academy, jeudi 22 mai&hellip;\n","protected":false},"author":2,"featured_media":88109,"comment_status":"","ping_status":"","sticky":false,"template":"","format":"standard","meta":{"footnotes":""},"categories":[9566],"tags":[1111,11,2430,6874,1697,903,1777,674,1011,27,7683,2731,17675,12,19825,18433,25,3140,5095],"class_list":{"0":"post-90439","1":"post","2":"type-post","3":"status-publish","4":"format-standard","5":"has-post-thumbnail","7":"category-grenoble","8":"tag-actu","9":"tag-actualites","10":"tag-auvergne-rhone-alpes","11":"tag-cadeau","12":"tag-concert","13":"tag-concours","14":"tag-eu","15":"tag-europe","16":"tag-fr","17":"tag-france","18":"tag-gagner","19":"tag-grenoble","20":"tag-invitation","21":"tag-news","22":"tag-palais-des-sports","23":"tag-places","24":"tag-republique-francaise","25":"tag-spectacle","26":"tag-star-academy"},"share_on_mastodon":{"url":"https:\/\/pubeurope.com\/@fr\/114486030000744048","error":""},"_links":{"self":[{"href":"https:\/\/www.europesays.com\/fr\/wp-json\/wp\/v2\/posts\/90439","targetHints":{"allow":["GET"]}}],"collection":[{"href":"https:\/\/www.europesays.com\/fr\/wp-json\/wp\/v2\/posts"}],"about":[{"href":"https:\/\/www.europesays.com\/fr\/wp-json\/wp\/v2\/types\/post"}],"author":[{"embeddable":true,"href":"https:\/\/www.europesays.com\/fr\/wp-json\/wp\/v2\/users\/2"}],"replies":[{"embeddable":true,"href":"https:\/\/www.europesays.com\/fr\/wp-json\/wp\/v2\/comments?post=90439"}],"version-history":[{"count":0,"href":"https:\/\/www.europesays.com\/fr\/wp-json\/wp\/v2\/posts\/90439\/revisions"}],"wp:featuredmedia":[{"embeddable":true,"href":"https:\/\/www.europesays.com\/fr\/wp-json\/wp\/v2\/media\/88109"}],"wp:attachment":[{"href":"https:\/\/www.europesays.com\/fr\/wp-json\/wp\/v2\/media?parent=90439"}],"wp:term":[{"taxonomy":"category","embeddable":true,"href":"https:\/\/www.europesays.com\/fr\/wp-json\/wp\/v2\/categories?post=90439"},{"taxonomy":"post_tag","embeddable":true,"href":"https:\/\/www.europesays.com\/fr\/wp-json\/wp\/v2\/tags?post=90439"}],"curies":[{"name":"wp","href":"https:\/\/api.w.org\/{rel}","templated":true}]}}