{"id":904405,"date":"2026-05-01T10:55:37","date_gmt":"2026-05-01T10:55:37","guid":{"rendered":"https:\/\/www.europesays.com\/fr\/904405\/"},"modified":"2026-05-01T10:55:37","modified_gmt":"2026-05-01T10:55:37","slug":"quasiment-une-copie-conforme-gobelins-vs-k-pop-la-celebre-ecole-parisienne-denonce-un-plagiat","status":"publish","type":"post","link":"https:\/\/www.europesays.com\/fr\/904405\/","title":{"rendered":"\u00ab Quasiment une copie conforme \u00bb : Gobelins vs K-pop, la c\u00e9l\u00e8bre \u00e9cole parisienne d\u00e9nonce un plagiat"},"content":{"rendered":"<p class=\"mb-4 text-lg md:leading-8 break-words\">Les r\u00e9alisateurs d\u2019un court-m\u00e9trage d\u2019animation fran\u00e7ais accusent le groupe sud-cor\u00e9en de <a data-yga=\"{\" ylinkelement=\"\" href=\"https:\/\/www.parismatch.com\/culture\/musique\/golden-la-chanson-du-film-kpop-demon-hunters-qui-obsede-le-monde-entier-256486\" rel=\"nofollow noopener\" target=\"_blank\" data-ylk=\"elm:link;elmt:article_link;slk:K-pop \u00a0;itc:0;sec:content-canvas\" class=\"link \">K-pop \u00a0<\/a>Billlie d\u2019avoir plagi\u00e9 leur oeuvre dans une vid\u00e9o de promotion de leur futur album, indique jeudi l\u2019\u00e9cole parisienne des <a data-yga=\"{\" ylinkelement=\"\" href=\"https:\/\/www.parismatch.com\/Culture\/Cinema\/Patrick-Imbert-nous-raconte-Le-Sommet-des-dieux-1759910\" rel=\"nofollow noopener\" target=\"_blank\" data-ylk=\"elm:link;elmt:article_link;slk:Gobelins;itc:0;sec:content-canvas\" class=\"link \">Gobelins<\/a>, qui a produit ce film et dit \u00ab\u00a0\u00e9valuer les poursuites \u00e0 engager\u00a0\u00bb.<\/p>\n<p class=\"mb-4 text-lg md:leading-8 break-words\">\u00ab\u00a0Il y a cinq jours, Gobelins Paris a \u00e9t\u00e9 alert\u00e9 par l\u2019\u00e9quipe du film\u00a0NICCOLO (film de fin d\u2019\u00e9tudes 2025) d\u2019un plagiat manifeste des images de leur film par le groupe de K-pop Billlie\u00a0\u00bb, indique cette \u00e9cole d\u2019animation de renomm\u00e9e internationale dans un communiqu\u00e9 publi\u00e9 sur X.<\/p>\n<p class=\"mb-4 text-lg md:leading-8 break-words\"><a data-yga=\"{\" ylinkelement=\"\" href=\"https:\/\/www.youtube.com\/watch?v=0AuqL52rkMI\" rel=\"nofollow noopener\" target=\"_blank\" data-ylk=\"elm:link;elmt:article_link;slk:Post\u00e9 le 22\u00a0avril sur YouTube;itc:0;sec:content-canvas\" class=\"link \">Post\u00e9 le 22\u00a0avril sur YouTube<\/a>, le clip incrimin\u00e9 a \u00e9t\u00e9 diffus\u00e9 sur le compte officiel de ce groupe sud-cor\u00e9en de sept chanteuses cr\u00e9e en 2021, qui compte plus d\u2019un million d\u2019abonn\u00e9s sur Instagram et doit prochainement sortir un album.<\/p>\n<p class=\"mb-4 text-lg md:leading-8 break-words\">Dans un post Instagram, David Florian, un des r\u00e9alisateurs qui d\u00e9nonce un plagiat, assure que ce clip a \u00e9t\u00e9 g\u00e9n\u00e9r\u00e9 par l\u2019intelligence artificielle (IA) et est, par endroits, \u00ab\u00a0quasiment une copie conforme de leurs cr\u00e9ations\u00a0\u00bb, qui ont \u00e9t\u00e9 utilis\u00e9es \u00ab\u00a0sans leur permission et sans qu\u2019aucun cr\u00e9dit ne leur soit attribu\u00e9\u00a0\u00bb.<\/p>\n<p class=\"mb-4 text-lg md:leading-8 break-words\">Son message est accompagn\u00e9 d\u2019un montage mettant en parall\u00e8le le clip de Billlie et \u00ab\u00a0Niccolo\u00a0\u00bb, le film qu\u2019il a co-r\u00e9alis\u00e9 avec cinq autres dipl\u00f4m\u00e9s des Gobelins. Contact\u00e9s par l\u2019AFP, ces r\u00e9alisateurs n\u2019ont pas donn\u00e9 suite dans l\u2019imm\u00e9diat.<\/p>\n<p class=\"mb-4 text-lg md:leading-8 break-words\">\u00ab\u00a0Nous tenons \u00e0 app&#8230;<\/p>\n<p class=\"mb-4 text-lg md:leading-8 break-words\"><a data-yga=\"{\" ylinkelement=\"\" href=\"https:\/\/www.parismatch.com\/culture\/medias\/quasiment-une-copie-conforme-gobelins-vs-k-pop-la-celebre-ecole-parisienne-denonce-un-plagiat-268451?at_medium=affiliate&amp;at_campaign=Yahoo\" rel=\"nofollow noopener\" target=\"_blank\" data-ylk=\"elm:link;elmt:article_link;slk:Lire la suite sur ParisMatch;itc:0;sec:content-canvas\" class=\"link \">Lire la suite sur ParisMatch<\/a><\/p>\n","protected":false},"excerpt":{"rendered":"Les r\u00e9alisateurs d\u2019un court-m\u00e9trage d\u2019animation fran\u00e7ais accusent le groupe sud-cor\u00e9en de K-pop \u00a0Billlie d\u2019avoir plagi\u00e9 leur oeuvre dans&hellip;\n","protected":false},"author":2,"featured_media":904406,"comment_status":"","ping_status":"","sticky":false,"template":"","format":"standard","meta":{"footnotes":"","_share_on_mastodon":"0"},"categories":[1888],"tags":[1111,1928,11,1927,96825,96826,1777,674,1011,27,62015,12,1926,626,1925,41474,25],"class_list":["post-904405","post","type-post","status-publish","format-standard","has-post-thumbnail","category-paris","tag-actu","tag-actu-paris","tag-actualites","tag-actualites-paris","tag-billlie","tag-david-florian","tag-eu","tag-europe","tag-fr","tag-france","tag-gobelins","tag-news","tag-news-paris","tag-paris","tag-paris-news","tag-realisateurs","tag-republique-francaise"],"share_on_mastodon":{"url":"https:\/\/pubeurope.com\/@fr\/116498958151216166","error":""},"_links":{"self":[{"href":"https:\/\/www.europesays.com\/fr\/wp-json\/wp\/v2\/posts\/904405","targetHints":{"allow":["GET"]}}],"collection":[{"href":"https:\/\/www.europesays.com\/fr\/wp-json\/wp\/v2\/posts"}],"about":[{"href":"https:\/\/www.europesays.com\/fr\/wp-json\/wp\/v2\/types\/post"}],"author":[{"embeddable":true,"href":"https:\/\/www.europesays.com\/fr\/wp-json\/wp\/v2\/users\/2"}],"replies":[{"embeddable":true,"href":"https:\/\/www.europesays.com\/fr\/wp-json\/wp\/v2\/comments?post=904405"}],"version-history":[{"count":0,"href":"https:\/\/www.europesays.com\/fr\/wp-json\/wp\/v2\/posts\/904405\/revisions"}],"wp:featuredmedia":[{"embeddable":true,"href":"https:\/\/www.europesays.com\/fr\/wp-json\/wp\/v2\/media\/904406"}],"wp:attachment":[{"href":"https:\/\/www.europesays.com\/fr\/wp-json\/wp\/v2\/media?parent=904405"}],"wp:term":[{"taxonomy":"category","embeddable":true,"href":"https:\/\/www.europesays.com\/fr\/wp-json\/wp\/v2\/categories?post=904405"},{"taxonomy":"post_tag","embeddable":true,"href":"https:\/\/www.europesays.com\/fr\/wp-json\/wp\/v2\/tags?post=904405"}],"curies":[{"name":"wp","href":"https:\/\/api.w.org\/{rel}","templated":true}]}}