{"id":90450,"date":"2025-05-10T23:07:09","date_gmt":"2025-05-10T23:07:09","guid":{"rendered":"https:\/\/www.europesays.com\/fr\/90450\/"},"modified":"2025-05-10T23:07:09","modified_gmt":"2025-05-10T23:07:09","slug":"previsions-du-dimanche-11-mai-2025","status":"publish","type":"post","link":"https:\/\/www.europesays.com\/fr\/90450\/","title":{"rendered":"pr\u00e9visions du dimanche 11 mai 2025"},"content":{"rendered":"<p>\u00c0 Nice, les valeurs seront comprises entre 13\u00b0C et 19\u00b0C dans la journ\u00e9e. Cette matin\u00e9e rimera avec beau soleil. On anticipe des temp\u00e9ratures avoisinant 18\u00b0C. Un petit vent d&rsquo;est soufflera. Le ciel va peu \u00e0 peu se voiler au cours de l&rsquo;apr\u00e8s-midi avec l&rsquo;apparition de nuages. Les valeurs iront de 17 \u00e0 19\u00b0C. Le soir, encore des nuages dans le ciel qui emp\u00eachent le soleil de faire son apparition. Les temp\u00e9ratures tourneront autour des 16\u00b0C. Le ciel sera d\u00e9pourvu de nuages dans la nuit de dimanche \u00e0 lundi.<\/p>\n<p>C&rsquo;est \u00e0 un ciel tapiss\u00e9 de nuages qu&rsquo;il faudra s&rsquo;attendre demain \u00e0 Nice. La m\u00e9t\u00e9o va se r\u00e9chauffer avec une augmentation de quelques degr\u00e9s. Les valeurs afficheront entre 14 et 19\u00b0C. Une modeste brise de sud-ouest sera ressentie par les habitants. La matin\u00e9e sera marqu\u00e9e par des pluies \u00e9parses. Les maximales pourront atteindre 19\u00b0C tandis que les minimales seront de 15\u00b0C. Toujours de la grisaille demain apr\u00e8s-midi. Les nuages vont stationner. Les r\u00e9sidents devront s&rsquo;abriter des orages qui se d\u00e9clareront. Les temp\u00e9ratures s&rsquo;\u00e9chelonneront entre 17 et 19\u00b0C. Les valeurs seront de 15\u00b0C au plus bas et de 17\u00b0C au maximum la soir\u00e9e.<\/p>\n<p>La m\u00e9t\u00e9o restera stable les jours \u00e0 venir. Un ciel pluvieux, avec des temp\u00e9ratures de 17\u00b0C en moyenne, est pr\u00e9vu.<\/p>\n<p><\/p>\n","protected":false},"excerpt":{"rendered":"\u00c0 Nice, les valeurs seront comprises entre 13\u00b0C et 19\u00b0C dans la journ\u00e9e. Cette matin\u00e9e rimera avec beau&hellip;\n","protected":false},"author":2,"featured_media":90451,"comment_status":"","ping_status":"","sticky":false,"template":"","format":"standard","meta":{"footnotes":""},"categories":[2819],"tags":[1111,11,2898,1777,674,1011,27,12,2401,883,2119,882,25],"class_list":{"0":"post-90450","1":"post","2":"type-post","3":"status-publish","4":"format-standard","5":"has-post-thumbnail","7":"category-nice","8":"tag-actu","9":"tag-actualites","10":"tag-alpes-maritimes","11":"tag-eu","12":"tag-europe","13":"tag-fr","14":"tag-france","15":"tag-news","16":"tag-nice","17":"tag-paca","18":"tag-previsions-meteo","19":"tag-provence-alpes-cote-dazur","20":"tag-republique-francaise"},"share_on_mastodon":{"url":"https:\/\/pubeurope.com\/@fr\/114486053671144708","error":""},"_links":{"self":[{"href":"https:\/\/www.europesays.com\/fr\/wp-json\/wp\/v2\/posts\/90450","targetHints":{"allow":["GET"]}}],"collection":[{"href":"https:\/\/www.europesays.com\/fr\/wp-json\/wp\/v2\/posts"}],"about":[{"href":"https:\/\/www.europesays.com\/fr\/wp-json\/wp\/v2\/types\/post"}],"author":[{"embeddable":true,"href":"https:\/\/www.europesays.com\/fr\/wp-json\/wp\/v2\/users\/2"}],"replies":[{"embeddable":true,"href":"https:\/\/www.europesays.com\/fr\/wp-json\/wp\/v2\/comments?post=90450"}],"version-history":[{"count":0,"href":"https:\/\/www.europesays.com\/fr\/wp-json\/wp\/v2\/posts\/90450\/revisions"}],"wp:featuredmedia":[{"embeddable":true,"href":"https:\/\/www.europesays.com\/fr\/wp-json\/wp\/v2\/media\/90451"}],"wp:attachment":[{"href":"https:\/\/www.europesays.com\/fr\/wp-json\/wp\/v2\/media?parent=90450"}],"wp:term":[{"taxonomy":"category","embeddable":true,"href":"https:\/\/www.europesays.com\/fr\/wp-json\/wp\/v2\/categories?post=90450"},{"taxonomy":"post_tag","embeddable":true,"href":"https:\/\/www.europesays.com\/fr\/wp-json\/wp\/v2\/tags?post=90450"}],"curies":[{"name":"wp","href":"https:\/\/api.w.org\/{rel}","templated":true}]}}