{"id":90457,"date":"2025-05-10T23:12:10","date_gmt":"2025-05-10T23:12:10","guid":{"rendered":"https:\/\/www.europesays.com\/fr\/90457\/"},"modified":"2025-05-10T23:12:10","modified_gmt":"2025-05-10T23:12:10","slug":"bordeaux-un-rodeo-urbain-impliquant-plusieurs-dizaines-de-voitures-disperse-par-les-forces-de-lordre","status":"publish","type":"post","link":"https:\/\/www.europesays.com\/fr\/90457\/","title":{"rendered":"Bordeaux : un rod\u00e9o urbain impliquant plusieurs dizaines de voitures dispers\u00e9 par les forces de l&rsquo;ordre"},"content":{"rendered":"<p>Ce vendredi 9 mai au soir, quelques dizaines de voitures se sont r\u00e9unies pour un rod\u00e9o urbain \u00e0 Bordeaux.Il a \u00e9t\u00e9 dispers\u00e9 par les forces de l&rsquo;ordre, et 2 policiers ont \u00e9t\u00e9 l\u00e9g\u00e8rement bless\u00e9s.Aucune interpellation n&rsquo;a eu lieu.<\/p>\n<p data-module=\"article-paragraph\" class=\"jsx-362436225 Paragraph\">Un <a href=\"https:\/\/www.tf1info.fr\/justice-faits-divers\/haute-savoie-un-pompier-volontaire-grievement-blesse-a-evian-les-bains-en-marge-d-un-rodeo-urbain-evian-les-bains-2369976.html\" target=\"_blank\" rel=\"noopener\">rod\u00e9o urbain<\/a> rassemblant entre 40 et 50 voitures s&rsquo;est tenu vendredi 9 mai au soir \u00e0 Bordeaux, avant d&rsquo;\u00eatre stopp\u00e9 et dispers\u00e9 par une intervention des forces de l&rsquo;ordre, a appris le service police-justice de TF1\/LCI. Le rassemblement, ill\u00e9gal, a eu lieu sur une avenue \u00e0 l&rsquo;extr\u00eame nord de la ville dans le quartier de Bordeaux-Lac, o\u00f9 les adeptes de \u00ab\u00a0runs sauvages\u00a0\u00bb ont pris l&rsquo;habitude de se retrouver chaque fin de semaine.<\/p>\n<p data-module=\"article-paragraph\" class=\"jsx-362436225 Paragraph Paragraph__End\">Les participants \u00e0 ces rod\u00e9os bordelais r\u00e9clament depuis plusieurs semaines aux autorit\u00e9s un \u00ab\u00a0circuit\u00a0\u00bb ou une \u00ab\u00a0autorisation\u00a0\u00bb pour \u00ab\u00a0construire quelque chose de concret, de s\u00e9curis\u00e9, et \u00e9viter un drame\u00a0\u00bb, a expliqu\u00e9 \u00e0 l&rsquo;AFP l&rsquo;un des participants, dont le fils avait \u00e9t\u00e9 bless\u00e9 lors d&rsquo;un rendez-vous \u00ab\u00a0run\u00a0\u00bb pr\u00e9c\u00e9dent.<\/p>\n<p data-module=\"article-paragraph\" class=\"jsx-362436225 Paragraph\">Les participants se sont dispers\u00e9s aux alentours de minuit apr\u00e8s une intervention de policiers, qui ont fait usage de grenades lacrymog\u00e8nes et de d\u00e9sencerclement, apr\u00e8s avoir \u00e9t\u00e9 la cible de jets de projectiles, d&rsquo;apr\u00e8s la police. Deux policiers ont \u00e9t\u00e9 tr\u00e8s l\u00e9g\u00e8rement bless\u00e9s au cours de l&rsquo;intervention, qui n&rsquo;a donn\u00e9 lieu \u00e0 aucune interpellation.<\/p>\n<p data-module=\"article-paragraph\" class=\"jsx-362436225 Paragraph Paragraph__End\">En Gironde le week-end dernier, un \u00e9lu municipal de Gauriaguet, une commune \u00e0 30 km au nord-est de Bordeaux, avait \u00e9t\u00e9 <a href=\"https:\/\/www.tf1info.fr\/justice-faits-divers\/video-reportage-ils-se-sont-acharnes-sur-moi-l-elu-de-gironde-agresse-en-voulant-stopper-un-rodeo-urbain-temoigne-2368980.html\" target=\"_blank\" rel=\"noopener\">violemment agress\u00e9 apr\u00e8s avoir tent\u00e9 de mettre fin \u00e0 un rod\u00e9o urbain<\/a>. Les suspects restent \u00ab\u00a0activement recherch\u00e9s\u00a0\u00bb par les autorit\u00e9s, selon le parquet. Ce samedi 10 mai, un pompier volontaire a \u00e9t\u00e9 gri\u00e8vement bless\u00e9 apr\u00e8s avoir \u00e9t\u00e9 percut\u00e9 par un automobiliste lors d&rsquo;un rod\u00e9o urbain en Haute-Savoie.<\/p>\n<p>F.R avec AFP<\/p>\n","protected":false},"excerpt":{"rendered":"Ce vendredi 9 mai au soir, quelques dizaines de voitures se sont r\u00e9unies pour un rod\u00e9o urbain \u00e0&hellip;\n","protected":false},"author":2,"featured_media":17606,"comment_status":"","ping_status":"","sticky":false,"template":"","format":"standard","meta":{"footnotes":""},"categories":[2817],"tags":[1111,11,1921,1997,1777,674,1011,27,432,1922,2954,12,2219,1072,25,5575,133,2953],"class_list":{"0":"post-90457","1":"post","2":"type-post","3":"status-publish","4":"format-standard","5":"has-post-thumbnail","7":"category-bordeaux","8":"tag-actu","9":"tag-actualites","10":"tag-article-video","11":"tag-bordeaux","12":"tag-eu","13":"tag-europe","14":"tag-fr","15":"tag-france","16":"tag-gerald-darmanin","17":"tag-info","18":"tag-justice-et-faits-divers","19":"tag-news","20":"tag-nouvelle-aquitaine","21":"tag-police","22":"tag-republique-francaise","23":"tag-rodeos-urbains","24":"tag-video","25":"tag-video-police"},"share_on_mastodon":{"url":"https:\/\/pubeurope.com\/@fr\/114486073332362874","error":""},"_links":{"self":[{"href":"https:\/\/www.europesays.com\/fr\/wp-json\/wp\/v2\/posts\/90457","targetHints":{"allow":["GET"]}}],"collection":[{"href":"https:\/\/www.europesays.com\/fr\/wp-json\/wp\/v2\/posts"}],"about":[{"href":"https:\/\/www.europesays.com\/fr\/wp-json\/wp\/v2\/types\/post"}],"author":[{"embeddable":true,"href":"https:\/\/www.europesays.com\/fr\/wp-json\/wp\/v2\/users\/2"}],"replies":[{"embeddable":true,"href":"https:\/\/www.europesays.com\/fr\/wp-json\/wp\/v2\/comments?post=90457"}],"version-history":[{"count":0,"href":"https:\/\/www.europesays.com\/fr\/wp-json\/wp\/v2\/posts\/90457\/revisions"}],"wp:featuredmedia":[{"embeddable":true,"href":"https:\/\/www.europesays.com\/fr\/wp-json\/wp\/v2\/media\/17606"}],"wp:attachment":[{"href":"https:\/\/www.europesays.com\/fr\/wp-json\/wp\/v2\/media?parent=90457"}],"wp:term":[{"taxonomy":"category","embeddable":true,"href":"https:\/\/www.europesays.com\/fr\/wp-json\/wp\/v2\/categories?post=90457"},{"taxonomy":"post_tag","embeddable":true,"href":"https:\/\/www.europesays.com\/fr\/wp-json\/wp\/v2\/tags?post=90457"}],"curies":[{"name":"wp","href":"https:\/\/api.w.org\/{rel}","templated":true}]}}