{"id":904587,"date":"2026-05-01T13:05:26","date_gmt":"2026-05-01T13:05:26","guid":{"rendered":"https:\/\/www.europesays.com\/fr\/904587\/"},"modified":"2026-05-01T13:05:26","modified_gmt":"2026-05-01T13:05:26","slug":"en-images-combien-etaient-ils-pour-celebrer-la-tradition-du-jour-chome-du-1er-mai-a-montpellier","status":"publish","type":"post","link":"https:\/\/www.europesays.com\/fr\/904587\/","title":{"rendered":"EN IMAGES : combien \u00e9taient-ils pour c\u00e9l\u00e9brer la tradition du jour ch\u00f4m\u00e9 du 1er mai \u00e0 Montpellier\u00a0?"},"content":{"rendered":"<p>                    Par<br \/>\n        <strong><br \/>\n            <a href=\"https:\/\/actu.fr\/auteur\/metropoop\" title=\"Consulter tous les articles de R\u00e9daction M\u00e9tropolitain\" rel=\"nofollow noopener\" target=\"_blank\">R\u00e9daction M\u00e9tropolitain<\/a><br \/>\n                    <\/strong><\/p>\n<p>        Publi\u00e9 le<\/p>\n<p>            1 mai 2026 \u00e0 14h01        <\/p>\n<p>La <strong>c\u00e9l\u00e9bration du 1er mai,<\/strong> jour ch\u00f4m\u00e9, reste toujours importante dans l\u2019H\u00e9rault et notamment \u00e0<strong> Montpellier.<\/strong> La preuve : sous un beau soleil, ce vendredi 1er mai 2026, <strong>entre 3 000 et 4 500 personnes ont d\u00e9fil\u00e9<\/strong> dans les rues du chef-lieu , \u00e0 l\u2019appel des syndicats et des associations.<\/p>\n<p class=\" wall-content\">\u00c0 l\u2019arriv\u00e9e du cort\u00e8ge, \u00e0 la mi-journ\u00e9e sur la place de la Com\u00e9die et sur l\u2019Esplanade, les drapeaux bariol\u00e9s \u00e9taient en t\u00eate et les manifestants, pacifiques, fiers de ce \u00a0nouveau succ\u00e8s, \u00e0 l\u2019heure o\u00f9 la hausse du prix des carburants \u00e0 la pompe, sur fond de guerre au Moyen-Orient, l\u2019augmentation du gaz et les in\u00e9galit\u00e9s sociales inqui\u00e8tent dans les classes sociales les plus d\u00e9munies.<\/p>\n<p class=\" wall-content\"><a href=\"https:\/\/www.instagram.com\/p\/DXy115PskcV\/embed\" title=\"Ouvrir le lien sur Instagram\" rel=\"nofollow noopener\" target=\"_blank\">Visualiser le contenu sur Instagram<\/a><\/p>\n<p class=\" wall-content\">En t\u00eate du cort\u00e8ge, cette grande banderole d\u00e9ploy\u00e9e donnait le ton :<strong> \u00ab\u00a01er mai, conqu\u00eate sociale f\u00e9ri\u00e9 et ch\u00f4m\u00e9 aux travailleuses et aux travailleurs\u00a0\u00bb.<\/strong> Un d\u00e9fil\u00e9 avec des slogans distill\u00e9s sur le trajet qui n\u2019est pas pass\u00e9 inaper\u00e7u sur l\u2019itin\u00e9raire, qui a notamment emprunt\u00e9 les boulevards Henri IV et du Jeu de Paume, puis, la rue de la R\u00e9publique, la gare SNCF Saint-Roch et la rue Maguelone, jusqu\u2019\u00e0 sa dislocation.<\/p>\n<p class=\" wall-content\">\n<p class=\" wall-content\">Selon la <strong>pr\u00e9fecture de l\u2019H\u00e9rault,<\/strong> le comptage r\u00e9alis\u00e9 par les policiers du Renseignement territorial -RT- de la DIPN 34 estime \u00e0 3 000 le nombre de manifestants, environ 4 500 selon les syndicats. \u00c0 S\u00e8te, ils \u00e9taient un millier -700 selon la pr\u00e9fecture- et 500 selon les syndicats dans les rues de B\u00e9ziers, 300 selon la pr\u00e9fecture.<\/p>\n<p>Le muguet en f\u00eate<\/p>\n<p class=\" wall-content\">Le 1er mai, c\u2019est \u00e9galement la f\u00eate du <strong>muguet<\/strong> c\u00e9l\u00e9br\u00e9e par les fleuristes, dont nombre d\u2019entre-eux \u00e9taient ouverts, dans l\u2019H\u00e9rault et les ventes autoris\u00e9es sur la voie publique, comme ce stand install\u00e9 pr\u00e8s de la boulangerie Galzin, sur l\u2019avenue de la Pompignane, \u00e0 Montpellier et qui \u00e9t\u00e9 tr\u00e8s fr\u00e9quent\u00e9, gr\u00e2ce \u00e0 des prix raisonnables. Des contr\u00f4les ont \u00e9t\u00e9 effectu\u00e9s pour d\u00e9busquer des ventes sauvages faisant une concurrence d\u00e9loyale aux professionnels.<\/p>\n<p>Vid\u00e9os : en ce moment sur Actu<br \/>\n    <img   decoding=\"async\" loading=\"lazy\" src=\"https:\/\/www.europesays.com\/fr\/wp-content\/uploads\/2026\/05\/0-4-1-960x640.jpeg\" alt=\"Un stand de vente de muguet \u00e0 la Pompignane \u00e0 Montpellier\" width=\"960\" height=\"640\"\/><br \/>\n    Un stand de vente de muguet \u00e0 la Pompignane \u00e0 Montpellier (\u00a9M\u00e9tropolitain \/ JMA)<\/p>\n<p class=\" wall-content\">En d\u00e9pit d\u2019une loi tr\u00e8s floue du gouvernement, de nombreuses boulangeries ont, en effet accueilli les clients en qu\u00eate de pains frais et de p\u00e2tisseries, pour un d\u00e9jeuner convivial en famille, tradition du 1er mai oblige.<\/p>\n<p class=\" wall-content\">Personnalisez votre actualit\u00e9 en ajoutant vos villes et m\u00e9dias en favori avec <a href=\"https:\/\/moncompte.actu.fr\" title=\"D\u00e9couvez Mon Actu\" rel=\"nofollow noopener\" data-trk=\"{&quot;cta&quot;:{&quot;action&quot;:&quot;https:\\\/\\\/moncompte.actu.fr&quot;,&quot;category&quot;:&quot;mon compte&quot;,&quot;from&quot;:&quot;article footer&quot;,&quot;name&quot;:&quot;Mon actu&quot;,&quot;type&quot;:&quot;cta&quot;}}\" target=\"_blank\">Mon Actu<\/a>.<\/p>\n<p>                    <script async src=\"\/\/www.instagram.com\/embed.js\"><\/script><\/p>\n","protected":false},"excerpt":{"rendered":"Par R\u00e9daction M\u00e9tropolitain Publi\u00e9 le 1 mai 2026 \u00e0 14h01 La c\u00e9l\u00e9bration du 1er mai, jour ch\u00f4m\u00e9, reste&hellip;\n","protected":false},"author":2,"featured_media":904588,"comment_status":"","ping_status":"","sticky":false,"template":"","format":"standard","meta":{"footnotes":"","_share_on_mastodon":"0"},"categories":[9599],"tags":[1111,11,1777,674,1011,27,2208,16235,12,2680,25,104,3427],"class_list":["post-904587","post","type-post","status-publish","format-standard","has-post-thumbnail","category-montpellier","tag-actu","tag-actualites","tag-eu","tag-europe","tag-fr","tag-france","tag-montpellier","tag-muguet","tag-news","tag-occitanie","tag-republique-francaise","tag-societe","tag-syndicats"],"share_on_mastodon":{"url":"https:\/\/pubeurope.com\/@fr\/116499470279145381","error":""},"_links":{"self":[{"href":"https:\/\/www.europesays.com\/fr\/wp-json\/wp\/v2\/posts\/904587","targetHints":{"allow":["GET"]}}],"collection":[{"href":"https:\/\/www.europesays.com\/fr\/wp-json\/wp\/v2\/posts"}],"about":[{"href":"https:\/\/www.europesays.com\/fr\/wp-json\/wp\/v2\/types\/post"}],"author":[{"embeddable":true,"href":"https:\/\/www.europesays.com\/fr\/wp-json\/wp\/v2\/users\/2"}],"replies":[{"embeddable":true,"href":"https:\/\/www.europesays.com\/fr\/wp-json\/wp\/v2\/comments?post=904587"}],"version-history":[{"count":0,"href":"https:\/\/www.europesays.com\/fr\/wp-json\/wp\/v2\/posts\/904587\/revisions"}],"wp:featuredmedia":[{"embeddable":true,"href":"https:\/\/www.europesays.com\/fr\/wp-json\/wp\/v2\/media\/904588"}],"wp:attachment":[{"href":"https:\/\/www.europesays.com\/fr\/wp-json\/wp\/v2\/media?parent=904587"}],"wp:term":[{"taxonomy":"category","embeddable":true,"href":"https:\/\/www.europesays.com\/fr\/wp-json\/wp\/v2\/categories?post=904587"},{"taxonomy":"post_tag","embeddable":true,"href":"https:\/\/www.europesays.com\/fr\/wp-json\/wp\/v2\/tags?post=904587"}],"curies":[{"name":"wp","href":"https:\/\/api.w.org\/{rel}","templated":true}]}}