{"id":90468,"date":"2025-05-10T23:19:20","date_gmt":"2025-05-10T23:19:20","guid":{"rendered":"https:\/\/www.europesays.com\/fr\/90468\/"},"modified":"2025-05-10T23:19:20","modified_gmt":"2025-05-10T23:19:20","slug":"apres-le-proces-eurochallenges-neo-et-sophie-fantasy-reglent-leurs-comptes","status":"publish","type":"post","link":"https:\/\/www.europesays.com\/fr\/90468\/","title":{"rendered":"apr\u00e8s le proc\u00e8s Eurochallenges, N\u00e9o et Sophie Fantasy r\u00e8glent leurs comptes"},"content":{"rendered":"<p>Six mois apr\u00e8s la condamnation en appel \u00e0 <a href=\"https:\/\/www.leprogres.fr\/faits-divers-justice\/2024\/12\/05\/affaire-eurochallenges-prison-avec-sursis-pour-la-youtubeuse-sophie-fantasy-et-son-mari\" target=\"_blank\" rel=\"noopener\">deux ans de prison avec sursis<\/a> des stars des r\u00e9seaux sociaux Ga\u00eblle Burlot, alias Sophie Fantasy, et Gr\u00e9gory Thonet, leur fils N\u00e9o The One donne son point de vue sur l\u2019affaire dans une vid\u00e9o Youtube intitul\u00e9 \u00ab\u00a0Trahi par ma famille\u00a0\u00bb ce mercredi 7\u00a0mai.<\/p>\n<p>  \u00ab\u00a0Trahi par ma famille\u00a0\u00bb<\/p>\n<p>Le youtubeur aux 2,5\u00a0millions d\u2019abonn\u00e9s a tenu \u00e0 raconter sa version pour \u00ab\u00a0\u00e9claircir quelques zones obscures\u00a0\u00bb du proc\u00e8s Eurochallenges o\u00f9 ses parents ont \u00e9t\u00e9 reconnus coupables d\u2019escroquerie simple et de harc\u00e8lement moral.<\/p>\n<p>  \u00ab\u00a0\u00c7a a laiss\u00e9 un traumatisme\u00a0\u00bb<\/p>\n<p>Son \u00ab\u00a0histoire triste\u00a0\u00bb commence pour le jeune homme d\u00e8s 2014. Un matin, il d\u00e9couvre \u00ab\u00a0la police en train de fouiller [s] a maison.\u00a0\u00bb Tout s\u2019encha\u00eene, ses parents sont emmen\u00e9s au commissariat et il est s\u00e9par\u00e9 de son petit fr\u00e8re Swan\u00a0: \u00ab\u00a0\u00c7a a laiss\u00e9 un traumatisme. \u00c0 partir de l\u00e0, je commen\u00e7ais \u00e0 faire des cauchemars de s\u00e9paration avec mes parents\u2026\u00a0\u00bb<\/p>\n<p>Le cr\u00e9ateur de contenu revient sur la p\u00e9riode o\u00f9 les internautes ont accus\u00e9 sa m\u00e8re, Sophie Fantasy, de profiter de l\u2019exposition de ses enfants sur Youtube pour s\u2019enrichir\u00a0: \u00ab\u00a0Elle \u00e9tait constamment trait\u00e9e de monstre alors que mes parents ont tout sacrifi\u00e9 pour nous. Ces pol\u00e9miques ont \u00e9t\u00e9 affreuses pour la sant\u00e9 mentale de ma m\u00e8re.\u00a0\u00bb<\/p>\n<p>N\u00e9o s\u2019attarde \u00e9galement sur <a href=\"https:\/\/www.leprogres.fr\/faits-divers-justice\/2024\/06\/03\/quatre-ans-ferme-requis-contre-les-parents-des-ados-youtubeurs-swan-et-neo\" target=\"_blank\" rel=\"noopener\">la premi\u00e8re condamnation de ses parents<\/a> \u00a0: \u00ab\u00a0Ils sont rentr\u00e9s du tribunal humili\u00e9s. On \u00e9tait clairement sur une injustice digne du Moyen-\u00c2ge.\u00a0\u00bb Avec \u00e9motion, il confie\u00a0: \u00ab\u00a0J\u2019ai appris la d\u00e9cision du juge dans la presse. Mes parents ont pris trois ans ferme, j\u2019\u00e9tais en train de chialer.\u00a0\u00bb<\/p>\n<p>Leur peine a \u00e9t\u00e9 appliqu\u00e9e avec un mandat de d\u00e9p\u00f4t laissant leurs deux enfants seuls, l\u2019a\u00een\u00e9 explique\u00a0: \u00ab\u00a0Je devais g\u00e9rer cinq soci\u00e9t\u00e9s, m\u2019occuper de mon petit fr\u00e8re et r\u00e9viser mon bac. J\u2019ai pris la d\u00e9cision de ne pas passer mon bac. Je n\u2019avais pas les \u00e9paules pour tout faire.\u00a0\u00bb<\/p>\n<p>&#13;<br \/>\n   Fin 2023, ses parents passent finalement par la case prison\u00a0: \u00ab\u00a0J\u2019ai fait comme si tout allait bien mais j\u2019ai d\u00fb les prendre en charge financi\u00e8rement, leur payer la cantine.\u00a0\u00bb Deux mois plus tard, les deux adultes en sortent et attendent le proc\u00e8s en appel : \u00ab\u00a0Six mois de survie et de stress\u00a0\u00bb, se d\u00e9sole N\u00e9o. \u00ab\u00a0On a appris en d\u00e9cembre que nos parents n\u2019allaient pas retourner en prison. Enfin, une vraie justice\u00a0\u00bb. \u00a0 <\/p>\n<p>N\u00e9o, tr\u00e8s \u00e9nerv\u00e9, accuse\u00a0: \u00ab\u00a0La soci\u00e9t\u00e9 Eurochallenges est g\u00e9r\u00e9e par ma grand-m\u00e8re, mais l\u2019actionnaire principal est mon oncle, Pierre-Alexis. C\u2019est lui qu\u2019on devrait jeter en prison. Mes parents \u00e9taient juste des salari\u00e9s sans aucune part dans l\u2019entreprise. C\u2019est mon oncle qui a mis en taule mes parents.\u00a0\u00bb L\u2019oncle avait \u00e9t\u00e9 condamn\u00e9 \u00e0 un an de prison avec sursis probatoire pendant deux ans et 50\u00a0000\u00a0euros d\u2019amende.<\/p>\n<p>  La version de Sophie Fantasy<\/p>\n<p>La m\u00e8re, aux millions d\u2019abonn\u00e9s sur Youtube, <a href=\"https:\/\/www.leprogres.fr\/faits-divers-justice\/2023\/03\/06\/proces-eurochallenges-prison-ferme-pour-sophie-fantasy-et-son-mari\" target=\"_blank\" rel=\"noopener\">qui avait \u00e9t\u00e9 condamn\u00e9e \u00e0 5 ans de prison dont 18 mois avec sursis et 100\u00a0000\u00a0euros d\u2019amende en premi\u00e8re instance,<\/a> s\u2019est, elle aussi, exprim\u00e9e en vid\u00e9o le 16\u00a0avril. Les larmes aux yeux, elle est revenue sur \u00ab\u00a010 ans de cauchemars judiciaires\u00a0\u00bb. Avec son mari, elle d\u00e9fend l\u2019agence matrimoniale\u00a0: \u00ab\u00a0On \u00e9tait persuad\u00e9e d\u2019\u0153uvrer pour la bonne cause\u00a0\u00bb et rejette la faute sur le directeur juridique de l\u2019entreprise. Au total, <a href=\"https:\/\/www.leprogres.fr\/faits-divers-justice\/2022\/12\/07\/leur-reve-d-amour-brise-300-victimes-contre-eurochallenges\" target=\"_blank\" rel=\"noopener\">quatorze pr\u00e9venus ont \u00e9t\u00e9 poursuivis<\/a> pour escroquerie, abus de faiblesse, harc\u00e8lement moral et abus de biens sociaux en d\u00e9cembre\u00a02022.<\/p>\n<p>Avant de cr\u00e9er leur cha\u00eene YouTube aux 6\u00a0millions d\u2019abonn\u00e9s, et d\u2019y associer leurs gar\u00e7ons Swan et N\u00e9o, <a href=\"https:\/\/www.leprogres.fr\/faits-divers-justice\/2022\/12\/07\/sophie-fantasy-la-metamorphose-de-l-influenceuse-et-ex-marieuse-poursuivie-par-la-justice\" target=\"_blank\" rel=\"noopener\">Sophie Fantasy (de son vrai nom Ga\u00eblle Burlot<\/a> et son mari Greg (Gr\u00e9gory Thonet) avaient offici\u00e9 au sein de cette soci\u00e9t\u00e9 qui avait pignon sur rue \u00e0 Lyon. Elle avait \u00e9t\u00e9 fond\u00e9e par la m\u00e8re de Gr\u00e9gory Thonet, Anne-Marie Muser, qui avait associ\u00e9 ses fils dans l\u2019aventure.<\/p>\n","protected":false},"excerpt":{"rendered":"Six mois apr\u00e8s la condamnation en appel \u00e0 deux ans de prison avec sursis des stars des r\u00e9seaux&hellip;\n","protected":false},"author":2,"featured_media":90469,"comment_status":"","ping_status":"","sticky":false,"template":"","format":"standard","meta":{"footnotes":""},"categories":[1889],"tags":[1111,11,2430,271,1687,272,2757,1777,674,274,107,1011,27,1036,2428,2756,12,973,25,2429,767,104],"class_list":{"0":"post-90468","1":"post","2":"type-post","3":"status-publish","4":"format-standard","5":"has-post-thumbnail","7":"category-lyon","8":"tag-actu","9":"tag-actualites","10":"tag-auvergne-rhone-alpes","11":"tag-crime","12":"tag-culture-loisirs","13":"tag-delit-et-contravention","14":"tag-edition-lyon-villeurbanne","15":"tag-eu","16":"tag-europe","17":"tag-faits-divers-justice","18":"tag-fil-info","19":"tag-fr","20":"tag-france","21":"tag-jeux-video","22":"tag-lyon","23":"tag-lyon-bassin","24":"tag-news","25":"tag-people","26":"tag-republique-francaise","27":"tag-rhone","28":"tag-science-et-technologie","29":"tag-societe"},"share_on_mastodon":{"url":"https:\/\/pubeurope.com\/@fr\/114486100858850881","error":""},"_links":{"self":[{"href":"https:\/\/www.europesays.com\/fr\/wp-json\/wp\/v2\/posts\/90468","targetHints":{"allow":["GET"]}}],"collection":[{"href":"https:\/\/www.europesays.com\/fr\/wp-json\/wp\/v2\/posts"}],"about":[{"href":"https:\/\/www.europesays.com\/fr\/wp-json\/wp\/v2\/types\/post"}],"author":[{"embeddable":true,"href":"https:\/\/www.europesays.com\/fr\/wp-json\/wp\/v2\/users\/2"}],"replies":[{"embeddable":true,"href":"https:\/\/www.europesays.com\/fr\/wp-json\/wp\/v2\/comments?post=90468"}],"version-history":[{"count":0,"href":"https:\/\/www.europesays.com\/fr\/wp-json\/wp\/v2\/posts\/90468\/revisions"}],"wp:featuredmedia":[{"embeddable":true,"href":"https:\/\/www.europesays.com\/fr\/wp-json\/wp\/v2\/media\/90469"}],"wp:attachment":[{"href":"https:\/\/www.europesays.com\/fr\/wp-json\/wp\/v2\/media?parent=90468"}],"wp:term":[{"taxonomy":"category","embeddable":true,"href":"https:\/\/www.europesays.com\/fr\/wp-json\/wp\/v2\/categories?post=90468"},{"taxonomy":"post_tag","embeddable":true,"href":"https:\/\/www.europesays.com\/fr\/wp-json\/wp\/v2\/tags?post=90468"}],"curies":[{"name":"wp","href":"https:\/\/api.w.org\/{rel}","templated":true}]}}