{"id":90515,"date":"2025-05-10T23:47:11","date_gmt":"2025-05-10T23:47:11","guid":{"rendered":"https:\/\/www.europesays.com\/fr\/90515\/"},"modified":"2025-05-10T23:47:11","modified_gmt":"2025-05-10T23:47:11","slug":"les-3-meilleures-expositions-photo-a-voir-en-mai-a-paris","status":"publish","type":"post","link":"https:\/\/www.europesays.com\/fr\/90515\/","title":{"rendered":"Les 3 meilleures expositions photo \u00e0 voir en mai \u00e0 Paris"},"content":{"rendered":"<p><strong>Expositions \u00e0 Paris : 3 grands photographes \u00e0 red\u00e9couvrir<\/strong><\/p>\n<p>Robert Doisneau, Les Coiffeuses au soleil, juin 1966.<\/p>\n<p>\u00a9 Atelier Robert Doisneau \/ Gamma-Rapho<strong>Robert Doisneau. Instants donn\u00e9s<\/strong><\/p>\n<p>Pr\u00e8s de 400 clich\u00e9s de <a href=\"https:\/\/www.admagazine.fr\/article\/robert-doisneau-atelier-studio-parisien\" target=\"_blank\" rel=\"nofollow noopener\">Robert Doisneau<\/a> sont actuellement expos\u00e9s au Mus\u00e9e Maillol et permettent de se replonger dans l\u2019\u0153uvre prolifique du c\u00e9l\u00e8bre photographe. L\u2019enfance, les <a href=\"https:\/\/www.admagazine.fr\/article\/activites-balades-artistiques-paris\" target=\"_blank\" rel=\"nofollow noopener\">ateliers d\u2019artistes<\/a>, les \u00e9crivains, les bistrots, les ann\u00e9es Vogue, les banlieues\u2026 font notamment partie des th\u00e8mes \u00e9voqu\u00e9s. \u00c0 travers ses clich\u00e9s du quotidien, Robert Doisneau livre un regard unique sur Paris et ses habitants. Sans suivre aucune chronologie, les tirages iconiques c\u00f4toient des s\u00e9ries moins connues, et l\u2019on prend plaisir \u00e0 red\u00e9couvrir un photographe que l\u2019on croyait pourtant conna\u00eetre.<\/p>\n<p>Robert Doisneau. Instants donn\u00e9s, jusqu\u2019au 12 octobre 2025, au mus\u00e9e Maillol, 59-61, rue de Grenelle, 75007 Paris, <a data-offer-url=\"https:\/\/museemaillol.com\/\" class=\"external-link\" data-event-click=\"{&quot;element&quot;:&quot;ExternalLink&quot;,&quot;outgoingURL&quot;:&quot;https:\/\/museemaillol.com\/&quot;}\" href=\"https:\/\/museemaillol.com\/\" rel=\"nofollow noopener\" target=\"_blank\">www.museemaillol.com<\/a><\/p>\n<p>Richard Avedon, Sandra Bennett, twelve year old, Rocky Ford, Colorado, August 23, 1980.\u00a9 The Richard Avedon Foundation<\/p>\n<p><strong>Richard Avedon \u2014 In the American West<\/strong><\/p>\n<p>Le c\u00e9l\u00e8bre ouvrage In the American West de Richard Avedon publi\u00e9 en 1985 par la maison d\u2019\u00e9dition Abrams a 40 ans cette ann\u00e9e. C\u2019est le point de d\u00e9part de l\u2019exposition \u00e9ponyme pr\u00e9sent\u00e9e par la <a href=\"https:\/\/www.admagazine.fr\/art\/news\/diaporama\/la-nouvelle-fondation-cartier-bresson\/53584\" target=\"_blank\" rel=\"nofollow noopener\">Fondation Henri Cartier-Bresson<\/a>, en collaboration avec la Richard Avedon Foundation, de cette s\u00e9rie embl\u00e9matique de portraits figurant des hommes et des femmes de l\u2019Ouest am\u00e9ricain confront\u00e9s \u00e0 une vie de dur labeur. Pour la premi\u00e8re fois en Europe, la s\u00e9rie est montr\u00e9e dans son int\u00e9gralit\u00e9, soit 103 tirages, ayant servi \u00e0 imprimer l\u2019ouvrage original, ainsi que des documents in\u00e9dits (polaroids pr\u00e9paratoires, tirages annot\u00e9s de la main d\u2019Avedon, \u00e9changes \u00e9pistolaires entre l\u2019artiste et ses mod\u00e8les, etc.). \u00c0 cette occasion, Abrams r\u00e9\u00e9dite aussi l\u2019ouvrage \u00e9puis\u00e9, disponible \u00e0 la librairie de la Fondation Henri Cartier-Bresson.<\/p>\n<p>Richard Avedon \u2014 In the American West, jusqu\u2019au 12 octobre 2025, \u00e0 la Fondation Henri Cartier-Bresson, 79, rue des Archives, 75003 Paris, <a data-offer-url=\"https:\/\/www.henricartierbresson.org\/\" class=\"external-link\" data-event-click=\"{&quot;element&quot;:&quot;ExternalLink&quot;,&quot;outgoingURL&quot;:&quot;https:\/\/www.henricartierbresson.org\/&quot;}\" href=\"https:\/\/www.henricartierbresson.org\/\" rel=\"nofollow noopener\" target=\"_blank\">www.henricartierbresson.org<\/a><\/p>\n","protected":false},"excerpt":{"rendered":"Expositions \u00e0 Paris : 3 grands photographes \u00e0 red\u00e9couvrir Robert Doisneau, Les Coiffeuses au soleil, juin 1966. \u00a9&hellip;\n","protected":false},"author":2,"featured_media":90516,"comment_status":"","ping_status":"","sticky":false,"template":"","format":"standard","meta":{"footnotes":""},"categories":[1358],"tags":[1348,1384,1385,1386,58,59,1349,1011,27,1756],"class_list":{"0":"post-90515","1":"post","2":"type-post","3":"status-publish","4":"format-standard","5":"has-post-thumbnail","7":"category-arts-et-design","8":"tag-arts","9":"tag-arts-and-design","10":"tag-arts-et-design","11":"tag-design","12":"tag-divertissement","13":"tag-entertainment","14":"tag-expositions","15":"tag-fr","16":"tag-france","17":"tag-photographie"},"share_on_mastodon":{"url":"https:\/\/pubeurope.com\/@fr\/114486210940126429","error":""},"_links":{"self":[{"href":"https:\/\/www.europesays.com\/fr\/wp-json\/wp\/v2\/posts\/90515","targetHints":{"allow":["GET"]}}],"collection":[{"href":"https:\/\/www.europesays.com\/fr\/wp-json\/wp\/v2\/posts"}],"about":[{"href":"https:\/\/www.europesays.com\/fr\/wp-json\/wp\/v2\/types\/post"}],"author":[{"embeddable":true,"href":"https:\/\/www.europesays.com\/fr\/wp-json\/wp\/v2\/users\/2"}],"replies":[{"embeddable":true,"href":"https:\/\/www.europesays.com\/fr\/wp-json\/wp\/v2\/comments?post=90515"}],"version-history":[{"count":0,"href":"https:\/\/www.europesays.com\/fr\/wp-json\/wp\/v2\/posts\/90515\/revisions"}],"wp:featuredmedia":[{"embeddable":true,"href":"https:\/\/www.europesays.com\/fr\/wp-json\/wp\/v2\/media\/90516"}],"wp:attachment":[{"href":"https:\/\/www.europesays.com\/fr\/wp-json\/wp\/v2\/media?parent=90515"}],"wp:term":[{"taxonomy":"category","embeddable":true,"href":"https:\/\/www.europesays.com\/fr\/wp-json\/wp\/v2\/categories?post=90515"},{"taxonomy":"post_tag","embeddable":true,"href":"https:\/\/www.europesays.com\/fr\/wp-json\/wp\/v2\/tags?post=90515"}],"curies":[{"name":"wp","href":"https:\/\/api.w.org\/{rel}","templated":true}]}}