{"id":90519,"date":"2025-05-10T23:49:19","date_gmt":"2025-05-10T23:49:19","guid":{"rendered":"https:\/\/www.europesays.com\/fr\/90519\/"},"modified":"2025-05-10T23:49:19","modified_gmt":"2025-05-10T23:49:19","slug":"adil-rami-vainqueur-de-la-saison-4-va-t-il-partager-sa-cagnotte-avec-les-autres-traitres","status":"publish","type":"post","link":"https:\/\/www.europesays.com\/fr\/90519\/","title":{"rendered":"Adil Rami, vainqueur de la saison 4, va-t-il partager sa cagnotte avec les autres tra\u00eetres ?"},"content":{"rendered":"<p>On conna\u00eet enfin l&rsquo;identit\u00e9 de la personnalit\u00e9 qui a remport\u00e9 la saison 4 des Tra\u00eetres, ce samedi 10 mai sur M6. Il s&rsquo;agit d&rsquo;Adil Rami ! L&rsquo;ancien footballeur de 39 ans faisait \u00e9quipe avec Sophie Tapie, l&rsquo;autre tra\u00eetre de l&rsquo;\u00e9dition 2025. Mais Adil a-t-il l&rsquo;intention de partager ses gains avec sa complice ?<\/p>\n<p>Un bin\u00f4me imbattable ! Pendant six semaines,<a href=\"https:\/\/www.programme-tv.net\/news\/tv\/373756-les-traitres-saison-4-date-de-diffusion-candidats-lieu-de-tournage-toutes-les-infos-sur-la-nouvelle-saison-du-jeu-de-m6\/\" data-api-deeplink=\"teleloisirs:\/\/news\/373756\" target=\"_blank\" rel=\"noopener\"> la quatri\u00e8me saison des Tra\u00eetres<\/a> aura rythm\u00e9 les jeudis soir sur M6. Une \u00e9dition 2025 r\u00e9unissant<a href=\"https:\/\/www.programme-tv.net\/news\/tv\/373348-les-traitres-saison-4-qui-sont-les-candidats-au-casting-photos\/\" data-api-deeplink=\"teleloisirs:\/\/news\/373348\" target=\"_blank\" rel=\"noopener\"> vingt personnalit\u00e9s venues de tous les horizons<\/a> et qui aura eu le m\u00e9rite de faire vivre de multiples rebondissements aux t\u00e9l\u00e9spectateurs pendant les sept soir\u00e9es consacr\u00e9es au jeu psychologique d&rsquo;\u00c9ric Antoine. Au centre des intrigues, <b>un duo de tra\u00eetres hors pair<\/b> : la chanteuse Sophie Tapie et l&rsquo;ancien footballeur Adil Rami. Ensemble, les deux joueurs auront r\u00e9ussi \u00e0 \u00e9liminer de nombreux loyaux pourtant bien d\u00e9cid\u00e9s \u00e0 leur faire la peau. Ce samedi 10 mai, \u00e0 l&rsquo;issue de l&rsquo;ultime table ronde, c&rsquo;est finalement Adil Rami qui a remport\u00e9 la victoire face \u00e0 <a href=\"https:\/\/www.programme-tv.net\/news\/sport\/354293-roland-garros-2024-qui-est-alize-cornet-nouvelle-consultante-de-france-televisions\/\" data-api-deeplink=\"teleloisirs:\/\/news\/354293\" target=\"_blank\" rel=\"noopener\">l&rsquo;ex-tenniswoman <\/a>Aliz\u00e9 Cornet et la cr\u00e9atrice de contenu Rose THR.<\/p>\n<p>\u00ab\u00a0Elle faisait peur aux autres joueurs\u00a0\u00bb : Adil Rami revient sur l&rsquo;impact de Sophie Tapie sur sa victoire dans Les Tra\u00eetres 2025<\/p>\n<p>Lors d&rsquo;un entretien accord\u00e9 \u00e0 T\u00e9l\u00e9-Loisirs, le Corse de 39 ans est notamment revenu sur <b>les talents de manipulation de sa partenaire Sophie Tapie<\/b>. \u00ab\u00a0C&rsquo;est une machine de guerre !\u00a0\u00bb, a-t-il d\u00e9clar\u00e9. \u00ab\u00a0Elle est redoutable. Si j&rsquo;avais \u00e9t\u00e9 loyal, je me serais peut-\u00eatre fait cramer parce que je ne lui aurais pas laiss\u00e9 autant la parole. Sophie faisait du rentre-dedans, elle \u00e9tait un peu trop mise en avant parfois. Elle m&rsquo;avait fait les gros yeux pendant une table tonde, alors pendant le conseil des tra\u00eetres qui avait. suivi, je lui ai dit &lsquo;Tu n&rsquo;as pas \u00e0 me regarder, je sais tout avant tout le monde. Fais-moi confiance et ne prends jamais de risque'\u00a0\u00bb, a expliqu\u00e9 Adil Rami, ravi d&rsquo;avoir partag\u00e9 l&rsquo;aventure la fille de Bernard et Dominique Tapie. \u00ab\u00a0<b>Sophie faisait peur aux autres joueurs qui n&rsquo;osaient pas toujours la contredire.<\/b> Elle a \u00e9t\u00e9 exceptionnelle.<b> <\/b>Ce n&rsquo;est pas une Tapie pour rien !\u00a0\u00bb, a soulign\u00e9 l&rsquo;ex-sportif.<\/p>\n<p>                        \u00ab\u00a0Je lui en ai parl\u00e9 avant la finale\u00a0\u00bb : Adil Rami (Les Tra\u00eetres 2025) a-t-il partag\u00e9 les 44 000 euros de cagnotte avec Sophie Tapie ?<\/p>\n<p>Apr\u00e8s Hugo Manos et Laurent Ruquier l&rsquo;an pass\u00e9, <b>c&rsquo;est donc Adil Rami qui rafle la totalit\u00e9 de la cagnotte amass\u00e9e durant l&rsquo;aventure, soit un total de 44 000 euros. <\/b>En remportant l&rsquo;\u00e9mission, le consultant de football pour TF1 avait la possibilit\u00e9 de tout reverser \u00e0 son association L\u00e9o, qui soutient les enfants atteints d&rsquo;un cancer. Il pouvait \u00e9galement faire le choix de partager les gains avec Sophie Tapie. \u00ab\u00a0<b>Je lui en ai parl\u00e9 avant la finale et puis par t\u00e9l\u00e9phone apr\u00e8s le tournage.<\/b> Elle a fait un travail exceptionnel. Nous \u00e9tions une vraie team\u00a0\u00bb, a justifi\u00e9 le pr\u00e9sident du Wolf Pack FC. Et de revenir sur le courage et la force de sa complice pendant l&rsquo;aventure. \u00ab\u00a0Sophie m&rsquo;a pouss\u00e9 jusqu&rsquo;au bout. Elle s&rsquo;est sacrifi\u00e9e pour que les tra\u00eetres gagnent. <b>Si on ne m&rsquo;a jamais soup\u00e7onn\u00e9, c&rsquo;est gr\u00e2ce \u00e0 elle. <\/b>On avait confiance l&rsquo;un en l&rsquo;autre. Je me devais donc de partager ma victoire et les gains\u00a0\u00bb, a conclu Adil Rami. Une belle marque de respect de la part de l&rsquo;ex-candidat de Danse avec les stars 2025 !<\/p>\n","protected":false},"excerpt":{"rendered":"On conna\u00eet enfin l&rsquo;identit\u00e9 de la personnalit\u00e9 qui a remport\u00e9 la saison 4 des Tra\u00eetres, ce samedi 10&hellip;\n","protected":false},"author":2,"featured_media":90520,"comment_status":"","ping_status":"","sticky":false,"template":"","format":"standard","meta":{"footnotes":""},"categories":[1356],"tags":[1682,244,58,59,1011,27,1383,7252,20148,494,1199,252,1364,1630],"class_list":{"0":"post-90519","1":"post","2":"type-post","3":"status-publish","4":"format-standard","5":"has-post-thumbnail","7":"category-television","8":"tag-adil-rami","9":"tag-commentaire","10":"tag-divertissement","11":"tag-entertainment","12":"tag-fr","13":"tag-france","14":"tag-les-trau00eetres","15":"tag-liane-foly","16":"tag-logfive","17":"tag-m6","18":"tag-sophie-tapie","19":"tag-television","20":"tag-tv","21":"tag-zapping"},"share_on_mastodon":{"url":"https:\/\/pubeurope.com\/@fr\/114486219097013183","error":""},"_links":{"self":[{"href":"https:\/\/www.europesays.com\/fr\/wp-json\/wp\/v2\/posts\/90519","targetHints":{"allow":["GET"]}}],"collection":[{"href":"https:\/\/www.europesays.com\/fr\/wp-json\/wp\/v2\/posts"}],"about":[{"href":"https:\/\/www.europesays.com\/fr\/wp-json\/wp\/v2\/types\/post"}],"author":[{"embeddable":true,"href":"https:\/\/www.europesays.com\/fr\/wp-json\/wp\/v2\/users\/2"}],"replies":[{"embeddable":true,"href":"https:\/\/www.europesays.com\/fr\/wp-json\/wp\/v2\/comments?post=90519"}],"version-history":[{"count":0,"href":"https:\/\/www.europesays.com\/fr\/wp-json\/wp\/v2\/posts\/90519\/revisions"}],"wp:featuredmedia":[{"embeddable":true,"href":"https:\/\/www.europesays.com\/fr\/wp-json\/wp\/v2\/media\/90520"}],"wp:attachment":[{"href":"https:\/\/www.europesays.com\/fr\/wp-json\/wp\/v2\/media?parent=90519"}],"wp:term":[{"taxonomy":"category","embeddable":true,"href":"https:\/\/www.europesays.com\/fr\/wp-json\/wp\/v2\/categories?post=90519"},{"taxonomy":"post_tag","embeddable":true,"href":"https:\/\/www.europesays.com\/fr\/wp-json\/wp\/v2\/tags?post=90519"}],"curies":[{"name":"wp","href":"https:\/\/api.w.org\/{rel}","templated":true}]}}