{"id":905324,"date":"2026-05-01T21:56:31","date_gmt":"2026-05-01T21:56:31","guid":{"rendered":"https:\/\/www.europesays.com\/fr\/905324\/"},"modified":"2026-05-01T21:56:31","modified_gmt":"2026-05-01T21:56:31","slug":"om-mccourt-veut-faire-coup-double-a-marseille","status":"publish","type":"post","link":"https:\/\/www.europesays.com\/fr\/905324\/","title":{"rendered":"OM : McCourt veut faire coup double \u00e0 Marseille"},"content":{"rendered":"<p><strong>Dans un article du New-York Times, le journaliste Rory Smith revient sur le r\u00f4le soci\u00e9tal que poss\u00e8de l&rsquo;Olympique de Marseille.<\/strong><\/p>\n<p>Arriv\u00e9 \u00e0 Marseille en tant que nouveau propri\u00e9taire du club en octobre 2016, Frank McCourt est relativement discret depuis quelques semaines. Critiqu\u00e9 par certains supporters pour son manque d&rsquo;apport financier, l&rsquo;Am\u00e9ricain aurait r\u00e9cemment <a href=\"https:\/\/www.foot01.com\/equipe\/marseille\/om-221-me-mccourt-a-dechire-l-offre-de-l-arabie-saoudite,362735\" rel=\"nofollow noopener\" target=\"_blank\">refus\u00e9 une offre de 221 millions d&rsquo;euros venant d&rsquo;Arabie-Saoudite pour racheter le club.<\/a> Faisant partie des clubs les plus populaires en France, l&rsquo;OM int\u00e9resse (via son propri\u00e9taire) \u00e9galement aux Etats-Unis. C&rsquo;est le cas notamment du journaliste Rory Smith, qui a \u00e9voqu\u00e9 le club olympien lors d&rsquo;un article au sujet de l&rsquo;attachement des supporters \u00e0 leur club pour le <a href=\"https:\/\/www.nytimes.com\/\" rel=\"nofollow noopener\" target=\"_blank\">New-York Times<\/a>. Il revient dans son papier sur un \u00e9change qu&rsquo;il a eu avec Frank McCourt.<\/p>\n<p>\u00ab Ce qui l&rsquo;a le plus frapp\u00e9 depuis qu&rsquo;il a pris la t\u00eate de l&rsquo;\u00e9quipe la plus populaire de France il y a quatre ans, c&rsquo;est la fa\u00e7on dont cette port\u00e9e soci\u00e9tale est incarn\u00e9e \u00e0 l&rsquo;OM. Il est soucieux de d\u00e9signer le club comme le font ses supporters &#8211; et comment toute la ville de Marseille se rassemble derri\u00e8re lui. En 2017, McCourt a cr\u00e9\u00e9 une fondation \u00e9ducative, pour permettre \u00e0 l&rsquo;OM de se mettre au service de la ville. La pand\u00e9mie et ses cons\u00e9quences \u00e9conomiques l&rsquo;a convaincu qu&rsquo;elle ne devait pas \u00eatre un \u00e9l\u00e9ment secondaire, mais bien un \u00e9l\u00e9ment central du r\u00f4le du club \u00bb raconte le journaliste. Dans le contexte actuel, nul doute que les clubs mais \u00e9galement les joueurs ont un r\u00f4le \u00e0 jouer, comme l&rsquo;ont brillamment fait Marcus Rashford ou Bryan Soumar\u00e9 avec des actions de solidarit\u00e9.<\/p>\n","protected":false},"excerpt":{"rendered":"Dans un article du New-York Times, le journaliste Rory Smith revient sur le r\u00f4le soci\u00e9tal que poss\u00e8de l&rsquo;Olympique&hellip;\n","protected":false},"author":2,"featured_media":905325,"comment_status":"","ping_status":"","sticky":false,"template":"","format":"standard","meta":{"footnotes":"","_share_on_mastodon":"0"},"categories":[2814],"tags":[1111,11,14078,1777,674,1011,27,884,12,149,882,25],"class_list":["post-905324","post","type-post","status-publish","format-standard","has-post-thumbnail","category-marseille","tag-actu","tag-actualites","tag-equipes","tag-eu","tag-europe","tag-fr","tag-france","tag-marseille","tag-news","tag-om","tag-provence-alpes-cote-dazur","tag-republique-francaise"],"share_on_mastodon":{"url":"https:\/\/pubeurope.com\/@fr\/116501557138799065","error":""},"_links":{"self":[{"href":"https:\/\/www.europesays.com\/fr\/wp-json\/wp\/v2\/posts\/905324","targetHints":{"allow":["GET"]}}],"collection":[{"href":"https:\/\/www.europesays.com\/fr\/wp-json\/wp\/v2\/posts"}],"about":[{"href":"https:\/\/www.europesays.com\/fr\/wp-json\/wp\/v2\/types\/post"}],"author":[{"embeddable":true,"href":"https:\/\/www.europesays.com\/fr\/wp-json\/wp\/v2\/users\/2"}],"replies":[{"embeddable":true,"href":"https:\/\/www.europesays.com\/fr\/wp-json\/wp\/v2\/comments?post=905324"}],"version-history":[{"count":0,"href":"https:\/\/www.europesays.com\/fr\/wp-json\/wp\/v2\/posts\/905324\/revisions"}],"wp:featuredmedia":[{"embeddable":true,"href":"https:\/\/www.europesays.com\/fr\/wp-json\/wp\/v2\/media\/905325"}],"wp:attachment":[{"href":"https:\/\/www.europesays.com\/fr\/wp-json\/wp\/v2\/media?parent=905324"}],"wp:term":[{"taxonomy":"category","embeddable":true,"href":"https:\/\/www.europesays.com\/fr\/wp-json\/wp\/v2\/categories?post=905324"},{"taxonomy":"post_tag","embeddable":true,"href":"https:\/\/www.europesays.com\/fr\/wp-json\/wp\/v2\/tags?post=905324"}],"curies":[{"name":"wp","href":"https:\/\/api.w.org\/{rel}","templated":true}]}}