{"id":90535,"date":"2025-05-10T23:58:10","date_gmt":"2025-05-10T23:58:10","guid":{"rendered":"https:\/\/www.europesays.com\/fr\/90535\/"},"modified":"2025-05-10T23:58:10","modified_gmt":"2025-05-10T23:58:10","slug":"bruno-retailleau-juge-le-texte-profondement-desequilibre","status":"publish","type":"post","link":"https:\/\/www.europesays.com\/fr\/90535\/","title":{"rendered":"Bruno Retailleau juge le texte \u00ab\u00a0profond\u00e9ment d\u00e9s\u00e9quilibr\u00e9\u00a0\u00bb"},"content":{"rendered":"<p>Le ministre de l\u2019Int\u00e9rieur, <a href=\"https:\/\/www.20minutes.fr\/dossier\/bruno_retailleau\" class=\"color-ultramarine c-link\" target=\"_blank\" rel=\"noopener\">Bruno Retailleau<\/a>, estime que le texte sur l\u2019aide \u00e0 mourir, qui sera d\u00e9battu \u00e0 partir de lundi \u00e0 l\u2019<a href=\"https:\/\/www.20minutes.fr\/dossier\/assemblee_nationale\" class=\"color-ultramarine c-link\" target=\"_blank\" rel=\"noopener\">Assembl\u00e9e nationale<\/a>, est \u00ab\u00a0profond\u00e9ment d\u00e9s\u00e9quilibr\u00e9\u00a0\u00bb, alors qu\u2019il est notamment d\u00e9fendu par sa coll\u00e8gue de la Sant\u00e9 au gouvernement, <a href=\"https:\/\/www.20minutes.fr\/politique\/catherine-vautrin\/\" class=\"color-ultramarine c-link\" target=\"_blank\" rel=\"noopener\">Catherine Vautrin<\/a>.<\/p>\n<p>Ce texte \u00ab\u00a0fait sauter tous les verrous. Ce n\u2019est pas un texte d\u2019apaisement, c\u2019est un texte de rupture anthropologique\u00a0\u00bb, affirme au Journal du dimanche, Bruno Retailleau \u00e0 propos de la proposition de loi d\u00e9pos\u00e9e par <a href=\"https:\/\/www.20minutes.fr\/dossier\/olivier_falorni\" class=\"color-ultramarine c-link\" target=\"_blank\" rel=\"noopener\">Olivier Falorni<\/a>.<\/p>\n<p>\u00ab\u00a0Notre soci\u00e9t\u00e9 a besoin de soins palliatifs\u00a0\u00bb<\/p>\n<p>\u00ab\u00a0S\u2019il \u00e9tait vot\u00e9 en l\u2019\u00e9tat, il deviendrait plus facile de demander la mort que d\u2019\u00eatre soign\u00e9\u00a0\u00bb, d\u00e9nonce le ministre <a href=\"https:\/\/www.20minutes.fr\/politique\/lr\/\" class=\"color-ultramarine c-link\" target=\"_blank\" rel=\"noopener\">Les R\u00e9publicains<\/a>, parlant d\u2019un texte qui \u00ab\u00a0est celui du renoncement, de l\u2019abandon\u00a0\u00bb.<\/p>\n<\/p>\n<p>Fin avril, les d\u00e9put\u00e9s ont approuv\u00e9 la proposition de loi en commission des Affaires sociales pour permettre \u00e0 des malades avec une \u00ab\u00a0affection grave et incurable\u00a0\u00bb qui \u00ab\u00a0engage le pronostic vital, en phase avanc\u00e9e ou terminale\u00a0\u00bb et ne supportant plus leurs souffrances, de recevoir ou de s\u2019administrer une substance l\u00e9tale.<\/p>\n<p>\u00ab\u00a0Je me battrai, parce que notre soci\u00e9t\u00e9 a besoin de soins palliatifs, pas d\u2019une l\u00e9galisation de l\u2019<a href=\"https:\/\/www.20minutes.fr\/dossier\/euthanasie\" class=\"color-ultramarine c-link\" target=\"_blank\" rel=\"noopener\">euthanasie<\/a>\u00a0\u00bb, pr\u00e9vient Bruno Retailleau dans le JDD.<\/p>\n<p>Une aide \u00e0 mourir \u00ab\u00a0essentielle pour celles et ceux dont la souffrance ne peut \u00eatre soulag\u00e9e\u00a0\u00bb<\/p>\n<p>Catherine Vautrin a estim\u00e9 pour sa part le mois dernier que l\u2019ouverture d\u2019une aide \u00e0 mourir est \u00ab\u00a0essentielle pour celles et ceux dont la souffrance [\u2026] ne peut \u00eatre soulag\u00e9e\u00a0\u00bb, assurant que cela n\u2019ouvre pas \u00ab\u00a0une rupture anthropologique\u00a0\u00bb en raison des multiples conditions fix\u00e9es.<\/p>\n<p>Dans un avis, la Haute Autorit\u00e9 de sant\u00e9 a jug\u00e9 \u00ab\u00a0impossible\u00a0\u00bb, faute de consensus m\u00e9dical, de d\u00e9terminer qui pourrait b\u00e9n\u00e9ficier d\u2019une aide \u00e0 mourir en se basant sur un pronostic vital engag\u00e9 \u00ab\u00a0\u00e0 moyen terme\u00a0\u00bb ou sur une \u00ab\u00a0phase terminale\u00a0\u00bb de maladie, mais elle sugg\u00e8re de prendre en compte \u00ab\u00a0la qualit\u00e9 du reste \u00e0 vivre\u00a0\u00bb de la personne.<\/p>\n<p>Le texte sur la fin de vie a \u00e9t\u00e9 scind\u00e9 en deux propositions de loi, l\u2019une sur l\u2019aide \u00e0 mourir et l\u2019autre, beaucoup plus consensuelle, sur les soins palliatifs.<\/p>\n","protected":false},"excerpt":{"rendered":"Le ministre de l\u2019Int\u00e9rieur, Bruno Retailleau, estime que le texte sur l\u2019aide \u00e0 mourir, qui sera d\u00e9battu \u00e0&hellip;\n","protected":false},"author":2,"featured_media":90536,"comment_status":"","ping_status":"","sticky":false,"template":"","format":"standard","meta":{"footnotes":""},"categories":[4],"tags":[47,11,416,1013,6970,17193,1011,27,420,226,12,316,25,104],"class_list":{"0":"post-90535","1":"post","2":"type-post","3":"status-publish","4":"format-standard","5":"has-post-thumbnail","7":"category-france","8":"tag-actualite","9":"tag-actualites","10":"tag-assemblee-nationale","11":"tag-bruno-retailleau","12":"tag-catherine-vautrin","13":"tag-euthanasie","14":"tag-fr","15":"tag-france","16":"tag-loi","17":"tag-maladie","18":"tag-news","19":"tag-politique","20":"tag-republique-francaise","21":"tag-societe"},"share_on_mastodon":{"url":"https:\/\/pubeurope.com\/@fr\/114486254287311474","error":""},"_links":{"self":[{"href":"https:\/\/www.europesays.com\/fr\/wp-json\/wp\/v2\/posts\/90535","targetHints":{"allow":["GET"]}}],"collection":[{"href":"https:\/\/www.europesays.com\/fr\/wp-json\/wp\/v2\/posts"}],"about":[{"href":"https:\/\/www.europesays.com\/fr\/wp-json\/wp\/v2\/types\/post"}],"author":[{"embeddable":true,"href":"https:\/\/www.europesays.com\/fr\/wp-json\/wp\/v2\/users\/2"}],"replies":[{"embeddable":true,"href":"https:\/\/www.europesays.com\/fr\/wp-json\/wp\/v2\/comments?post=90535"}],"version-history":[{"count":0,"href":"https:\/\/www.europesays.com\/fr\/wp-json\/wp\/v2\/posts\/90535\/revisions"}],"wp:featuredmedia":[{"embeddable":true,"href":"https:\/\/www.europesays.com\/fr\/wp-json\/wp\/v2\/media\/90536"}],"wp:attachment":[{"href":"https:\/\/www.europesays.com\/fr\/wp-json\/wp\/v2\/media?parent=90535"}],"wp:term":[{"taxonomy":"category","embeddable":true,"href":"https:\/\/www.europesays.com\/fr\/wp-json\/wp\/v2\/categories?post=90535"},{"taxonomy":"post_tag","embeddable":true,"href":"https:\/\/www.europesays.com\/fr\/wp-json\/wp\/v2\/tags?post=90535"}],"curies":[{"name":"wp","href":"https:\/\/api.w.org\/{rel}","templated":true}]}}