{"id":90545,"date":"2025-05-11T00:03:28","date_gmt":"2025-05-11T00:03:28","guid":{"rendered":"https:\/\/www.europesays.com\/fr\/90545\/"},"modified":"2025-05-11T00:03:28","modified_gmt":"2025-05-11T00:03:28","slug":"necrologie-deces-de-christian-zuniga-lopez","status":"publish","type":"post","link":"https:\/\/www.europesays.com\/fr\/90545\/","title":{"rendered":"N\u00e9crologie. D\u00e9c\u00e8s de Christian Zuniga Lopez"},"content":{"rendered":"<p>C\u2019est avec tristesse que nous apprenons le d\u00e9c\u00e8s de Christian Zuniga Lopez, survenu brutalement le 5\u00a0mai dernier, au centre hospitalier de Nancy-Brabois, o\u00f9 il avait \u00e9t\u00e9 admis deux jours plus t\u00f4t. Christian Zuniga avait 71 ans. N\u00e9 en 1954 \u00e0 Darney, o\u00f9 ses parents exer\u00e7aient la profession d\u2019\u00e9clusiers, Christian Zuniga passe son enfance et son adolescence dans les Vosges, au sein d\u2019une&#8230;<\/p>\n","protected":false},"excerpt":{"rendered":"C\u2019est avec tristesse que nous apprenons le d\u00e9c\u00e8s de Christian Zuniga Lopez, survenu brutalement le 5\u00a0mai dernier, au&hellip;\n","protected":false},"author":2,"featured_media":90546,"comment_status":"","ping_status":"","sticky":false,"template":"","format":"standard","meta":{"footnotes":""},"categories":[9635],"tags":[1111,11,9223,1704,1777,674,1011,27,775,3457,1702,1703,1391,12,25,104],"class_list":{"0":"post-90545","1":"post","2":"type-post","3":"status-publish","4":"format-standard","5":"has-post-thumbnail","7":"category-nancy","8":"tag-actu","9":"tag-actualites","10":"tag-carnet-du-jour","11":"tag-edition-nancy-et-agglomeration","12":"tag-eu","13":"tag-europe","14":"tag-fr","15":"tag-france","16":"tag-grand-est","17":"tag-meurthe-et-moselle","18":"tag-nancy","19":"tag-nancy-ville-54b","20":"tag-necrologie","21":"tag-news","22":"tag-republique-francaise","23":"tag-societe"},"share_on_mastodon":{"url":"https:\/\/pubeurope.com\/@fr\/114486273888270392","error":""},"_links":{"self":[{"href":"https:\/\/www.europesays.com\/fr\/wp-json\/wp\/v2\/posts\/90545","targetHints":{"allow":["GET"]}}],"collection":[{"href":"https:\/\/www.europesays.com\/fr\/wp-json\/wp\/v2\/posts"}],"about":[{"href":"https:\/\/www.europesays.com\/fr\/wp-json\/wp\/v2\/types\/post"}],"author":[{"embeddable":true,"href":"https:\/\/www.europesays.com\/fr\/wp-json\/wp\/v2\/users\/2"}],"replies":[{"embeddable":true,"href":"https:\/\/www.europesays.com\/fr\/wp-json\/wp\/v2\/comments?post=90545"}],"version-history":[{"count":0,"href":"https:\/\/www.europesays.com\/fr\/wp-json\/wp\/v2\/posts\/90545\/revisions"}],"wp:featuredmedia":[{"embeddable":true,"href":"https:\/\/www.europesays.com\/fr\/wp-json\/wp\/v2\/media\/90546"}],"wp:attachment":[{"href":"https:\/\/www.europesays.com\/fr\/wp-json\/wp\/v2\/media?parent=90545"}],"wp:term":[{"taxonomy":"category","embeddable":true,"href":"https:\/\/www.europesays.com\/fr\/wp-json\/wp\/v2\/categories?post=90545"},{"taxonomy":"post_tag","embeddable":true,"href":"https:\/\/www.europesays.com\/fr\/wp-json\/wp\/v2\/tags?post=90545"}],"curies":[{"name":"wp","href":"https:\/\/api.w.org\/{rel}","templated":true}]}}