{"id":90551,"date":"2025-05-11T00:06:08","date_gmt":"2025-05-11T00:06:08","guid":{"rendered":"https:\/\/www.europesays.com\/fr\/90551\/"},"modified":"2025-05-11T00:06:08","modified_gmt":"2025-05-11T00:06:08","slug":"previsions-du-dimanche-11-mai-2025-4","status":"publish","type":"post","link":"https:\/\/www.europesays.com\/fr\/90551\/","title":{"rendered":"pr\u00e9visions du dimanche 11 mai 2025"},"content":{"rendered":"<p>Il va faire 16\u00b0C en moyenne \u00e0 Montpellier aujourd&rsquo;hui. Le matin, des nuages ne voudront pas c\u00e9der leur place au soleil. De la pluie tombera. Les valeurs seront comprises entre 14 et 15\u00b0C. La ville sera touch\u00e9e par un vent d&rsquo;est de 27 km\/h. De l\u00e9g\u00e8res averses sont \u00e0 pr\u00e9voir au cours de l&rsquo;apr\u00e8s-midi. Les temp\u00e9ratures seront de 15\u00b0C au minimum et de 17\u00b0C au maximum. Il va falloir \u00eatre pr\u00e9voyant le soir : de l\u00e9g\u00e8res averses auront lieu. Le thermom\u00e8tre affichera 15\u00b0C en moyenne. Le ciel sera pluvieux dans la nuit de dimanche \u00e0 lundi.<\/p>\n<p>Demain, un beau soleil rayonnera sur Montpellier. Le temps va se r\u00e9chauffer avec une augmentation de quelques degr\u00e9s. Les valeurs s&rsquo;\u00e9chelonneront entre 12 et 21\u00b0C. Un vent de nord-ouest rafra\u00eechira l\u00e9g\u00e8rement l&rsquo;atmosph\u00e8re. Les temp\u00e9ratures iront de 14 \u00e0 19\u00b0C sur l&rsquo;ensemble de la matin\u00e9e. Les valeurs afficheront entre 20 et 21\u00b0C durant l&rsquo;apr\u00e8s-midi. Il va pleuvoir demain soir. Les temp\u00e9ratures seront comprises entre 16\u00b0C et 18\u00b0C.<\/p>\n<p>Peu d&rsquo;\u00e9volutions pour la suite. Comptez sur 17\u00b0C en moyenne qui accompagneront des journ\u00e9es ensoleill\u00e9es.<\/p>\n<p><\/p>\n","protected":false},"excerpt":{"rendered":"Il va faire 16\u00b0C en moyenne \u00e0 Montpellier aujourd&rsquo;hui. Le matin, des nuages ne voudront pas c\u00e9der leur&hellip;\n","protected":false},"author":2,"featured_media":90552,"comment_status":"","ping_status":"","sticky":false,"template":"","format":"standard","meta":{"footnotes":""},"categories":[9599],"tags":[1111,11,1777,674,1011,27,7089,2681,2208,12,2680,2119,25],"class_list":{"0":"post-90551","1":"post","2":"type-post","3":"status-publish","4":"format-standard","5":"has-post-thumbnail","7":"category-montpellier","8":"tag-actu","9":"tag-actualites","10":"tag-eu","11":"tag-europe","12":"tag-fr","13":"tag-france","14":"tag-herault","15":"tag-languedoc-roussillon","16":"tag-montpellier","17":"tag-news","18":"tag-occitanie","19":"tag-previsions-meteo","20":"tag-republique-francaise"},"share_on_mastodon":{"url":"https:\/\/pubeurope.com\/@fr\/114486285666463346","error":""},"_links":{"self":[{"href":"https:\/\/www.europesays.com\/fr\/wp-json\/wp\/v2\/posts\/90551","targetHints":{"allow":["GET"]}}],"collection":[{"href":"https:\/\/www.europesays.com\/fr\/wp-json\/wp\/v2\/posts"}],"about":[{"href":"https:\/\/www.europesays.com\/fr\/wp-json\/wp\/v2\/types\/post"}],"author":[{"embeddable":true,"href":"https:\/\/www.europesays.com\/fr\/wp-json\/wp\/v2\/users\/2"}],"replies":[{"embeddable":true,"href":"https:\/\/www.europesays.com\/fr\/wp-json\/wp\/v2\/comments?post=90551"}],"version-history":[{"count":0,"href":"https:\/\/www.europesays.com\/fr\/wp-json\/wp\/v2\/posts\/90551\/revisions"}],"wp:featuredmedia":[{"embeddable":true,"href":"https:\/\/www.europesays.com\/fr\/wp-json\/wp\/v2\/media\/90552"}],"wp:attachment":[{"href":"https:\/\/www.europesays.com\/fr\/wp-json\/wp\/v2\/media?parent=90551"}],"wp:term":[{"taxonomy":"category","embeddable":true,"href":"https:\/\/www.europesays.com\/fr\/wp-json\/wp\/v2\/categories?post=90551"},{"taxonomy":"post_tag","embeddable":true,"href":"https:\/\/www.europesays.com\/fr\/wp-json\/wp\/v2\/tags?post=90551"}],"curies":[{"name":"wp","href":"https:\/\/api.w.org\/{rel}","templated":true}]}}