{"id":905762,"date":"2026-05-02T03:16:15","date_gmt":"2026-05-02T03:16:15","guid":{"rendered":"https:\/\/www.europesays.com\/fr\/905762\/"},"modified":"2026-05-02T03:16:15","modified_gmt":"2026-05-02T03:16:15","slug":"cest-la-premiere-fois-que-les-iles-accueillent-un-roi-regnant-aux-bermudes-charles-iii-confronte-a-lhistoire-de-lesclavage","status":"publish","type":"post","link":"https:\/\/www.europesays.com\/fr\/905762\/","title":{"rendered":"\u00abC\u2019est la premi\u00e8re fois que les \u00eeles accueillent un roi r\u00e9gnant\u00bb : aux Bermudes, Charles III confront\u00e9 \u00e0 l&rsquo;histoire de l&rsquo;esclavage"},"content":{"rendered":"<p>\n    Le roi d\u2019Angleterre a consacr\u00e9 vendredi une partie de sa visite aux Bermudes, territoire britannique dans l\u2019oc\u00e9an Atlantique, \u00e0 la douloureuse m\u00e9moire de l\u2019esclavage. Une question sensible pour la monarchie britannique qui n\u2019a jamais pr\u00e9sent\u00e9 ses excuses.<\/p>\n<p class=\"fig-paragraph\">Le roi\u00a0<a href=\"https:\/\/www.lefigaro.fr\/tag\/charles-iii\" target=\"_blank\" rel=\"noopener nofollow\" data-gtm-custom-categorie=\"navigation\" data-gtm-custom-action=\"crossclick\" data-gtm-custom-label=\"Contextuel\" data-gtm-event=\"customEventSPE\">Charles III<\/a>\u00a0a consacr\u00e9 vendredi une partie de sa visite aux Bermudes, territoire britannique dans l&rsquo;oc\u00e9an Atlantique, \u00e0 la douloureuse m\u00e9moire de l&rsquo;esclavage, une question sensible pour la monarchie britannique. La famille royale britannique a \u00e9t\u00e9 invit\u00e9e \u00e0 plusieurs reprises par des pays victimes de la traite des esclaves, dont le Royaume-Uni a profit\u00e9 pendant des si\u00e8cles, \u00e0 pr\u00e9senter des excuses. Qu&rsquo;elle n&rsquo;a pour l&rsquo;heure jamais formul\u00e9es.<\/p>\n<p class=\"fig-paragraph\">Sans aborder ces revendications explicitement, Charles III a \u00e9t\u00e9 confront\u00e9 \u00e0 la question lors de plusieurs parties du programme de sa premi\u00e8re visite dans un territoire ultramarin britannique en tant que roi. \u00abEn fait, on m&rsquo;a dit, \u00e0 ma grande surprise, que c&rsquo;est aussi la premi\u00e8re fois, en 400 ans d&rsquo;histoire des Bermudes, que les \u00eeles accueillent un roi r\u00e9gnant\u00bb, a soulign\u00e9 le souverain pendant une r\u00e9ception organis\u00e9e \u00e0 la r\u00e9sidence du gouverneur. \u00abJe suis terriblement d\u00e9sol\u00e9 que cela ait pris autant de temps\u00bb, s&rsquo;est-il excus\u00e9, d\u00e9clenchant les rires de l&rsquo;assistance.<\/p>\n<p>                                            <a class=\"fig-a11y-skip\" href=\"#fig-a11y-skip-main-inarticle\" is=\"fig-a11y-skip\" data-trigger-mode=\"visible-once\"><br \/>\n    Passer la publicit\u00e9<br \/>\n<\/a>            <\/p>\n<p class=\"fig-paragraph\">Sa m\u00e8re, Elizabeth II, s&rsquo;\u00e9tait rendue dans l&rsquo;archipel \u00e0 plusieurs reprises durant son r\u00e8gne. \u00abIl y a des ann\u00e9es, quand la reine est venue, mes parents ont eu la chance de la rencontrer, alors je suis vraiment ravie d&rsquo;\u00eatre ici pour voir le roi. C&rsquo;est un honneur que ce soit le premier territoire (ultramarin) o\u00f9 il se d\u00e9place\u00bb, appr\u00e9cie aupr\u00e8s de l&rsquo;AFP Judith Alexander, ex-directrice d&rsquo;\u00e9cole \u00e0 la retraite.<\/p>\n<p>                                            Compensation financi\u00e8re pour l\u2019esclavage<\/p>\n<p class=\"fig-paragraph\">Charles a assist\u00e9, dans le sud-ouest de l&rsquo;archipel, \u00e0 des danses traditionnelles. Des danseurs masqu\u00e9s aux costumes color\u00e9s et aux couvre-chefs \u00e0 plumes tout en hauteur perp\u00e9tuent un folklore aux influences africaines, am\u00e9rindiennes et carib\u00e9ennes. Les masques peints viennent du temps de l&rsquo;esclavage, quand il \u00e9tait interdit aux esclaves de danser en public et qu&rsquo;ils dissimulaient ainsi leur identit\u00e9. Les tenues portent aussi des clochettes symbolisant les cha\u00eenes qui les entravaient.<\/p>\n<p class=\"fig-paragraph\">Le monarque a aussi visit\u00e9 une exposition du mus\u00e9e national des Bermudes retra\u00e7ant l&rsquo;histoire sombre de l&rsquo;\u00eele lors de la traite des esclaves. Elle pr\u00e9sente notamment des colliers de fer des ann\u00e9es 1500.<\/p>\n<p class=\"fig-paragraph\">De nombreuses nations d&rsquo;Afrique, des Cara\u00efbes et du Pacifique souhaitent que le Royaume-Uni et d&rsquo;autres puissances europ\u00e9ennes versent une compensation financi\u00e8re pour l&rsquo;esclavage ou qu&rsquo;elles fassent au moins amende honorable sur le plan politique. Lors d&rsquo;un sommet du Commonwealth aux Samoa en octobre 2024, Charles III, qui reste chef d&rsquo;\u00c9tat de plusieurs pays concern\u00e9s, s&rsquo;\u00e9tait abstenu de pr\u00e9senter des excuses. Il avait demand\u00e9 aux participants de \u00abrejeter le langage de la division\u00bb.<\/p>\n<p>    Le roi Charles III salue des membres du public alors qu\u2019il quitte l\u2019\u00e9glise St Peter \u00e0 Saint George\u2019s, aux Bermudes, le 1er mai 2026.<br \/>\n                Henry Nicholls \/ REUTERS<\/p>\n<p>                                            Retour au Royaume-Uni<\/p>\n<p class=\"fig-paragraph\">Le roi repartira samedi pour l&rsquo;Angleterre, apr\u00e8s une tourn\u00e9e domin\u00e9e par son passage aux \u00c9tats-Unis, tr\u00e8s attendu en pleines tensions entre Londres et Washington et qui a \u00e9t\u00e9 largement salu\u00e9 comme un succ\u00e8s. Peu avant le d\u00e9part de Charles III des \u00c9tats-Unis jeudi, Donald Trump, fascin\u00e9 par la monarchie et son faste, a salu\u00e9 \u00able plus formidable des rois\u00bb. Le pr\u00e9sident am\u00e9ricain a annonc\u00e9 supprimer les droits de douane sur le whisky \u00e9cossais \u00aben l&rsquo;honneur du roi et de la reine du Royaume-Uni\u00bb.<\/p>\n<p>                                            <a class=\"fig-a11y-skip\" href=\"#fig-a11y-skip-main-inarticle_mtf\" is=\"fig-a11y-skip\" data-trigger-mode=\"visible-once\"><br \/>\n    Passer la publicit\u00e9<br \/>\n<\/a>            <\/p>\n<p class=\"fig-paragraph\">Le temps fort de cette visite d&rsquo;\u00c9tat de quatre jours, entre Washington et New York essentiellement, a \u00e9t\u00e9 le discours de Charles III devant le Congr\u00e8s am\u00e9ricain mardi. Il est seulement le deuxi\u00e8me souverain britannique \u00e0 s&rsquo;y \u00eatre exprim\u00e9 apr\u00e8s Elizabeth II en 1991. Le discours du roi a \u00e9t\u00e9 chaleureusement re\u00e7u, m\u00eame s&rsquo;il a abord\u00e9 des sujets sensibles pour les soutiens r\u00e9publicains de Donald Trump, en appelant \u00e0 faire preuve d&rsquo;une \u00abd\u00e9termination sans faille\u00bb pour la d\u00e9fense de l&rsquo;Ukraine ou encore en \u00e9voquant l&rsquo;\u00e9quilibre des pouvoirs et le changement climatique.<\/p>\n<p class=\"fig-paragraph\">Charles III a exhort\u00e9 Londres et Washington, froiss\u00e9s au sujet de la guerre en Iran, \u00e0 d\u00e9fendre leurs valeurs communes et \u00e0 r\u00e9sister aux appels \u00e0 se replier \u00abtoujours davantage sur eux-m\u00eames\u00bb.<\/p>\n","protected":false},"excerpt":{"rendered":"Le roi d\u2019Angleterre a consacr\u00e9 vendredi une partie de sa visite aux Bermudes, territoire britannique dans l\u2019oc\u00e9an Atlantique,&hellip;\n","protected":false},"author":2,"featured_media":905763,"comment_status":"","ping_status":"","sticky":false,"template":"","format":"standard","meta":{"footnotes":"","_share_on_mastodon":"0"},"categories":[1588],"tags":[11,65563,581,1777,674,12,473,1853,1851,1850,1852],"class_list":["post-905762","post","type-post","status-publish","format-standard","has-post-thumbnail","category-royaume-uni","tag-actualites","tag-bermudes","tag-charles-iii","tag-eu","tag-europe","tag-news","tag-royaume-uni","tag-royaume-uni-de-grande-bretagne-et-dirlande-du-nord","tag-uk","tag-united-kingdom","tag-united-kingdom-of-great-britain-and-northern-ireland"],"share_on_mastodon":{"url":"https:\/\/pubeurope.com\/@fr\/116502815353640639","error":""},"_links":{"self":[{"href":"https:\/\/www.europesays.com\/fr\/wp-json\/wp\/v2\/posts\/905762","targetHints":{"allow":["GET"]}}],"collection":[{"href":"https:\/\/www.europesays.com\/fr\/wp-json\/wp\/v2\/posts"}],"about":[{"href":"https:\/\/www.europesays.com\/fr\/wp-json\/wp\/v2\/types\/post"}],"author":[{"embeddable":true,"href":"https:\/\/www.europesays.com\/fr\/wp-json\/wp\/v2\/users\/2"}],"replies":[{"embeddable":true,"href":"https:\/\/www.europesays.com\/fr\/wp-json\/wp\/v2\/comments?post=905762"}],"version-history":[{"count":0,"href":"https:\/\/www.europesays.com\/fr\/wp-json\/wp\/v2\/posts\/905762\/revisions"}],"wp:featuredmedia":[{"embeddable":true,"href":"https:\/\/www.europesays.com\/fr\/wp-json\/wp\/v2\/media\/905763"}],"wp:attachment":[{"href":"https:\/\/www.europesays.com\/fr\/wp-json\/wp\/v2\/media?parent=905762"}],"wp:term":[{"taxonomy":"category","embeddable":true,"href":"https:\/\/www.europesays.com\/fr\/wp-json\/wp\/v2\/categories?post=905762"},{"taxonomy":"post_tag","embeddable":true,"href":"https:\/\/www.europesays.com\/fr\/wp-json\/wp\/v2\/tags?post=905762"}],"curies":[{"name":"wp","href":"https:\/\/api.w.org\/{rel}","templated":true}]}}