{"id":90582,"date":"2025-05-11T00:26:27","date_gmt":"2025-05-11T00:26:27","guid":{"rendered":"https:\/\/www.europesays.com\/fr\/90582\/"},"modified":"2025-05-11T00:26:27","modified_gmt":"2025-05-11T00:26:27","slug":"inadmissible-indigne-lenorme-colere-de-genesio-apres-la-defaite-de-lille-a-brest","status":"publish","type":"post","link":"https:\/\/www.europesays.com\/fr\/90582\/","title":{"rendered":"\u00abInadmissible\u00bb, \u00abindigne\u00bb, l\u2019\u00e9norme col\u00e8re de Genesio apr\u00e8s la d\u00e9faite de Lille \u00e0 Brest"},"content":{"rendered":"<p>L\u2019entra\u00eeneur du Losc n\u2019a pas du tout appr\u00e9ci\u00e9 la contre-performance de son \u00e9quipe, battue en terre brestoise et 5e au classement avant la derni\u00e8re journ\u00e9e de championnat.<\/p>\n<p class=\"fig-paragraph\">\u00abIndigne\u00bb, \u00abincompr\u00e9hensible\u00bb, \u00abinadmissible\u00bb, l&rsquo;entra\u00eeneur de Lille, Bruno Genesio, n&rsquo;a pas \u00e9t\u00e9 avare en adjectifs pour qualifier\u00a0<a href=\"http:\/\/www.lefigaro.fr\/sports\/football\/ligue-1\/ligue-1-monaco-enfonce-lyon-et-file-en-ligue-des-champions-nice-lille-et-strasbourg-trebuchent-le-psg-se-promene-20250510\" target=\"_blank\" data-fig-type=\"NewsFlash\" rel=\"noopener\" data-gtm-custom-categorie=\"navigation\" data-gtm-custom-action=\"crossclick\" data-gtm-custom-label=\"Contextuel\" data-gtm-event=\"customEventSPE\" data-fig-domain=\"LEFIGARO\">la d\u00e9faite des siens \u00e0 Brest (2-0),<\/a>\u00a0samedi, pour la 33e journ\u00e9e de Ligue 1, qui plombe leurs chances de qualification en Ligue des champions.<\/p>\n<p class=\"fig-paragraph\">\u00abJ&rsquo;essaie toujours de dissocier le contenu et le r\u00e9sultat. Quand il y a le contenu et pas le r\u00e9sultat, je n\u2019ai rien \u00e0 reprocher \u00e0 mes joueurs. Ce soir, il n&rsquo;y a pas le contenu et pas le r\u00e9sultat\u00bb, a tout d&rsquo;abord d\u00e9plor\u00e9 le technicien. \u00abOn a eu une premi\u00e8re mi-temps indigne d&rsquo;une \u00e9quipe qui joue pour se qualifier en Ligue des champions\u00bb, a-t-il poursuivi. \u00abPour gagner un match (&#8230;) il faut avoir le ballon le plus possible. Et pour avoir le ballon, il faut le r\u00e9cup\u00e9rer. Et pour le r\u00e9cup\u00e9rer, il faut \u00eatre agressif. Il faut avoir envie\u00bb, a-t-il d\u00e9taill\u00e9.<\/p>\n<p>\u00abOn aurait dit que Brest jouait sa qualification en Ligue des champions et que, nous, on n\u2019avait plus rien \u00e0 jouer\u00bb<\/p>\n<p class=\"fig-paragraph\">\u00abEt ensuite, une fois que vous l&rsquo;avez r\u00e9cup\u00e9r\u00e9, il faut avoir envie de faire mal \u00e0 l&rsquo;adversaire. Il faut avoir envie de faire des courses. Il faut avoir envie de jouer vers l&rsquo;avant. En premi\u00e8re p\u00e9riode, je n&rsquo;ai rien vu de tout \u00e7a, j&rsquo;ai vu tout l&rsquo;inverse\u00bb, a compl\u00e9t\u00e9 Genesio. \u00abC&rsquo;est vrai que c&rsquo;est assez incompr\u00e9hensible et inexplicable (&#8230;) on aurait dit que Brest jouait sa qualification en Ligue des champions et que, nous, on n&rsquo;avait plus rien \u00e0 jouer\u00bb, a d\u00e9plor\u00e9 l&rsquo;entra\u00eeneur.<\/p>\n<p class=\"fig-paragraph\">Les d\u00e9faites de Nice (4e) et Strasbourg (6e) font que ces deux \u00e9quipes sont \u00e0 \u00e9galit\u00e9 de points avec les Nordistes qui peuvent encore accrocher la 4e place qui offre un barrage pour la C1 \u00abOn s&rsquo;en sort bien parce qu&rsquo;on reste encore en vie mais \u00e7a laisse peut-\u00eatre encore plus de regrets, non pas d&rsquo;avoir perdu, mais d&rsquo;avoir perdu dans ces conditions\u00bb, a-t-il estim\u00e9. \u00abOn a le droit de perdre des matchs. Mais on n&rsquo;a pas le droit de les perdre dans les conditions dans lesquelles on a perdu ce match de ce soir. C&rsquo;est ce qui est inadmissible et, \u00e7a, \u00e7a ne passe pas\u00bb, a-t-il encore pest\u00e9.<\/p>\n","protected":false},"excerpt":{"rendered":"L\u2019entra\u00eeneur du Losc n\u2019a pas du tout appr\u00e9ci\u00e9 la contre-performance de son \u00e9quipe, battue en terre brestoise et&hellip;\n","protected":false},"author":2,"featured_media":90583,"comment_status":"","ping_status":"","sticky":false,"template":"","format":"standard","meta":{"footnotes":""},"categories":[2815],"tags":[1111,11,8095,525,1981,814,1777,674,2257,63,1011,27,811,3309,66,1307,2267,955,12,1176,978,93,25,1980],"class_list":{"0":"post-90582","1":"post","2":"type-post","3":"status-publish","4":"format-standard","5":"has-post-thumbnail","7":"category-lille","8":"tag-actu","9":"tag-actualites","10":"tag-bruno-genesio","11":"tag-calendrier","12":"tag-classement","13":"tag-direct","14":"tag-eu","15":"tag-europe","16":"tag-foot","17":"tag-football","18":"tag-fr","19":"tag-france","20":"tag-hauts-de-france","21":"tag-l1","22":"tag-ligue-1","23":"tag-lille","24":"tag-losc","25":"tag-match","26":"tag-news","27":"tag-olympique-de-marseille","28":"tag-olympique-lyonnais","29":"tag-psg","30":"tag-republique-francaise","31":"tag-resultats"},"share_on_mastodon":{"url":"https:\/\/pubeurope.com\/@fr\/114486364407712658","error":""},"_links":{"self":[{"href":"https:\/\/www.europesays.com\/fr\/wp-json\/wp\/v2\/posts\/90582","targetHints":{"allow":["GET"]}}],"collection":[{"href":"https:\/\/www.europesays.com\/fr\/wp-json\/wp\/v2\/posts"}],"about":[{"href":"https:\/\/www.europesays.com\/fr\/wp-json\/wp\/v2\/types\/post"}],"author":[{"embeddable":true,"href":"https:\/\/www.europesays.com\/fr\/wp-json\/wp\/v2\/users\/2"}],"replies":[{"embeddable":true,"href":"https:\/\/www.europesays.com\/fr\/wp-json\/wp\/v2\/comments?post=90582"}],"version-history":[{"count":0,"href":"https:\/\/www.europesays.com\/fr\/wp-json\/wp\/v2\/posts\/90582\/revisions"}],"wp:featuredmedia":[{"embeddable":true,"href":"https:\/\/www.europesays.com\/fr\/wp-json\/wp\/v2\/media\/90583"}],"wp:attachment":[{"href":"https:\/\/www.europesays.com\/fr\/wp-json\/wp\/v2\/media?parent=90582"}],"wp:term":[{"taxonomy":"category","embeddable":true,"href":"https:\/\/www.europesays.com\/fr\/wp-json\/wp\/v2\/categories?post=90582"},{"taxonomy":"post_tag","embeddable":true,"href":"https:\/\/www.europesays.com\/fr\/wp-json\/wp\/v2\/tags?post=90582"}],"curies":[{"name":"wp","href":"https:\/\/api.w.org\/{rel}","templated":true}]}}