{"id":905845,"date":"2026-05-02T04:18:16","date_gmt":"2026-05-02T04:18:16","guid":{"rendered":"https:\/\/www.europesays.com\/fr\/905845\/"},"modified":"2026-05-02T04:18:16","modified_gmt":"2026-05-02T04:18:16","slug":"a8-direction-lyon-marignane-bifurcation-vers-a51-direction-marseille-fermee-2","status":"publish","type":"post","link":"https:\/\/www.europesays.com\/fr\/905845\/","title":{"rendered":"A8 direction Lyon\/Marignane bifurcation vers A51 direction Marseille ferm\u00e9e"},"content":{"rendered":"<ol class=\"breadcrumb\" itemscope=\"\" itemtype=\"https:\/\/schema.org\/BreadcrumbList\">\n<li itemprop=\"itemListElement\" itemscope=\"\" itemtype=\"https:\/\/schema.org\/ListItem\">\n                    <a itemprop=\"item\" href=\"https:\/\/radio.vinci-autoroutes.com\/\" rel=\"nofollow noopener\" target=\"_blank\"><br \/>\n                        Accueil<br \/>\n                    <\/a><\/p>\n<\/li>\n<li itemprop=\"itemListElement\" itemscope=\"\" itemtype=\"https:\/\/schema.org\/ListItem\">\n                        <a itemprop=\"item\" href=\"https:\/\/radio.vinci-autoroutes.com\/rubrique\/infotrafic\" rel=\"nofollow noopener\" target=\"_blank\"><br \/>\n                            Actu trafic<br \/>\n                        <\/a><\/p>\n<\/li>\n<li itemprop=\"itemListElement\" itemscope=\"\" itemtype=\"https:\/\/schema.org\/ListItem\">\n                        <a itemprop=\"item\" href=\"https:\/\/radio.vinci-autoroutes.com\/rubrique\/travaux\" rel=\"nofollow noopener\" target=\"_blank\"><br \/>\n                            Travaux<br \/>\n                        <\/a><\/p>\n<\/li>\n<\/ol>\n<p class=\"article-chapeau\" itemprop=\"description\">Dans la r\u00e9gion d&rsquo;Aix-en-Provence, la nuit du lundi 04 au mardi 05 mai, \u00e0 partir de 21h et au plus tard jusqu&rsquo;\u00e0 05h du matin, la bifurcation qui permet de passer de l&rsquo;autoroute A8, direction Lyon\/Marignane, \u00e0 l&rsquo;A51, direction Marseille, est ferm\u00e9e pour effectuer des travaux d&rsquo;entretien.<\/p>\n<p class=\"article-author\">Auteur : Rapha\u00ebl Val\u00e9<\/p>\n<p class=\"article-modification\">\n        Publi\u00e9 le :<\/p>\n<p>            02\/05\/2026 06:00\n        <\/p>\n<p>                <img decoding=\"async\" src=\"https:\/\/www.europesays.com\/fr\/wp-content\/uploads\/2025\/08\/M-nuit-generique-panneau-W-DANIELS.jpg\" alt=\"A8 direction Lyon\/Marignane bifurcation vers A51 direction Marseille ferm\u00e9e\"\/><\/p>\n<p>                                                    0:20\n                                            <\/p>\n<p class=\"legende\">Panneau de signalisation routi\u00e8re visible de nuit sur chantier<\/p>\n<p>                            \u00a9 VINCI Autoroutes &#8211; W DANIELS                        <\/p>\n<p>\n        Vous pouvez sortir \u00e0 Aix-Pont-de-l&rsquo;Arc n\u00b030, puis emprunter le r\u00e9seau secondaire pour rejoindre l&rsquo;A51.    <\/p>\n<p>            Pour approfondir le sujet<\/p>\n<p>        Partager cet article<\/p>\n","protected":false},"excerpt":{"rendered":"Accueil Actu trafic Travaux Dans la r\u00e9gion d&rsquo;Aix-en-Provence, la nuit du lundi 04 au mardi 05 mai, \u00e0&hellip;\n","protected":false},"author":2,"featured_media":338030,"comment_status":"","ping_status":"","sticky":false,"template":"","format":"standard","meta":{"footnotes":"","_share_on_mastodon":"0"},"categories":[2814],"tags":[1111,11,7404,58575,13635,1777,674,4069,1011,27,2428,7067,884,12,293,882,16,25,13703],"class_list":["post-905845","post","type-post","status-publish","format-standard","has-post-thumbnail","category-marseille","tag-actu","tag-actualites","tag-aix-en-provence","tag-bifurcation","tag-direction","tag-eu","tag-europe","tag-fermee","tag-fr","tag-france","tag-lyon","tag-marignane","tag-marseille","tag-news","tag-nuit","tag-provence-alpes-cote-dazur","tag-region","tag-republique-francaise","tag-vers"],"share_on_mastodon":{"url":"https:\/\/pubeurope.com\/@fr\/116503059432654753","error":""},"_links":{"self":[{"href":"https:\/\/www.europesays.com\/fr\/wp-json\/wp\/v2\/posts\/905845","targetHints":{"allow":["GET"]}}],"collection":[{"href":"https:\/\/www.europesays.com\/fr\/wp-json\/wp\/v2\/posts"}],"about":[{"href":"https:\/\/www.europesays.com\/fr\/wp-json\/wp\/v2\/types\/post"}],"author":[{"embeddable":true,"href":"https:\/\/www.europesays.com\/fr\/wp-json\/wp\/v2\/users\/2"}],"replies":[{"embeddable":true,"href":"https:\/\/www.europesays.com\/fr\/wp-json\/wp\/v2\/comments?post=905845"}],"version-history":[{"count":0,"href":"https:\/\/www.europesays.com\/fr\/wp-json\/wp\/v2\/posts\/905845\/revisions"}],"wp:featuredmedia":[{"embeddable":true,"href":"https:\/\/www.europesays.com\/fr\/wp-json\/wp\/v2\/media\/338030"}],"wp:attachment":[{"href":"https:\/\/www.europesays.com\/fr\/wp-json\/wp\/v2\/media?parent=905845"}],"wp:term":[{"taxonomy":"category","embeddable":true,"href":"https:\/\/www.europesays.com\/fr\/wp-json\/wp\/v2\/categories?post=905845"},{"taxonomy":"post_tag","embeddable":true,"href":"https:\/\/www.europesays.com\/fr\/wp-json\/wp\/v2\/tags?post=905845"}],"curies":[{"name":"wp","href":"https:\/\/api.w.org\/{rel}","templated":true}]}}