{"id":90586,"date":"2025-05-11T00:28:22","date_gmt":"2025-05-11T00:28:22","guid":{"rendered":"https:\/\/www.europesays.com\/fr\/90586\/"},"modified":"2025-05-11T00:28:22","modified_gmt":"2025-05-11T00:28:22","slug":"marseille-et-monaco-rejoignent-les-etoiles-lepaul-maintient-le-sco-lyon-au-tapis-les-tops-et-flops-du-multiplex-de-la-33e-journee","status":"publish","type":"post","link":"https:\/\/www.europesays.com\/fr\/90586\/","title":{"rendered":"Marseille et Monaco rejoignent les \u00e9toiles, Lepaul maintient le SCO, Lyon au tapis&#8230; Les tops et flops du multiplex de la 33e journ\u00e9e"},"content":{"rendered":"<p>Avec de gros enjeux sur la majorit\u00e9 des pelouses, l\u2019avant-derni\u00e8re journ\u00e9e de Ligue 1 n\u2019a pas d\u00e9\u00e7u. Voici les tops et les flops de notre r\u00e9daction.<\/p>\n<p class=\"fig-paragraph\">TOPS<\/p>\n<p>Mission accomplie pour Monaco et Marseille<\/p>\n<p class=\"fig-paragraph\">La course \u00e0 la Ligue des champions a rendu une grande partie de son verdict ce samedi. Derri\u00e8re l\u2019intouchable PSG, Marseille et Monaco ont valid\u00e9 leur billet pour la C1 la saison prochaine. Deuxi\u00e8me, l\u2019OM a retrouv\u00e9 le go\u00fbt d\u2019une victoire \u00e0 l\u2019ext\u00e9rieur au meilleur moment de la saison. Les Marseillais, victorieux au Havre (1-3), sont pass\u00e9s par tous les sentiments durant une seconde p\u00e9riode interrompue par des incidents survenus en tribunes. Les hommes de Roberto De Zerbi se sont finalement extirp\u00e9s du pi\u00e8ge normand, gr\u00e2ce au doubl\u00e9 d\u2019un Gouiri inarr\u00eatable dans cette fin de saison, et d\u2019un but magnifique de Greenwood. A un point derri\u00e8re l\u2019OM, Monaco a \u00e9galement fini le travail, en dominant Lyon \u00e0 Louis II (2-0). Minamino et Zakaria ont concr\u00e9tis\u00e9 la sup\u00e9riorit\u00e9 mon\u00e9gasque en seconde p\u00e9riode. De retour en C1, apr\u00e8s avoir atteint les barrages cette ann\u00e9e, l\u2019ASM a rempli son objectif principal. \u00c0 d\u00e9faut d\u2019avoir v\u00e9ritablement s\u00e9duit \u00e0 l\u2019occasion de son centenaire cette saison.<\/p>\n<p>Les coiffeurs parisiens s\u2019imposent chez la lanterne rouge, Ramos voit triple<\/p>\n<p class=\"fig-paragraph\">Avec une formation tr\u00e8s remani\u00e9e, apr\u00e8s la qualification historique du PSG pour la finale de la Ligue des champions contre Arsenal (2-1), les Parisiens se sont impos\u00e9s sans forcer \u00e0 Montpellier (1-4). Malgr\u00e9 un d\u00e9but de match h\u00e9sitant, les hommes de Luis Enrique ont finalement tu\u00e9 le suspense gr\u00e2ce \u00e0 la deuxi\u00e8me r\u00e9alisation de Senni Mayulu en championnat, sur une superbe vol\u00e9e du pied gauche en lucarne. Fort de sa domination, le PSG a d\u00e9roul\u00e9 dans le second acte, gr\u00e2ce \u00e0 un tripl\u00e9 de Gon\u00e7alo Ramos, tout en conc\u00e9dant une r\u00e9duction du score d\u2019un de ses anciens pensionnaires Tanguy Coulibaly, d\u2019une frappe surpuissante du pied gauche.<\/p>\n<p>Esteban Lepaul maintient le SCO<\/p>\n<p class=\"fig-paragraph\">Meilleur buteur d\u2019Angers cette saison avec neuf r\u00e9alisations, Esteban Lepaul a inscrit un nouveau doubl\u00e9 ce samedi. Un doubl\u00e9 synonyme de maintien pour le SCO qui s\u2019impose contre Strasbourg \u00e0 Raymond Kopa (2-1). Alert\u00e9 dans la profondeur, en premi\u00e8re p\u00e9riode, l\u2019attaquant fran\u00e7ais a profit\u00e9 d\u2019une b\u00e9vue de la d\u00e9fense strasbourgeoise, et a envoy\u00e9 une frappe puissante dans le petit filet de Petrovic, pour l\u2019ouverture du score. Alors que Dilane Bakwa a remis les deux formations sur la m\u00eame hauteur, Lepaul s\u2019est \u00e9lev\u00e9 plus haut que tout le monde pour catapulter de la t\u00eate le coup franc de Raolisoa sur l\u2019aile droite en seconde p\u00e9riode, et signer son troisi\u00e8me doubl\u00e9 de la saison.<\/p>\n<p class=\"fig-paragraph\"><strong>FLOPS<\/strong><\/p>\n<p>L\u2019OL, le cauchemar continue<\/p>\n<p class=\"fig-paragraph\">Le couperet est tomb\u00e9, l\u2019OL ne disputera pas la Ligue des champions la saison prochaine. D\u00e9j\u00e0 mal embarqu\u00e9s dans une fin de saison cauchemardesque depuis la trag\u00e9die d\u2019Old Trafford en Ligue Europa, les Gones ont laiss\u00e9 filer leurs derniers espoirs de C1 en s\u2019inclinant sur la pelouse de Monaco (2-0). Sans Cherki ni Mikautadze au coup d\u2019envoi, l\u2019OL a pli\u00e9 en seconde p\u00e9riode, en faisant l\u2019\u00e9talage d\u2019une \u00e9norme passivit\u00e9 sur les deux buts mon\u00e9gasques. Sans v\u00e9ritable sursaut d\u2019orgueil dans ce choc de la soir\u00e9e, les Lyonnais n\u2019ont pas su remplir leurs objectifs cette saison et devront, sauf miracle, se contenter d\u2019une septi\u00e8me place. Un classement synonyme de Ligue Europa Conf\u00e9rence, si le PSG remporte la Coupe de France face \u00e0 Reims le 24 mai prochain. Pas franchement l\u2019issue esp\u00e9r\u00e9e pour le club rhodanien, qui aurait bien eu besoin de la manne financi\u00e8re de la C1 pour combler une partie de ses \u00e9normes dettes.<\/p>\n<p>Sangant\u00e9 plombe le HAC<\/p>\n<p class=\"fig-paragraph\">Premier rel\u00e9gable avant le coup d\u2019envoi avec deux points d\u2019avance sur l\u2019ASSE, les Havrais occupent d\u00e9sormais la m\u00eame place malgr\u00e9 le revers (1-3) contre l\u2019OM, mais sous une grande menace de descente, qui p\u00e8se avant la 34e et derni\u00e8re journ\u00e9e de Ligue 1. Plomb\u00e9 par deux erreurs de son d\u00e9fenseur Arouna Sangant\u00e9, dont une flagrante perte de balle sur un duel a\u00e9rien, dans les derniers instants du match, menant au doubl\u00e9 de Gouiri. Le HAC devra faire un r\u00e9sultat \u00e0 la Meinau, contre des Strasbourgeois en qu\u00eate de destin europ\u00e9en la saison prochaine.<\/p>\n<p>Lille tombe au pire moment<\/p>\n<p class=\"fig-paragraph\">Derri\u00e8re un podium d\u00e9j\u00e0 connu, la quatri\u00e8me place est encore disput\u00e9e. Et dans cette course, Lille n\u2019a plus compl\u00e8tement son destin en mains. Devanc\u00e9s par Nice \u00e0 la diff\u00e9rence de buts (+19 contre +15), les Dogues ont perdu gros sur la pelouse de Brest (2-0). Sans Andr\u00e9, Diakit\u00e9 ou encore Zhegrova, le club nordiste n\u2019a rien montr\u00e9 de bon dans le jeu. \u00c0 l\u2019image de ses derni\u00e8res sorties en championnat. Une semaine apr\u00e8s le nul miraculeux arrach\u00e9 contre l\u2019OM (1-1), les Dogues ont cette fois \u00e9t\u00e9 sanctionn\u00e9s, par une \u00e9quipe qui n\u2019avait plus rien \u00e0 jouer cette saison. Ce revers risque de co\u00fbter tr\u00e8s cher au Losc, visiblement us\u00e9 par une saison longtemps enthousiasmante.<\/p>\n","protected":false},"excerpt":{"rendered":"Avec de gros enjeux sur la majorit\u00e9 des pelouses, l\u2019avant-derni\u00e8re journ\u00e9e de Ligue 1 n\u2019a pas d\u00e9\u00e7u. Voici&hellip;\n","protected":false},"author":2,"featured_media":90587,"comment_status":"","ping_status":"","sticky":false,"template":"","format":"standard","meta":{"footnotes":""},"categories":[2814],"tags":[1111,11,525,1981,814,1777,674,2257,63,1011,27,3309,66,1307,884,955,12,1176,978,882,93,25,1980],"class_list":{"0":"post-90586","1":"post","2":"type-post","3":"status-publish","4":"format-standard","5":"has-post-thumbnail","7":"category-marseille","8":"tag-actu","9":"tag-actualites","10":"tag-calendrier","11":"tag-classement","12":"tag-direct","13":"tag-eu","14":"tag-europe","15":"tag-foot","16":"tag-football","17":"tag-fr","18":"tag-france","19":"tag-l1","20":"tag-ligue-1","21":"tag-lille","22":"tag-marseille","23":"tag-match","24":"tag-news","25":"tag-olympique-de-marseille","26":"tag-olympique-lyonnais","27":"tag-provence-alpes-cote-dazur","28":"tag-psg","29":"tag-republique-francaise","30":"tag-resultats"},"share_on_mastodon":{"url":"https:\/\/pubeurope.com\/@fr\/114486372203468446","error":""},"_links":{"self":[{"href":"https:\/\/www.europesays.com\/fr\/wp-json\/wp\/v2\/posts\/90586","targetHints":{"allow":["GET"]}}],"collection":[{"href":"https:\/\/www.europesays.com\/fr\/wp-json\/wp\/v2\/posts"}],"about":[{"href":"https:\/\/www.europesays.com\/fr\/wp-json\/wp\/v2\/types\/post"}],"author":[{"embeddable":true,"href":"https:\/\/www.europesays.com\/fr\/wp-json\/wp\/v2\/users\/2"}],"replies":[{"embeddable":true,"href":"https:\/\/www.europesays.com\/fr\/wp-json\/wp\/v2\/comments?post=90586"}],"version-history":[{"count":0,"href":"https:\/\/www.europesays.com\/fr\/wp-json\/wp\/v2\/posts\/90586\/revisions"}],"wp:featuredmedia":[{"embeddable":true,"href":"https:\/\/www.europesays.com\/fr\/wp-json\/wp\/v2\/media\/90587"}],"wp:attachment":[{"href":"https:\/\/www.europesays.com\/fr\/wp-json\/wp\/v2\/media?parent=90586"}],"wp:term":[{"taxonomy":"category","embeddable":true,"href":"https:\/\/www.europesays.com\/fr\/wp-json\/wp\/v2\/categories?post=90586"},{"taxonomy":"post_tag","embeddable":true,"href":"https:\/\/www.europesays.com\/fr\/wp-json\/wp\/v2\/tags?post=90586"}],"curies":[{"name":"wp","href":"https:\/\/api.w.org\/{rel}","templated":true}]}}