{"id":905937,"date":"2026-05-02T05:23:17","date_gmt":"2026-05-02T05:23:17","guid":{"rendered":"https:\/\/www.europesays.com\/fr\/905937\/"},"modified":"2026-05-02T05:23:17","modified_gmt":"2026-05-02T05:23:17","slug":"reze-emotion-et-solidarite-en-cloture-du-dernier-festival-photo-datout-sud","status":"publish","type":"post","link":"https:\/\/www.europesays.com\/fr\/905937\/","title":{"rendered":"Rez\u00e9. \u00c9motion et solidarit\u00e9 en cl\u00f4ture du dernier Festival photo d\u2019Atout Sud"},"content":{"rendered":"<p>Dans le cadre du Festival photo d\u2019Atout Sud, une soir\u00e9e de remise des prix s\u2019est d\u00e9roul\u00e9e en pr\u00e9sence des participants, commer\u00e7ants et partenaires de l\u2019\u00e9v\u00e9nement. Les deux premiers laur\u00e9ats du concours photo, Damien et Sonia, ont re\u00e7u respectivement une box cadeau de 150 et 100\u00a0\u20ac pour leurs clich\u00e9s ayant remport\u00e9 un franc succ\u00e8s aupr\u00e8s des visiteurs. Visiteurs venus nombreux, puisque chaque vote enregistr\u00e9 a permis aux repr\u00e9sentants des commer\u00e7ants de la galerie Atout Sud de remettre un ch\u00e8que de 1\u00a0000\u00a0\u20ac \u00e0 l\u2019association Habitat et Humanisme.<\/p>\n<p>\u00a0On est tr\u00e8s fiers et \u00e9mus de remettre ce ch\u00e8que qui d\u00e9coule du concours photo solidaire. Pour chaque vote enregistr\u00e9, la galerie s\u2019\u00e9tait engag\u00e9e \u00e0 reverser 1\u00a0\u20ac. La participation au vote pour les photographies expos\u00e9es pendant le Festival photo d\u2019Atout Sud se transforme ainsi en une action concr\u00e8te en faveur de l\u2019acc\u00e8s au logement des personnes en difficult\u00e9\u00a0\u00bb, relate l\u2019\u00e9quipe aux manettes dudit Festival, qui travaille d\u00e9j\u00e0 sur la prochaine \u00e9dition et qui renouvellera, bien \u00e9videmment son concours photo solidaire.<\/p>\n<p>Le th\u00e8me 2027 sera bient\u00f4t r\u00e9v\u00e9l\u00e9.<\/p>\n<p>\u00a0<\/p>\n","protected":false},"excerpt":{"rendered":"Dans le cadre du Festival photo d\u2019Atout Sud, une soir\u00e9e de remise des prix s\u2019est d\u00e9roul\u00e9e en pr\u00e9sence&hellip;\n","protected":false},"author":2,"featured_media":905938,"comment_status":"","ping_status":"","sticky":false,"template":"","format":"standard","meta":{"footnotes":"","_share_on_mastodon":"0"},"categories":[2818],"tags":[1111,11,44842,22854,4431,19816,1777,674,849,1011,27,766,12,2636,2745,25,3740,3272,3400,7053],"class_list":["post-905937","post","type-post","status-publish","format-standard","has-post-thumbnail","category-nantes","tag-actu","tag-actualites","tag-atout","tag-cloture","tag-dernier","tag-emotion","tag-eu","tag-europe","tag-festival","tag-fr","tag-france","tag-nantes","tag-news","tag-pays-de-la-loire","tag-photo","tag-republique-francaise","tag-reze","tag-saint-nazaire","tag-solidarite","tag-sud"],"share_on_mastodon":{"url":"https:\/\/pubeurope.com\/@fr\/116503314889371780","error":""},"_links":{"self":[{"href":"https:\/\/www.europesays.com\/fr\/wp-json\/wp\/v2\/posts\/905937","targetHints":{"allow":["GET"]}}],"collection":[{"href":"https:\/\/www.europesays.com\/fr\/wp-json\/wp\/v2\/posts"}],"about":[{"href":"https:\/\/www.europesays.com\/fr\/wp-json\/wp\/v2\/types\/post"}],"author":[{"embeddable":true,"href":"https:\/\/www.europesays.com\/fr\/wp-json\/wp\/v2\/users\/2"}],"replies":[{"embeddable":true,"href":"https:\/\/www.europesays.com\/fr\/wp-json\/wp\/v2\/comments?post=905937"}],"version-history":[{"count":0,"href":"https:\/\/www.europesays.com\/fr\/wp-json\/wp\/v2\/posts\/905937\/revisions"}],"wp:featuredmedia":[{"embeddable":true,"href":"https:\/\/www.europesays.com\/fr\/wp-json\/wp\/v2\/media\/905938"}],"wp:attachment":[{"href":"https:\/\/www.europesays.com\/fr\/wp-json\/wp\/v2\/media?parent=905937"}],"wp:term":[{"taxonomy":"category","embeddable":true,"href":"https:\/\/www.europesays.com\/fr\/wp-json\/wp\/v2\/categories?post=905937"},{"taxonomy":"post_tag","embeddable":true,"href":"https:\/\/www.europesays.com\/fr\/wp-json\/wp\/v2\/tags?post=905937"}],"curies":[{"name":"wp","href":"https:\/\/api.w.org\/{rel}","templated":true}]}}