{"id":90595,"date":"2025-05-11T00:35:14","date_gmt":"2025-05-11T00:35:14","guid":{"rendered":"https:\/\/www.europesays.com\/fr\/90595\/"},"modified":"2025-05-11T00:35:14","modified_gmt":"2025-05-11T00:35:14","slug":"le-moulin-de-la-galette-et-sa-vue-imprenable-sur-paris","status":"publish","type":"post","link":"https:\/\/www.europesays.com\/fr\/90595\/","title":{"rendered":"le Moulin de la Galette et sa vue imprenable sur Paris"},"content":{"rendered":"<p>            Par<br \/>\n        <strong><br \/>\n            <a href=\"https:\/\/actu.fr\/auteur\/raphael-delaveaux-actu-fr\" title=\"Consulter tous les articles de Rapha\u00ebl Delaveaux\" rel=\"nofollow noopener\" target=\"_blank\">Rapha\u00ebl Delaveaux<\/a><br \/>\n        <\/strong><\/p>\n<p>        Publi\u00e9 le<\/p>\n<p>            10 mai 2025 \u00e0 18h46        <\/p>\n<p>D\u00e9guster de bons plats en ayant une vue sur tout Paris, c\u2019est le point fort du <b>Moulin de la Galette<\/b>.<\/p>\n<p class=\" wall-content\">Situ\u00e9 sur la butte du mont Trouillet, \u00e0 <a href=\"https:\/\/actu.fr\/ile-de-france\/sannois_95582\" rel=\"nofollow noopener\" target=\"_blank\">Sannois<\/a> (<b>Val-d\u2019Oise<\/b>), le restaurant, qui propose d\u00e9sormais un<b> brunch<\/b> les dimanches matin, a chang\u00e9 de propri\u00e9taire fin mars 2025.<\/p>\n<p>Vue sur Paris<\/p>\n<p class=\" wall-content\">Romain Siot a repris l\u2019affaire, avec la volont\u00e9 de faire d\u00e9guster des produits frais \u00e0 une client\u00e8le venue \u00e9galement profiter de \u00ab cette vue \u00e0 couper le souffle qui a particip\u00e9 \u00e0 sa renomm\u00e9e \u00bb, s\u2019enthousiasme le g\u00e9rant.<\/p>\n<p class=\" wall-content\">Dans une salle pr\u00e9vue pour accueillir un peu moins de cent couverts, il est possible de contempler \u00ab les diff\u00e9rents monuments de Paris. On domine sur 300 communes \u00bb, assure Audrey Chausson, directrice commerciale et marketing.<\/p>\n<p>    <a href=\"https:\/\/www.facebook.com\/plugins\/post.php?href=https%3A%2F%2Fwww.facebook.com%2Fpermalink.php%3Fstory_fbid%3Dpfbid02D2s7rTiBDcZ2vN93F2TCevsQctuF1BJVGP9DuZufUsA5jzVMuHerAkDLaVM7ZkWMl%26id%3D61574897618472&amp;show_text=true&amp;width=350\" title=\"Ouvrie le lien\" rel=\"nofollow noopener\" target=\"_blank\">Cliquez ici pour visualiser le contenu<\/a><\/p>\n<p class=\" wall-content\">\u00ab Le Moulin de la Galette est historiquement r\u00e9put\u00e9, exploit\u00e9 depuis plus de 60 ans. Ce que j\u2019ai aim\u00e9 ici, c\u2019est aussi le cadre et l\u2019histoire du lieu \u00bb, poursuit Romain Siot.<\/p>\n<p class=\" wall-content\">En reprenant l\u2019\u00e9tablissement, ce dernier a ainsi fait le pari d\u2019en faire une adresse incontournable pour les amateurs de brunch dominical avec buffet \u00e0 volont\u00e9 pour 55 euros, 25 euros pour les moins de 12 ans.<\/p>\n<p>Produits de qualit\u00e9<\/p>\n<p class=\" wall-content\">\u0152ufs brouill\u00e9s et bacon, pancakes, verrines, fruits de saison sont \u00e0 la carte.\u00a0La partie sal\u00e9e n\u2019en est pas moins fournie. Une s\u00e9lection de charcuteries, des plats cuisin\u00e9s comme le poulet aux olives et des salades diverses pour l\u2019entr\u00e9e, le choix est large. Il est \u00e9galement possible de d\u00e9guster des produits frais de la mer (hu\u00eetres, bulots\u2026), ainsi qu\u2019une s\u00e9lection de fromages de qualit\u00e9.<\/p>\n<p class=\" wall-content\">Les temp\u00e9ratures printani\u00e8res et le grand soleil ayant permis l\u2019ouverture de la terrasse dimanche 3 mai, diff\u00e9rentes brochettes \u00e0 d\u00e9guster \u00e9taient cuites au brasero, de quoi ravir les papilles des clients. \u00ab J\u2019ai beaucoup aim\u00e9 le choix et la qualit\u00e9 propos\u00e9e \u00bb, indique Marie, venue avec son compagnon. Des animations \u00e9taient aussi propos\u00e9es aux enfants \u00ab pour permettre aux parents de profiter d\u2019un repas en amoureux \u00bb, sourit Audrey Chausson.<\/p>\n<p class=\" wall-content\">Outre le brunch, le Moulin de la Galette propose par ailleurs une offre de r\u00e9ception, que ce soit pour des mariages, des bapt\u00eames ou autres f\u00eates, alors que des salles de r\u00e9ception distinctes sont disponibles \u00e0 la location.<\/p>\n<p>    <a href=\"https:\/\/maps.google.com\/maps?q=48.9676395,2.2446778&amp;z=15&amp;output=embed\" title=\"Ouvrie le lien\" rel=\"nofollow noopener\" target=\"_blank\">Cliquez ici pour visualiser le contenu<\/a><\/p>\n<p>Moulin de la Galette, 16, rue des Moulins. Ouvert le dimanche de 11h30 \u00e0 16h. T\u00e9l. : 06 11 03 11 63. <a href=\"http:\/\/www.moulinreception.com\" rel=\"nofollow noopener\" target=\"_blank\">Site Internet<\/a> : www.moulinreception.com<\/p>\n<p class=\" wall-content\">Suivez toute l\u2019actualit\u00e9 de vos villes et m\u00e9dias favoris en vous inscrivant \u00e0 <a href=\"https:\/\/moncompte.actu.fr\" title=\"D\u00e9couvez Mon Actu\" rel=\"nofollow noopener\" data-trk=\"{&quot;cta&quot;:{&quot;action&quot;:&quot;https:\\\/\\\/moncompte.actu.fr&quot;,&quot;category&quot;:&quot;mon compte&quot;,&quot;from&quot;:&quot;article footer&quot;,&quot;name&quot;:&quot;Mon actu&quot;,&quot;type&quot;:&quot;cta&quot;}}\" target=\"_blank\">Mon Actu<\/a>.<\/p>\n","protected":false},"excerpt":{"rendered":"Par Rapha\u00ebl Delaveaux Publi\u00e9 le 10 mai 2025 \u00e0 18h46 D\u00e9guster de bons plats en ayant une vue&hellip;\n","protected":false},"author":2,"featured_media":90596,"comment_status":"","ping_status":"","sticky":false,"template":"","format":"standard","meta":{"footnotes":""},"categories":[1888],"tags":[11,1777,674,1011,27,1661,12,626,25,1340,104],"class_list":{"0":"post-90595","1":"post","2":"type-post","3":"status-publish","4":"format-standard","5":"has-post-thumbnail","7":"category-paris","8":"tag-actualites","9":"tag-eu","10":"tag-europe","11":"tag-fr","12":"tag-france","13":"tag-gastronomie","14":"tag-news","15":"tag-paris","16":"tag-republique-francaise","17":"tag-restaurant","18":"tag-societe"},"share_on_mastodon":{"url":"https:\/\/pubeurope.com\/@fr\/114486399757764646","error":""},"_links":{"self":[{"href":"https:\/\/www.europesays.com\/fr\/wp-json\/wp\/v2\/posts\/90595","targetHints":{"allow":["GET"]}}],"collection":[{"href":"https:\/\/www.europesays.com\/fr\/wp-json\/wp\/v2\/posts"}],"about":[{"href":"https:\/\/www.europesays.com\/fr\/wp-json\/wp\/v2\/types\/post"}],"author":[{"embeddable":true,"href":"https:\/\/www.europesays.com\/fr\/wp-json\/wp\/v2\/users\/2"}],"replies":[{"embeddable":true,"href":"https:\/\/www.europesays.com\/fr\/wp-json\/wp\/v2\/comments?post=90595"}],"version-history":[{"count":0,"href":"https:\/\/www.europesays.com\/fr\/wp-json\/wp\/v2\/posts\/90595\/revisions"}],"wp:featuredmedia":[{"embeddable":true,"href":"https:\/\/www.europesays.com\/fr\/wp-json\/wp\/v2\/media\/90596"}],"wp:attachment":[{"href":"https:\/\/www.europesays.com\/fr\/wp-json\/wp\/v2\/media?parent=90595"}],"wp:term":[{"taxonomy":"category","embeddable":true,"href":"https:\/\/www.europesays.com\/fr\/wp-json\/wp\/v2\/categories?post=90595"},{"taxonomy":"post_tag","embeddable":true,"href":"https:\/\/www.europesays.com\/fr\/wp-json\/wp\/v2\/tags?post=90595"}],"curies":[{"name":"wp","href":"https:\/\/api.w.org\/{rel}","templated":true}]}}