{"id":90611,"date":"2025-05-11T00:43:12","date_gmt":"2025-05-11T00:43:12","guid":{"rendered":"https:\/\/www.europesays.com\/fr\/90611\/"},"modified":"2025-05-11T00:43:12","modified_gmt":"2025-05-11T00:43:12","slug":"bar-le-duc-celebre-leurope-et-50-ans-damitie-franco-allemande","status":"publish","type":"post","link":"https:\/\/www.europesays.com\/fr\/90611\/","title":{"rendered":"Bar-le-Duc c\u00e9l\u00e8bre l&rsquo;Europe et 50 ans d\u2019amiti\u00e9 franco-allemande"},"content":{"rendered":"<p>Ce vendredi 9 mai, c\u2019\u00e9tait la journ\u00e9e de l\u2019Europe. Une journ\u00e9e pour c\u00e9l\u00e9brer les <strong>75 ans de la d\u00e9claration Schuman<\/strong> :<\/p>\n<p>\u00ab L\u2019Europe ne se fera pas d\u2019un coup, ni dans une construction d\u2019ensemble : elle se fera par des r\u00e9alisations concr\u00e8tes cr\u00e9ant d\u2019abord une solidarit\u00e9 de fait \u00bb<\/p>\n<p>Ce texte consid\u00e9r\u00e9 comme <strong>fondateur <\/strong>de la construction europ\u00e9enne a pos\u00e9 la premi\u00e8re pierre de la Communaut\u00e9 europ\u00e9enne du charbon et de l\u2019acier, devenu par la suite l\u2019Union europ\u00e9enne tel qu\u2019elle existe aujourd\u2019hui. Initi\u00e9e apr\u00e8s les ravages de la Seconde Guerre mondiale, cette coop\u00e9ration \u00e9conomique avait aussi pour objectif de <strong>garantir la paix<\/strong>.<\/p>\n<p><strong>Cinquante ans de fraternit\u00e9 entre villes europ\u00e9ennes<\/strong>Institu\u00e9e en 1985 par le Conseil europ\u00e9en, cette date symbolise la paix entre la France et l\u2019Allemagne. De fa\u00e7on plus locale, elle c\u00e9l\u00e8bre les <strong>50 ans de jumelage<\/strong> entre Bar-le-Duc et la ville de Griesheim en Allemagne. Cet anniversaire \u00e9tait aussi l\u2019occasion pour les deux communes de s\u2019offrir un cadeau. En plus de cette c\u00e9l\u00e9bration de <strong>l\u2019amiti\u00e9 franco-allemande<\/strong>. Le maire de la ville de Gy\u00f6nk en Hongrie \u00e9tait \u00e9galement pr\u00e9sent. La commune n\u2019est pas jumel\u00e9e avec Bar-le-Duc, mais entretient un fort partenariat.<\/p>\n","protected":false},"excerpt":{"rendered":"Ce vendredi 9 mai, c\u2019\u00e9tait la journ\u00e9e de l\u2019Europe. Une journ\u00e9e pour c\u00e9l\u00e9brer les 75 ans de la&hellip;\n","protected":false},"author":2,"featured_media":90612,"comment_status":"","ping_status":"","sticky":false,"template":"","format":"standard","meta":{"footnotes":""},"categories":[1586],"tags":[11,1777,674,1779,1011,27,12,8552,25,1778,364],"class_list":{"0":"post-90611","1":"post","2":"type-post","3":"status-publish","4":"format-standard","5":"has-post-thumbnail","7":"category-europe","8":"tag-actualites","9":"tag-eu","10":"tag-europe","11":"tag-european-union","12":"tag-fr","13":"tag-france","14":"tag-news","15":"tag-parlement-europeen","16":"tag-republique-francaise","17":"tag-ue","18":"tag-union-europeenne"},"share_on_mastodon":{"url":"https:\/\/pubeurope.com\/@fr\/114486431169253094","error":""},"_links":{"self":[{"href":"https:\/\/www.europesays.com\/fr\/wp-json\/wp\/v2\/posts\/90611","targetHints":{"allow":["GET"]}}],"collection":[{"href":"https:\/\/www.europesays.com\/fr\/wp-json\/wp\/v2\/posts"}],"about":[{"href":"https:\/\/www.europesays.com\/fr\/wp-json\/wp\/v2\/types\/post"}],"author":[{"embeddable":true,"href":"https:\/\/www.europesays.com\/fr\/wp-json\/wp\/v2\/users\/2"}],"replies":[{"embeddable":true,"href":"https:\/\/www.europesays.com\/fr\/wp-json\/wp\/v2\/comments?post=90611"}],"version-history":[{"count":0,"href":"https:\/\/www.europesays.com\/fr\/wp-json\/wp\/v2\/posts\/90611\/revisions"}],"wp:featuredmedia":[{"embeddable":true,"href":"https:\/\/www.europesays.com\/fr\/wp-json\/wp\/v2\/media\/90612"}],"wp:attachment":[{"href":"https:\/\/www.europesays.com\/fr\/wp-json\/wp\/v2\/media?parent=90611"}],"wp:term":[{"taxonomy":"category","embeddable":true,"href":"https:\/\/www.europesays.com\/fr\/wp-json\/wp\/v2\/categories?post=90611"},{"taxonomy":"post_tag","embeddable":true,"href":"https:\/\/www.europesays.com\/fr\/wp-json\/wp\/v2\/tags?post=90611"}],"curies":[{"name":"wp","href":"https:\/\/api.w.org\/{rel}","templated":true}]}}