{"id":90617,"date":"2025-05-11T00:46:17","date_gmt":"2025-05-11T00:46:17","guid":{"rendered":"https:\/\/www.europesays.com\/fr\/90617\/"},"modified":"2025-05-11T00:46:17","modified_gmt":"2025-05-11T00:46:17","slug":"championnats-de-france-cadets-les-gemenosiens-veulent-se-rattraper-par-equipes","status":"publish","type":"post","link":"https:\/\/www.europesays.com\/fr\/90617\/","title":{"rendered":"championnats de France cadets : les G\u00e9menosiens veulent se rattraper par \u00e9quipes"},"content":{"rendered":"<p>Des centaines de sabreurs ont pris d&rsquo;assaut ce week-end l&rsquo;espace Albert Giraldi \u00e0 G\u00e9menos pour tenter de d\u00e9crocher une m\u00e9daille lors des <a href=\"https:\/\/www.laprovence.com\/article\/sports\/46145314237606\/escrime-gemenos-accueille-les-championnats-de-france-m17\" target=\"_blank\" rel=\"noopener\">championnats de France cadets de sabre<\/a>. C&rsquo;est dans une ambiance tendue et comp\u00e9titrice que Mattis Di Pietra, 16 ans, s&rsquo;est inclin\u00e9 ce samedi en quart de finale (15 \u00e0 7). Une performance identique \u00e0 celle de l&rsquo;an dernier, alors qu&rsquo;il concourait encore en M15.<\/p>\n<p>Sous les couleurs du G\u00e9menos Escrime Club et sous les yeux du soutien inconditionnel du public, le tireur de G\u00e9menos s&rsquo;est battu jusqu&rsquo;au bout. Une place obtenue malgr\u00e9 un parcours difficile, apr\u00e8s un premier match compliqu\u00e9 face \u00e0 son rival de toujours, venant de Toulon. \u00ab\u00a0On s&rsquo;attendait \u00e0 mieux mais je suis tout de m\u00eame satisfait. Je connais mes capacit\u00e9s mais surtout celles de mes adversaires\u00a0\u00bb, a-t-il d\u00e9clar\u00e9 \u00e0 l&rsquo;issue de son dernier duel extr\u00eamement tendu sous le regard attentif de J\u00e9r\u00e9my Liebgott, son ma\u00eetre d&rsquo;armes qui le suit depuis ses d\u00e9buts.<\/p>\n<p>\u00ab\u00a0On a grandi ensemble, on \u00e9volue ensemble\u00a0\u00bb<\/p>\n<p>\u00ab\u00a0Tout le monde se conna\u00eet. On a grandi ensemble, on s&rsquo;affronte chaque ann\u00e9e, on \u00e9volue ensemble\u00a0\u00bb, poursuit-il. Mattis connaissait donc son adversaire, s&rsquo;est entra\u00een\u00e9 durement pour lui faire face mais \u00e7a n&rsquo;a pas \u00e9t\u00e9 suffisant face \u00e0 un tireur membre de l&rsquo;\u00e9quipe de France. \u00ab\u00a0C&rsquo;est dommage, je n&rsquo;ai pas su mettre \u00e0 profit les conseils de mon ma\u00eetre d&rsquo;armes\u00a0\u00bb, regrette-t-il.<\/p>\n<p>Un objectif quand m\u00eame rempli pour ce passionn\u00e9 depuis tout jeune, qui r\u00eave forc\u00e9ment des Jeux olympiques o\u00f9 la France a l&rsquo;habitude de briller. Mais avant de se projeter si loin, c&rsquo;est une m\u00e9daille qui cherchera \u00e0 attraper l&rsquo;ann\u00e9e prochaine, largement possible selon J\u00e9r\u00e9my Liebgott : \u00ab\u00a0Il en a\u00a0 \u00e9videmment le potentiel. Quant au groupe g\u00e9menosien en g\u00e9n\u00e9ral, on a \u00e9videmment des regrets mais ils ne s&rsquo;en sont tout de m\u00eame pas trop mal sortis.\u00a0\u00bb<\/p>\n<p>Ce dimanche, lors de la comp\u00e9tition par \u00e9quipes les G\u00e9menosiens esp\u00e8rent pouvoir grimper sur la bo\u00eete.\u00a0<\/p>\n<p>Comp\u00e9tition par \u00e9quipes, dimanche 11 mai d\u00e8s 8h30 \u00e0 l&rsquo;espace Albert Giraldi (finales vers 14h).<\/p>\n","protected":false},"excerpt":{"rendered":"Des centaines de sabreurs ont pris d&rsquo;assaut ce week-end l&rsquo;espace Albert Giraldi \u00e0 G\u00e9menos pour tenter de d\u00e9crocher&hellip;\n","protected":false},"author":2,"featured_media":90618,"comment_status":"","ping_status":"","sticky":false,"template":"","format":"standard","meta":{"footnotes":""},"categories":[4],"tags":[17,11,20149,3234,1946,1011,27,20150,151,12,25,60,4925],"class_list":{"0":"post-90617","1":"post","2":"type-post","3":"status-publish","4":"format-standard","5":"has-post-thumbnail","7":"category-france","8":"tag-17","9":"tag-actualites","10":"tag-cadets","11":"tag-championnats","12":"tag-escrime","13":"tag-fr","14":"tag-france","15":"tag-gemenosiens","16":"tag-les","17":"tag-news","18":"tag-republique-francaise","19":"tag-sports","20":"tag-veulent"},"share_on_mastodon":{"url":"https:\/\/pubeurope.com\/@fr\/114486442885501031","error":""},"_links":{"self":[{"href":"https:\/\/www.europesays.com\/fr\/wp-json\/wp\/v2\/posts\/90617","targetHints":{"allow":["GET"]}}],"collection":[{"href":"https:\/\/www.europesays.com\/fr\/wp-json\/wp\/v2\/posts"}],"about":[{"href":"https:\/\/www.europesays.com\/fr\/wp-json\/wp\/v2\/types\/post"}],"author":[{"embeddable":true,"href":"https:\/\/www.europesays.com\/fr\/wp-json\/wp\/v2\/users\/2"}],"replies":[{"embeddable":true,"href":"https:\/\/www.europesays.com\/fr\/wp-json\/wp\/v2\/comments?post=90617"}],"version-history":[{"count":0,"href":"https:\/\/www.europesays.com\/fr\/wp-json\/wp\/v2\/posts\/90617\/revisions"}],"wp:featuredmedia":[{"embeddable":true,"href":"https:\/\/www.europesays.com\/fr\/wp-json\/wp\/v2\/media\/90618"}],"wp:attachment":[{"href":"https:\/\/www.europesays.com\/fr\/wp-json\/wp\/v2\/media?parent=90617"}],"wp:term":[{"taxonomy":"category","embeddable":true,"href":"https:\/\/www.europesays.com\/fr\/wp-json\/wp\/v2\/categories?post=90617"},{"taxonomy":"post_tag","embeddable":true,"href":"https:\/\/www.europesays.com\/fr\/wp-json\/wp\/v2\/tags?post=90617"}],"curies":[{"name":"wp","href":"https:\/\/api.w.org\/{rel}","templated":true}]}}