{"id":90627,"date":"2025-05-11T00:54:11","date_gmt":"2025-05-11T00:54:11","guid":{"rendered":"https:\/\/www.europesays.com\/fr\/90627\/"},"modified":"2025-05-11T00:54:11","modified_gmt":"2025-05-11T00:54:11","slug":"cyclisme-la-vuelta-femenina-cedrine-kerbaol-4e-cest-sur-quon-reviendra","status":"publish","type":"post","link":"https:\/\/www.europesays.com\/fr\/90627\/","title":{"rendered":"Cyclisme. La Vuelta Femenina &#8211; C\u00e9drine Kerbaol, 4e : \u00abC&rsquo;est s\u00fbr qu&rsquo;on reviendra !\u00bb"},"content":{"rendered":"<p>Premi\u00e8re Fran\u00e7aise, <strong>C\u00e9drine Kerbaol<\/strong> (EF Education-Oatly) a termin\u00e9 4e de l&rsquo;ultime \u00e9tape de <strong><a href=\"https:\/\/www.cyclismactu.net\/..\/news-cyclisme-route-la-vuelta-femenina-demi-vollering-s-offre-7e-etape-et-classement-general-87773.html\" target=\"_blank\" rel=\"noopener\">La Vuelta Femenina<\/a><\/strong> ce samedi. Cette 4e place valide une autre 4e place : celle au classement g\u00e9n\u00e9ral. Ce samedi, elle faisait partie du quatuor le plus fort de <strong>La Vuelta<\/strong>, en compagnie de <strong>Demi Vollering<\/strong> (FDJ-SUEZ), <strong>Marlen Reusser<\/strong> (Movistar) et <strong>Anna van der Breggen<\/strong> (Team SD Worx-Protime). Malheureusement, elle a \u00e9t\u00e9 la premi\u00e8re \u00e0 craquer lorsque <strong>Vollering<\/strong> a attaqu\u00e9 \u00e0 800 m\u00e8tres de la ligne d&rsquo;arriv\u00e9e.<\/p>\n<p>Vid\u00e9o &#8211; Demi Vollering a remport\u00e9 la 7e \u00e9tape et le g\u00e9n\u00e9ral Lire la suite de l&rsquo;article&#13;<\/p>\n<p>\u00a0<\/p>\n<p>&#13;<br \/>\n\u00ab\u00a0Je n&rsquo;ai aucun regret&#8230;\u00a0\u00bb&#13;<\/p>\n<p>\u00ab\u00a0On savait que \u00e7a allait \u00eatre une course difficile. Beaucoup de mont\u00e9es, beaucoup de descentes, des sections techniques. Mais les filles ont couvert toutes les attaques. On \u00e9tait devant dans les descentes, devant avant les mont\u00e9es, et j\u2019ai juste tout donn\u00e9 dans la derni\u00e8re ascension. Je n\u2019ai aucun regret, parce que les filles devant \u00e9taient clairement plus fortes. Mais c\u2019est s\u00fbr qu\u2019on reviendra. Et avec une \u00e9quipe comme celle-l\u00e0, je me sens reconnaissante et confiante pour l\u2019avenir\u00a0\u00bb, explique<strong> Kerbaol.<\/strong><\/p>\n<p>&#13;<\/p>\n<p>La Fran\u00e7aise a \u00e9galement f\u00e9licit\u00e9 son \u00e9quipe. \u00ab\u00a0Chaque jour, on \u00e9tait toutes ensemble autant que possible. Toutes les filles ont suivi le plan \u2013 c\u2019\u00e9tait juste incroyable. Elles ont pris soin de moi tous les jours. J\u2019avais une baby-sitter attitr\u00e9e. \u00c7a m\u2019a enlev\u00e9 beaucoup de stress que j\u2019aurais pu avoir pendant la course. Collectivement, on a vu que les filles \u00e9taient tr\u00e8s fortes, et qu\u2019elles avaient aussi cet esprit d\u2019\u00e9quipe qu\u2019on ne trouve pas partout. J\u2019ai essay\u00e9 de leur montrer que j\u2019avais confiance en moi, et je pense qu\u2019elles l\u2019ont compris. Et moi aussi j\u2019ai confiance en elles. Elles ont fait un super boulot \u2013 donc oui, merci \u00e0 elles\u00a0\u00bb, a d\u00e9clar\u00e9 <strong>Kerbaol.<\/strong><\/p>\n<p>Vuelta Espana Femenina by Carrefour.es &#8211; Classement de la 7\u00e8 \u00e9tape Vuelta Espana Femenina by Carrefour.es &#8211; Classement g\u00e9n\u00e9ral<\/p>\n","protected":false},"excerpt":{"rendered":"Premi\u00e8re Fran\u00e7aise, C\u00e9drine Kerbaol (EF Education-Oatly) a termin\u00e9 4e de l&rsquo;ultime \u00e9tape de La Vuelta Femenina ce samedi.&hellip;\n","protected":false},"author":2,"featured_media":90628,"comment_status":"","ping_status":"","sticky":false,"template":"","format":"standard","meta":{"footnotes":""},"categories":[1411],"tags":[1154,207,211,1011,27,17874,209,60,210,212,208,213],"class_list":{"0":"post-90627","1":"post","2":"type-post","3":"status-publish","4":"format-standard","5":"has-post-thumbnail","7":"category-cyclisme","8":"tag-cycling","9":"tag-cyclisme","10":"tag-ffc","11":"tag-fr","12":"tag-france","13":"tag-la-vuelta-femenina","14":"tag-route","15":"tag-sports","16":"tag-tour-de-france","17":"tag-uci","18":"tag-velo","19":"tag-world-tour"},"share_on_mastodon":{"url":"https:\/\/pubeurope.com\/@fr\/114486474462644449","error":""},"_links":{"self":[{"href":"https:\/\/www.europesays.com\/fr\/wp-json\/wp\/v2\/posts\/90627","targetHints":{"allow":["GET"]}}],"collection":[{"href":"https:\/\/www.europesays.com\/fr\/wp-json\/wp\/v2\/posts"}],"about":[{"href":"https:\/\/www.europesays.com\/fr\/wp-json\/wp\/v2\/types\/post"}],"author":[{"embeddable":true,"href":"https:\/\/www.europesays.com\/fr\/wp-json\/wp\/v2\/users\/2"}],"replies":[{"embeddable":true,"href":"https:\/\/www.europesays.com\/fr\/wp-json\/wp\/v2\/comments?post=90627"}],"version-history":[{"count":0,"href":"https:\/\/www.europesays.com\/fr\/wp-json\/wp\/v2\/posts\/90627\/revisions"}],"wp:featuredmedia":[{"embeddable":true,"href":"https:\/\/www.europesays.com\/fr\/wp-json\/wp\/v2\/media\/90628"}],"wp:attachment":[{"href":"https:\/\/www.europesays.com\/fr\/wp-json\/wp\/v2\/media?parent=90627"}],"wp:term":[{"taxonomy":"category","embeddable":true,"href":"https:\/\/www.europesays.com\/fr\/wp-json\/wp\/v2\/categories?post=90627"},{"taxonomy":"post_tag","embeddable":true,"href":"https:\/\/www.europesays.com\/fr\/wp-json\/wp\/v2\/tags?post=90627"}],"curies":[{"name":"wp","href":"https:\/\/api.w.org\/{rel}","templated":true}]}}