{"id":906394,"date":"2026-05-02T10:49:35","date_gmt":"2026-05-02T10:49:35","guid":{"rendered":"https:\/\/www.europesays.com\/fr\/906394\/"},"modified":"2026-05-02T10:49:35","modified_gmt":"2026-05-02T10:49:35","slug":"metropole-de-lyon-74-heures-de-bbq-un-record-du-monde-battu-dans-la-region-a-oullins-pierre-benite","status":"publish","type":"post","link":"https:\/\/www.europesays.com\/fr\/906394\/","title":{"rendered":"M\u00e9tropole de Lyon. 74 heures de BBQ\u00a0\u00a0: un record du monde battu dans la r\u00e9gion\u00a0\u00e0 Oullins-Pierre-B\u00e9nite ?"},"content":{"rendered":"<p>Tout est parti d\u2019un homme, le traiteur Smoky Daddy, tent\u00e9 d\u2019\u00e9tablir un record du monde. Cette figure de l\u2019\u00e9quipe Les Toqu\u00e9s du rock, double championne de France de BBQ, en a parl\u00e9 \u00e0 \u00ab\u00a0Max\u00a0\u00bb. Max, c\u2019est Maxime Balouzat, ancien opticien oullinois, cr\u00e9ateur de l\u2019agence \u00e9v\u00e9nementielle Co\u00efncidence. Qui lui-m\u00eame a sollicit\u00e9 son meilleur pote, C\u00e9dric Barbiero, organisateur confirm\u00e9 de raclettes g\u00e9antes et pr\u00e9sident de Dr\u00f4le de nom pour une association (DNA) qui se consacre au handicap.<\/p>\n<p>L\u2019id\u00e9e est ainsi n\u00e9e de faire griller des kilos de viande durant 74 heures pour un maximum de monde, avec pour cadre le parc&#8230;<\/p>\n","protected":false},"excerpt":{"rendered":"Tout est parti d\u2019un homme, le traiteur Smoky Daddy, tent\u00e9 d\u2019\u00e9tablir un record du monde. Cette figure de&hellip;\n","protected":false},"author":2,"featured_media":906395,"comment_status":"","ping_status":"","sticky":false,"template":"","format":"standard","meta":{"footnotes":"","_share_on_mastodon":"0"},"categories":[1889],"tags":[1111,11,2430,1687,2757,3154,1777,674,107,1011,27,2428,2756,12,15665,15666,25,2429],"class_list":["post-906394","post","type-post","status-publish","format-standard","has-post-thumbnail","category-lyon","tag-actu","tag-actualites","tag-auvergne-rhone-alpes","tag-culture-loisirs","tag-edition-lyon-villeurbanne","tag-edition-sud-lyonnais","tag-eu","tag-europe","tag-fil-info","tag-fr","tag-france","tag-lyon","tag-lyon-bassin","tag-news","tag-oullins-pierre-benite","tag-oullins-ville","tag-republique-francaise","tag-rhone"],"share_on_mastodon":{"url":"https:\/\/pubeurope.com\/@fr\/116504596741024078","error":""},"_links":{"self":[{"href":"https:\/\/www.europesays.com\/fr\/wp-json\/wp\/v2\/posts\/906394","targetHints":{"allow":["GET"]}}],"collection":[{"href":"https:\/\/www.europesays.com\/fr\/wp-json\/wp\/v2\/posts"}],"about":[{"href":"https:\/\/www.europesays.com\/fr\/wp-json\/wp\/v2\/types\/post"}],"author":[{"embeddable":true,"href":"https:\/\/www.europesays.com\/fr\/wp-json\/wp\/v2\/users\/2"}],"replies":[{"embeddable":true,"href":"https:\/\/www.europesays.com\/fr\/wp-json\/wp\/v2\/comments?post=906394"}],"version-history":[{"count":0,"href":"https:\/\/www.europesays.com\/fr\/wp-json\/wp\/v2\/posts\/906394\/revisions"}],"wp:featuredmedia":[{"embeddable":true,"href":"https:\/\/www.europesays.com\/fr\/wp-json\/wp\/v2\/media\/906395"}],"wp:attachment":[{"href":"https:\/\/www.europesays.com\/fr\/wp-json\/wp\/v2\/media?parent=906394"}],"wp:term":[{"taxonomy":"category","embeddable":true,"href":"https:\/\/www.europesays.com\/fr\/wp-json\/wp\/v2\/categories?post=906394"},{"taxonomy":"post_tag","embeddable":true,"href":"https:\/\/www.europesays.com\/fr\/wp-json\/wp\/v2\/tags?post=906394"}],"curies":[{"name":"wp","href":"https:\/\/api.w.org\/{rel}","templated":true}]}}