{"id":90640,"date":"2025-05-11T01:03:08","date_gmt":"2025-05-11T01:03:08","guid":{"rendered":"https:\/\/www.europesays.com\/fr\/90640\/"},"modified":"2025-05-11T01:03:08","modified_gmt":"2025-05-11T01:03:08","slug":"cette-qualification-est-lun-des-succes-les-plus-importants-de-ma-carriere-affirme-de-zerbi","status":"publish","type":"post","link":"https:\/\/www.europesays.com\/fr\/90640\/","title":{"rendered":"\u00ab\u00a0Cette qualification est l&rsquo;un des succ\u00e8s les plus importants de ma carri\u00e8re\u00a0\u00bb, affirme De Zerbi"},"content":{"rendered":"<p><strong>Dans quel \u00e9tat d\u2019esprit \u00eates-vous apr\u00e8s <a href=\"https:\/\/www.laprovence.com\/article\/om\/1081818568867915\/le-havre-om-1-3-un-havre-de-bonheur-pour-lom\" target=\"_blank\" rel=\"nofollow noopener\">cette victoire et cette qualification en Ligue des champion<\/a>s\u00a0?<\/strong>&#13;\n<\/p>\n<p>Je suis tr\u00e8s, tr\u00e8s heureux pour les joueurs, le club, les supporters, la ville de Marseille qui est particuli\u00e8re et vit pour le football. C\u2019est un privil\u00e8ge et un honneur de faire du football \u00e0 Marseille. C\u2019est une chance mais aussi un devoir car ce n\u2019est pas facile. On m\u00e9rite cette qualification en Ligue des champions, on veut cette 2e place, le championnat n\u2019est pas fini. On va pousser tout au long de cette derni\u00e8re semaine pour finir derri\u00e8re le PSG.<\/p>\n<p>\u00catre 2e toute la saison avec tous les probl\u00e8mes que l\u2019on a eus, avec une \u00e9quipe compl\u00e8tement remani\u00e9e \u00e0 l\u2019intersaison, des pol\u00e9miques parfois invent\u00e9es par les journalistes, des probl\u00e8mes li\u00e9s \u00e0 l\u2019arbitrage, des d\u00e9faites lourdes. C\u2019est vraiment important pour nous de finir l\u00e0. Ce serait plus qu\u2019un miracle de finir derri\u00e8re le PSG. Vous avez peut-\u00eatre sous-estim\u00e9 ce qu\u2019on a fait tout au long de l\u2019ann\u00e9e. Vous pensiez que c\u2019\u00e9tait normal, mais \u00e7a ne l\u2019est pas. L\u2019OM \u00e9tait 8e l\u2019an dernier. On a baiss\u00e9 les salaires, on n\u2019a pas pu d\u00e9penser sur le mercato comme nos concurrents directs.<\/p>\n<p><strong>Qu\u2019est-ce qui vous rend le plus fier sur le match de ce soir\u00a0?<\/strong>&#13;\n<\/p>\n<p>C\u2019est un peu le r\u00e9sum\u00e9 de notre saison. On a bien jou\u00e9, on s\u2019est un peu endormi apr\u00e8s l\u2019arr\u00eat du match, on est revenu sur le terrain comme si on allait promener notre chien et on encaisse un but. Puis l\u2019orgueil est revenu et a pris le dessus. On peut commettre des erreurs tactiques ou techniques, mais on a mis du c\u0153ur quand Le\u00a0Havre a recoll\u00e9 au score. On a souffert pour l\u2019emporter et cela me rend heureux. Je veux une \u00e9quipe qui joue bien mais qui a aussi de l\u2019orgueil et du caract\u00e8re.<\/p>\n<p><strong>\u00c0 quoi pensez-vous quand vous c\u00e9l\u00e9brez le troisi\u00e8me but aux pieds de vos supporters\u00a0?<\/strong>&#13;\n<\/p>\n<p>Je voulais qu\u2019on f\u00eate cette victoire avec nos supporters qui nous ont toujours bien trait\u00e9s et \u00e9t\u00e9 derri\u00e8re nous-m\u00eame quand on a perdu et qu\u2019ils nous ont siffl\u00e9s. Il n\u2019y avait pas de frustration. Cette frustration vient peut-\u00eatre de la part de ceux qui n\u2019acceptent pas que l\u2019OM ait \u00e9t\u00e9 2e tout au long de la saison. C\u2019\u00e9tait juste du bonheur, de la joie.<\/p>\n<p>\u00c7a \u00e9nerve peut-\u00eatre certains que Rabiot, l\u2019un des plus grands footballeurs fran\u00e7ais, porte le maillot de l\u2019OM ou que Greenwood ait marqu\u00e9 20 buts cette saison. C\u2019est peut-\u00eatre dur \u00e0 accepter pour certaines personnes.<\/p>\n<p><strong>Un mot sur Mason Greenwood\u00a0?<\/strong>&#13;\n<\/p>\n<p>Il est tr\u00e8s jeune, a pass\u00e9 quasiment deux ans sans jouer, n\u2019a jamais lutt\u00e9 pour remporter un championnat ou se qualifier en Ligue des champions. Il fait une saison de titulaire. Comme l\u2019\u00e9quipe, il a connu trop de hauts et trop de bas. Cela fait partie de notre parcours, il faut voir championnat dans son ensemble, tout le monde a connu des d\u00e9faites. Il faut ajouter que l\u2019environnement n\u2019aide pas historiquement l\u2019OM.<\/p>\n<p>C\u2019est difficile de jouer au foot \u00e0 Marseille, et c\u2019est pour cela que c\u2019est important de s\u2019isoler parfois comme on l\u2019a fait avec le stage \u00e0 Rome. Apr\u00e8s Rome, on a fait trois victoires et un nul. Au final, je pense que Rome nous a port\u00e9 chance.<\/p>\n<p><strong>O\u00f9 placez-vous cette qualification en C1 par rapport \u00e0 tout ce que vous avez v\u00e9cu dans votre carri\u00e8re d\u2019entra\u00eeneur\u00a0?<\/strong>&#13;\n<\/p>\n<p>Avec la qualification en Ligue Europa avec Brighton, c\u2019est l\u2019un des succ\u00e8s les plus importants de ma carri\u00e8re. J\u2019en suis tr\u00e8s heureux, tr\u00e8s heureux d\u2019avoir aid\u00e9 les joueurs. Ce sont eux qui ont r\u00e9ussi \u00e0 ramener l\u2019OM en C1 l\u00e0 o\u00f9 le club m\u00e9rite d\u2019\u00eatre. Cela m\u2019a vraiment \u00e9nerv\u00e9 de lire qu\u2019il y avait une mutinerie, que des joueurs \u00e9taient contre moi. C\u2019\u00e9tait compl\u00e8tement faux, on ne pouvait pas \u00eatre plus loin de la r\u00e9alit\u00e9, \u00e7a m\u2019a beaucoup touch\u00e9.<\/p>\n<p>En douze ans de carri\u00e8re d\u2019entra\u00eeneur, j\u2019ai toujours eu un tr\u00e8s bon rapport avec les joueurs et les supporters. Mais je veux retenir uniquement cette qualification et je veux surtout qu\u2019on finisse 2e.<\/p>\n","protected":false},"excerpt":{"rendered":"Dans quel \u00e9tat d\u2019esprit \u00eates-vous apr\u00e8s cette victoire et cette qualification en Ligue des champions\u00a0?&#13; Je suis tr\u00e8s,&hellip;\n","protected":false},"author":2,"featured_media":90641,"comment_status":"","ping_status":"","sticky":false,"template":"","format":"standard","meta":{"footnotes":""},"categories":[9],"tags":[20154,17,3477,154,932,1011,27,19937,12189,149,7720,60],"class_list":{"0":"post-90640","1":"post","2":"type-post","3":"status-publish","4":"format-standard","5":"has-post-thumbnail","7":"category-sports","8":"tag-1-3","9":"tag-17","10":"tag-cette","11":"tag-des","12":"tag-est","13":"tag-fr","14":"tag-france","15":"tag-havre-om","16":"tag-lun","17":"tag-om","18":"tag-qualification","19":"tag-sports"},"share_on_mastodon":{"url":"https:\/\/pubeurope.com\/@fr\/114486509786166591","error":""},"_links":{"self":[{"href":"https:\/\/www.europesays.com\/fr\/wp-json\/wp\/v2\/posts\/90640","targetHints":{"allow":["GET"]}}],"collection":[{"href":"https:\/\/www.europesays.com\/fr\/wp-json\/wp\/v2\/posts"}],"about":[{"href":"https:\/\/www.europesays.com\/fr\/wp-json\/wp\/v2\/types\/post"}],"author":[{"embeddable":true,"href":"https:\/\/www.europesays.com\/fr\/wp-json\/wp\/v2\/users\/2"}],"replies":[{"embeddable":true,"href":"https:\/\/www.europesays.com\/fr\/wp-json\/wp\/v2\/comments?post=90640"}],"version-history":[{"count":0,"href":"https:\/\/www.europesays.com\/fr\/wp-json\/wp\/v2\/posts\/90640\/revisions"}],"wp:featuredmedia":[{"embeddable":true,"href":"https:\/\/www.europesays.com\/fr\/wp-json\/wp\/v2\/media\/90641"}],"wp:attachment":[{"href":"https:\/\/www.europesays.com\/fr\/wp-json\/wp\/v2\/media?parent=90640"}],"wp:term":[{"taxonomy":"category","embeddable":true,"href":"https:\/\/www.europesays.com\/fr\/wp-json\/wp\/v2\/categories?post=90640"},{"taxonomy":"post_tag","embeddable":true,"href":"https:\/\/www.europesays.com\/fr\/wp-json\/wp\/v2\/tags?post=90640"}],"curies":[{"name":"wp","href":"https:\/\/api.w.org\/{rel}","templated":true}]}}