{"id":906588,"date":"2026-05-02T13:05:39","date_gmt":"2026-05-02T13:05:39","guid":{"rendered":"https:\/\/www.europesays.com\/fr\/906588\/"},"modified":"2026-05-02T13:05:39","modified_gmt":"2026-05-02T13:05:39","slug":"rouen-annulation-du-dj-padre-aux-fetes-jeanne-darc-un-signal-tardif-mais-salutaire","status":"publish","type":"post","link":"https:\/\/www.europesays.com\/fr\/906588\/","title":{"rendered":"Rouen : Annulation du \u201cDJ Padre\u201d aux f\u00eates Jeanne d\u2019Arc, un signal tardif mais salutaire ?"},"content":{"rendered":"<p>L\u2019annulation du pr\u00eatre DJ Padre Guilherme, initialement programm\u00e9 comme temps fort des c\u00e9l\u00e9brations, intervient dans un climat de critiques croissantes. Derri\u00e8re ce retrait de derni\u00e8re minute, certains y voient le signe d\u2019un malaise plus profond et d\u2019un possible r\u00e9ajustement de la part du dioc\u00e8se. C\u2019est un revirement qui ne passe pas inaper\u00e7u. Le pr\u00eatre DJ portugais Padre Guilherme, annonc\u00e9 comme l\u2019un des temps forts des f\u00eates en l\u2019honneur de Jeanne d\u2019Arc \u00e0 Rouen, ne se produira finalement pas le 14 mai 2026. Officiellement, il aurait demand\u00e9 \u00e0 d\u00e9caler sa venue. Officieusement, la d\u00e9cision intervient dans un contexte de malaise croissant autour de sa participation.<\/p>\n<p>Pour le remplacer, le dioc\u00e8se a fait appel au DJ fran\u00e7ais Charles B, accompagn\u00e9 en premi\u00e8re partie d\u2019un artiste local. Une solution de secours rapide, mais qui ne suffit pas \u00e0 faire oublier les interrogations soulev\u00e9es ces derni\u00e8res semaines. Difficile de ne pas voir dans cette annulation autre chose qu\u2019un simple contretemps logistique. Depuis l\u2019annonce de la venue de Padre Guilherme, les critiques s\u2019\u00e9taient multipli\u00e9es, pointant un d\u00e9calage profond entre la nature de l\u2019\u00e9v\u00e9nement et la programmation d\u2019un show \u00e9lectro assur\u00e9 par un pr\u00eatre m\u00e9diatis\u00e9.<\/p>\n<p>Le concept m\u00eame du \u201cpr\u00eatre DJ\u201d, incarn\u00e9 par Padre Guilherme, repose sur une mise en sc\u00e8ne assum\u00e9e m\u00ealant identit\u00e9 sacerdotale et univers festif. Une d\u00e9marche qu\u2019il justifie par la volont\u00e9 de toucher un public \u00e9loign\u00e9 de l\u2019\u00c9glise, s\u2019inscrivant dans une logique d\u2019ouverture souvent associ\u00e9e aux appels du pape Fran\u00e7ois. Mais cette strat\u00e9gie soul\u00e8ve une question de fond : \u00e0 vouloir rendre la foi accessible par les codes du divertissement, ne finit-on pas par en alt\u00e9rer la nature m\u00eame. Les prestations propos\u00e9es rel\u00e8vent davantage d\u2019une performance sc\u00e9nique que d\u2019une d\u00e9marche spirituelle. La parole religieuse y devient un \u00e9l\u00e9ment d\u2019ambiance, int\u00e9gr\u00e9e \u00e0 une logique de spectacle o\u00f9 l\u2019\u00e9motion imm\u00e9diate prime sur la profondeur.<\/p>\n<p>Dans ce contexte, programmer un tel \u00e9v\u00e9nement au c\u0153ur des f\u00eates d\u00e9di\u00e9es \u00e0 Jeanne d\u2019Arc pouvait difficilement ne pas susciter de r\u00e9actions. La figure de Jeanne d\u2019Arc, associ\u00e9e au recueillement, \u00e0 l\u2019engagement et \u00e0 la fid\u00e9lit\u00e9, contraste fortement avec l\u2019univers d\u2019un concert \u00e9lectro mis en sc\u00e8ne.<\/p>\n<p><a href=\"https:\/\/tribunechretienne.com\/faire-un-don\/\" target=\"_blank\" rel=\"nofollow noopener\"><img loading=\"lazy\" decoding=\"async\" width=\"840\" height=\"250\" src=\"data:image\/svg+xml,%3Csvg%20xmlns=\" http:=\"\" data-lazy-src=\"https:\/\/www.europesays.com\/fr\/wp-content\/uploads\/2026\/04\/BANDEAU-SAINTE-THERESE-.jpg\"\/><\/a><\/p>\n<p><strong>Lier aussi<\/strong><\/p>\n<p>L\u2019affaire d\u00e9passe ainsi la simple question artistique pour toucher \u00e0 la coh\u00e9rence symbolique de l\u2019\u00e9v\u00e9nement. Introduire un tel dispositif dans un cadre aussi charg\u00e9 de sens a \u00e9t\u00e9 per\u00e7u par certains comme un m\u00e9lange des genres, voire comme une confusion regrettable entre sacr\u00e9 et divertissement.<\/p>\n<p class=\"has-text-align-center\"><strong>Sans communication officielle d\u00e9taill\u00e9e, il est difficile de conna\u00eetre les raisons exactes de cette annulation. Mais une question demeure : le dioc\u00e8se a-t-il pris conscience, m\u00eame tardivement, du d\u00e9calage que cette programmation pouvait cr\u00e9er. Le choix de Charles B, dont la d\u00e9marche est strictement musicale, peut appara\u00eetre comme une tentative de recentrage et de clarification.<\/strong><\/p>\n<p>Cet \u00e9pisode met en lumi\u00e8re une interrogation plus large sur les formes contemporaines d\u2019\u00e9vang\u00e9lisation et leurs limites. Adapter le message est une chose, le transformer en produit de spectacle en est une autre. La fronti\u00e8re, ici, semble avoir \u00e9t\u00e9 franchie aux yeux de nombreux observateurs. Comme certains l\u2019ont fait remarquer avec ironie, si l\u2019objectif est de proposer un show \u00e9lectro, autant faire appel directement \u00e0 un artiste comme David Guetta, dont la d\u00e9marche est claire et assum\u00e9e. L\u2019annulation de Padre Guilherme \u00e0 Rouen ne cl\u00f4t pas le d\u00e9bat. Elle l\u2019ouvre au contraire sur une r\u00e9flexion de fond : celle de la place du sacr\u00e9 dans une \u00e9poque tent\u00e9e de tout transformer en spectacle. On peut esp\u00e9rer qu\u2019elle marque une prise de conscience, au moins locale. Mais pendant ce temps, le pr\u00eatre continue de se produire dans d\u2019autres pays, poursuivant une tourn\u00e9e bien install\u00e9e. Autrement dit, si Rouen fait un pas de c\u00f4t\u00e9, la logique qu\u2019il incarne ne s\u2019arr\u00eate pas l\u00e0, et pour ses d\u00e9tracteurs, une chose reste inchang\u00e9e : l\u2019arnaque continue.<\/p>\n","protected":false},"excerpt":{"rendered":"L\u2019annulation du pr\u00eatre DJ Padre Guilherme, initialement programm\u00e9 comme temps fort des c\u00e9l\u00e9brations, intervient dans un climat de&hellip;\n","protected":false},"author":2,"featured_media":906589,"comment_status":"","ping_status":"","sticky":false,"template":"","format":"standard","meta":{"footnotes":"","_share_on_mastodon":"0"},"categories":[9587],"tags":[1111,11,31373,96973,1777,674,1011,27,96974,12,5161,25,9590],"class_list":["post-906588","post","type-post","status-publish","format-standard","has-post-thumbnail","category-rouen","tag-actu","tag-actualites","tag-annulation","tag-dj-padre","tag-eu","tag-europe","tag-fr","tag-france","tag-guilherme","tag-news","tag-normandie","tag-republique-francaise","tag-rouen"],"share_on_mastodon":{"url":"https:\/\/pubeurope.com\/@fr\/116505131527611944","error":""},"_links":{"self":[{"href":"https:\/\/www.europesays.com\/fr\/wp-json\/wp\/v2\/posts\/906588","targetHints":{"allow":["GET"]}}],"collection":[{"href":"https:\/\/www.europesays.com\/fr\/wp-json\/wp\/v2\/posts"}],"about":[{"href":"https:\/\/www.europesays.com\/fr\/wp-json\/wp\/v2\/types\/post"}],"author":[{"embeddable":true,"href":"https:\/\/www.europesays.com\/fr\/wp-json\/wp\/v2\/users\/2"}],"replies":[{"embeddable":true,"href":"https:\/\/www.europesays.com\/fr\/wp-json\/wp\/v2\/comments?post=906588"}],"version-history":[{"count":0,"href":"https:\/\/www.europesays.com\/fr\/wp-json\/wp\/v2\/posts\/906588\/revisions"}],"wp:featuredmedia":[{"embeddable":true,"href":"https:\/\/www.europesays.com\/fr\/wp-json\/wp\/v2\/media\/906589"}],"wp:attachment":[{"href":"https:\/\/www.europesays.com\/fr\/wp-json\/wp\/v2\/media?parent=906588"}],"wp:term":[{"taxonomy":"category","embeddable":true,"href":"https:\/\/www.europesays.com\/fr\/wp-json\/wp\/v2\/categories?post=906588"},{"taxonomy":"post_tag","embeddable":true,"href":"https:\/\/www.europesays.com\/fr\/wp-json\/wp\/v2\/tags?post=906588"}],"curies":[{"name":"wp","href":"https:\/\/api.w.org\/{rel}","templated":true}]}}