{"id":90667,"date":"2025-05-11T01:19:41","date_gmt":"2025-05-11T01:19:41","guid":{"rendered":"https:\/\/www.europesays.com\/fr\/90667\/"},"modified":"2025-05-11T01:19:41","modified_gmt":"2025-05-11T01:19:41","slug":"qui-est-le-nouveau-president-du-core-et-de-ses-plus-de-1000-licencies","status":"publish","type":"post","link":"https:\/\/www.europesays.com\/fr\/90667\/","title":{"rendered":"qui est le nouveau pr\u00e9sident du Core et de ses plus de 1000 licenci\u00e9s\u00a0?"},"content":{"rendered":"<p>            Par<br \/>\n        <strong><br \/>\n            <a href=\"https:\/\/actu.fr\/auteur\/aurelien-delavaud\" title=\"Consulter tous les articles de Aur\u00e9lien Delavaud\" rel=\"nofollow noopener\" target=\"_blank\">Aur\u00e9lien Delavaud<\/a><br \/>\n        <\/strong><\/p>\n<p>        Publi\u00e9 le<\/p>\n<p>            9 mai 2025 \u00e0 21h21        <\/p>\n<p>C\u2019est une sacr\u00e9e page qui se tourne, pour l\u2019une des plus grandes <b>associations<\/b> de l\u2019agglom\u00e9ration d\u2019<a href=\"https:\/\/actu.fr\/normandie\/elbeuf_76231\" rel=\"nofollow noopener\" target=\"_blank\">Elbeuf<\/a>. Apr\u00e8s 20\u00a0ann\u00e9es de pr\u00e9sidence, Bruno Lefel a d\u00e9cid\u00e9 de passer le flambeau, \u00e0 la t\u00eate du <b>Core, le Club omnisport de la r\u00e9gion elbeuvienne<\/b>.<\/p>\n<p class=\" wall-content\">Pour le remplacer, c\u2019est <b>Arlen Richard-Piedeleu<\/b> qui a \u00e9t\u00e9 \u00e9lu, d\u00e9but avril 2025. Un nouveau visage dans la direction du Core, puisque ce jeune Saint-Aubinois de 30 ans n\u2019occupait pas de fonction officielle dans le bureau de l\u2019association qui rassemble <b>sept sections sportives<\/b>. \u00ab J\u2019\u00e9tais le secr\u00e9taire de la section chanbara \u00bb, pr\u00e9cise-t-il toutefois.<\/p>\n<p>Venir avec un vrai projet<\/p>\n<p class=\" wall-content\">Prendre la pr\u00e9sidence d\u2019une association qui a r\u00e9cemment pass\u00e9 la barre des <b>1 000\u00a0licenci\u00e9s<\/b>, c\u2019\u00e9tait presque une surprise pour Arlen Richard-Piedeleu. D\u00e9j\u00e0 parce que son parcours personnel l\u2019a amen\u00e9 dans le monde du sport sur le tard.<\/p>\n<blockquote class=\"ac-article-quote wall-content\">\n<p>Je suis en situation de handicap, j\u2019ai une spondylarthrite ankylosante. Tr\u00e8s longtemps, j\u2019ai voulu faire un art martial au sabre et j\u2019ai finalement trouv\u00e9 le chanbara.<\/p>\n<p>Arlen Richard-Piedeleu<\/p><\/blockquote>\n<p class=\" wall-content\">Une discipline \u00e9prouvante pour lui sur le plan physique, mais dans laquelle il s\u2019\u00e9panouit : \u00ab C\u2019est quelque chose de tr\u00e8s ludique ! \u00bb<\/p>\n<p>Vid\u00e9os : en ce moment sur Actu<\/p>\n<p class=\" wall-content\">Entre rejoindre un club sportif et en prendre la t\u00eate, il y a un monde. Arlen Richard-Piedeleu a commenc\u00e9 \u00e0 le franchir, en douceur, quand Bruno Lefel a annonc\u00e9 sa d\u00e9cision de transmettre la pr\u00e9sidence du Core.<\/p>\n<p class=\" wall-content\">\u00ab Je me suis dit que \u00e7a pourrait me plaire, s\u2019il y avait un vrai <b>projet de modernisation<\/b>, se justifie-t-il. Au d\u00e9part, je ne me sentais pas trop l\u00e9gitime, j\u2019envisageais plut\u00f4t de prendre le poste de secr\u00e9taire. On a pas mal planch\u00e9 avec les pr\u00e9sidents de section et ce sont les personnes pr\u00e9sentes qui m\u2019ont pouss\u00e9 et encourag\u00e9. \u00bb<\/p>\n<p>    <a href=\"https:\/\/www.facebook.com\/plugins\/post.php?href=https%3A%2F%2Fwww.facebook.com%2Fpermalink.php%3Fstory_fbid%3Dpfbid08cmWeRkqd8EqqUdS8NLDFinxexvRiFY85NQMPwehrCfqX4VFzQZ9qvbyuqTxhjcdl%26id%3D61575536110351&amp;show_text=true&amp;width=350\" title=\"Ouvrie le lien\" rel=\"nofollow noopener\" target=\"_blank\">Cliquez ici pour visualiser le contenu<\/a><\/p>\n<p class=\" wall-content\">Pour le jeune homme, ce <b>nouveau r\u00f4le<\/b>, c\u2019est \u00ab une grande fiert\u00e9 et un d\u00e9fi \u00e0 relever. Le Core, j\u2019en ai toujours entendu parler. On a tous quelqu\u2019un dans sa famille qui a fait partie d\u2019une section du Core. On veut que \u00e7a redevienne une <b>institution locale<\/b>. \u00bb<\/p>\n<p>Des id\u00e9es plein la t\u00eate<\/p>\n<p class=\" wall-content\">Maintenant qu\u2019il a pris ses fonctions, le nouveau pr\u00e9sident du club omnisport a plein d\u2019id\u00e9es en t\u00eate pour <b>redynamiser le club<\/b>. \u00ab D\u00e9j\u00e0, il faut cr\u00e9er des <b>r\u00e9seaux sociaux<\/b> ! Il faut que le Core ait ses propres r\u00e9seaux globaux, en tant qu\u2019association, pour booster ce qui se fait dans chaque section \u00bb, th\u00e9orise celui qui travaille justement dans le milieu de la communication et du marketing, en tant qu\u2019autoentrepreneur.<\/p>\n<p class=\" wall-content\">Toujours pour mutualiser les forces et renforcer la coh\u00e9sion, Arlen Richard-Piedeleu veut aussi cr\u00e9er d\u00e8s l\u2019ann\u00e9e prochaine \u00ab un gros <b>tournoi pluridisciplinaire<\/b>, comme des petits Jeux olympiques, pour rassembler toutes nos sections et nos disciplines \u00bb.<\/p>\n<p class=\" wall-content\">Parmi ses autres id\u00e9es, le responsable souhaite aussi cr\u00e9er une cagnotte \u00ab pour payer des licences aux familles pr\u00e9caires \u00bb, encourager la recherche de m\u00e9c\u00e8nes et de sponsors \u00e0 l\u2019\u00e9chelle de l\u2019ensemble du Core plut\u00f4t que section par section ou encore d\u00e9localiser un maximum de s\u00e9ances de sport hors d\u2019Elbeuf. \u00ab Il faut renouer avec l\u2019h\u00e9ritage, quand le Core \u00e9tait le club de toute l\u2019agglo elbeuvienne \u00bb, assure-t-il.<\/p>\n<p class=\" wall-content\">Selon le pr\u00e9sident, il faudra entre trois et cinq ans pour d\u00e9ployer le nouveau projet approuv\u00e9 par la nouvelle direction de l\u2019association.<\/p>\n<p class=\" wall-content\">Alors que son mandat est d\u2019un an, il faudra le renouveler pour aller au bout de son projet. Mais sur quels crit\u00e8res jugera-t-il de sa propre r\u00e9ussite ? \u00ab Si la coh\u00e9sion est renforc\u00e9e entre les sections et si on travaille sur cette id\u00e9e de sport citoyen. On est l\u00e0 pour v\u00e9hiculer des valeurs ! \u00bb<\/p>\n<p class=\" wall-content\">Suivez toute l\u2019actualit\u00e9 de vos villes et m\u00e9dias favoris en vous inscrivant \u00e0 <a href=\"https:\/\/moncompte.actu.fr\" title=\"D\u00e9couvez Mon Actu\" rel=\"nofollow noopener\" data-trk=\"{&quot;cta&quot;:{&quot;action&quot;:&quot;https:\\\/\\\/moncompte.actu.fr&quot;,&quot;category&quot;:&quot;mon compte&quot;,&quot;from&quot;:&quot;article footer&quot;,&quot;name&quot;:&quot;Mon actu&quot;,&quot;type&quot;:&quot;cta&quot;}}\" target=\"_blank\">Mon Actu<\/a>.<\/p>\n","protected":false},"excerpt":{"rendered":"Par Aur\u00e9lien Delavaud Publi\u00e9 le 9 mai 2025 \u00e0 21h21 C\u2019est une sacr\u00e9e page qui se tourne, pour&hellip;\n","protected":false},"author":2,"featured_media":90668,"comment_status":"","ping_status":"","sticky":false,"template":"","format":"standard","meta":{"footnotes":""},"categories":[9587],"tags":[1111,11,10263,1777,674,1011,27,12,5161,25,9590,104],"class_list":{"0":"post-90667","1":"post","2":"type-post","3":"status-publish","4":"format-standard","5":"has-post-thumbnail","7":"category-rouen","8":"tag-actu","9":"tag-actualites","10":"tag-benevolat","11":"tag-eu","12":"tag-europe","13":"tag-fr","14":"tag-france","15":"tag-news","16":"tag-normandie","17":"tag-republique-francaise","18":"tag-rouen","19":"tag-societe"},"share_on_mastodon":{"url":"https:\/\/pubeurope.com\/@fr\/114486572645875832","error":""},"_links":{"self":[{"href":"https:\/\/www.europesays.com\/fr\/wp-json\/wp\/v2\/posts\/90667","targetHints":{"allow":["GET"]}}],"collection":[{"href":"https:\/\/www.europesays.com\/fr\/wp-json\/wp\/v2\/posts"}],"about":[{"href":"https:\/\/www.europesays.com\/fr\/wp-json\/wp\/v2\/types\/post"}],"author":[{"embeddable":true,"href":"https:\/\/www.europesays.com\/fr\/wp-json\/wp\/v2\/users\/2"}],"replies":[{"embeddable":true,"href":"https:\/\/www.europesays.com\/fr\/wp-json\/wp\/v2\/comments?post=90667"}],"version-history":[{"count":0,"href":"https:\/\/www.europesays.com\/fr\/wp-json\/wp\/v2\/posts\/90667\/revisions"}],"wp:featuredmedia":[{"embeddable":true,"href":"https:\/\/www.europesays.com\/fr\/wp-json\/wp\/v2\/media\/90668"}],"wp:attachment":[{"href":"https:\/\/www.europesays.com\/fr\/wp-json\/wp\/v2\/media?parent=90667"}],"wp:term":[{"taxonomy":"category","embeddable":true,"href":"https:\/\/www.europesays.com\/fr\/wp-json\/wp\/v2\/categories?post=90667"},{"taxonomy":"post_tag","embeddable":true,"href":"https:\/\/www.europesays.com\/fr\/wp-json\/wp\/v2\/tags?post=90667"}],"curies":[{"name":"wp","href":"https:\/\/api.w.org\/{rel}","templated":true}]}}