{"id":906746,"date":"2026-05-02T15:00:34","date_gmt":"2026-05-02T15:00:34","guid":{"rendered":"https:\/\/www.europesays.com\/fr\/906746\/"},"modified":"2026-05-02T15:00:34","modified_gmt":"2026-05-02T15:00:34","slug":"allemagne-baisse-des-prix-des-carburants-moins-forte-quattendu-apres-le-rabais-fiscal-actualites","status":"publish","type":"post","link":"https:\/\/www.europesays.com\/fr\/906746\/","title":{"rendered":"Allemagne: baisse des prix des carburants moins forte qu&rsquo;attendu apr\u00e8s le rabais fiscal : Actualit\u00e9s"},"content":{"rendered":"<p class=\"lead \">Les prix des carburants en Allemagne ont recul\u00e9 en moyenne de pr\u00e8s de 13 centimes entre le 30 avril et le 1er mai apr\u00e8s l&rsquo;entr\u00e9e en vigueur du \u00ab\u00a0rabais carburant\u00a0\u00bb, bien moins que la r\u00e9duction fiscale d&rsquo;environ 17 centimes, a indiqu\u00e9 samedi l&rsquo;Office f\u00e9d\u00e9ral anticartel (BKA).<\/p>\n<p class=\"lead \">L&rsquo;autorit\u00e9 qui veille sur la concurrence souligne en outre d&rsquo;importantes disparit\u00e9s selon les stations-service et les r\u00e9gions. Dans une grande partie du sud de l&rsquo;Allemagne, les prix sont actuellement inf\u00e9rieurs d&rsquo;environ 5 \u00e0 7 centimes \u00e0 ceux observ\u00e9s dans le centre et le nord, en raison notamment de diff\u00e9rences dans les prix de raffinage et de gros.<\/p>\n<p class=\"lead \">Les \u00e9carts concernent aussi l&rsquo;ampleur des baisses: pour le diesel, elles varient en moyenne de 9,5 \u00e0 16 centimes selon les r\u00e9gions, et de 10 \u00e0 15,5 centimes pour l&rsquo;essence E5.<\/p>\n<p class=\"lead \">Samedi vers 10H30 CET, les prix moyens s&rsquo;\u00e9tablissaient \u00e0 2,06 euros le litre pour le diesel, 2,03 euros pour le E5 et 1,97 euro pour le E10, a pr\u00e9cis\u00e9 le BKA.<\/p>\n<p class=\"lead \">La taxe sur l&rsquo;essence et le diesel a \u00e9t\u00e9 r\u00e9duite de 16,7 centimes \u00e0 compter du 1er mai pour une dur\u00e9e de deux mois, selon un vote fin avril de la chambre basse du Parlement.<\/p>\n<p class=\"lead \">La mesure co\u00fbtera environ 1,6 milliard d&rsquo;euros \u00e0 l&rsquo;\u00c9tat, selon les m\u00e9dias allemands.<\/p>\n<p class=\"lead \">Depuis le d\u00e9but de la guerre en Iran fin f\u00e9vrier, les prix des carburants ont fortement augment\u00e9 en Allemagne et restent, malgr\u00e9 un recul temporaire, nettement sup\u00e9rieurs \u00e0 leur niveau d&rsquo;avant le conflit.<\/p>\n<p class=\"small font-weight-bold text-gray3 \"> publi\u00e9 le 2 mai \u00e0 15h45, AFP<\/p>\n<p>                             Partager<\/p>\n","protected":false},"excerpt":{"rendered":"Les prix des carburants en Allemagne ont recul\u00e9 en moyenne de pr\u00e8s de 13 centimes entre le 30&hellip;\n","protected":false},"author":2,"featured_media":906747,"comment_status":"","ping_status":"","sticky":false,"template":"","format":"standard","meta":{"footnotes":"","_share_on_mastodon":"0"},"categories":[1587],"tags":[14427,11,672,1804,4996,350,1805,1803,17393,1777,674,1801,421,12,1802],"class_list":["post-906746","post","type-post","status-publish","format-standard","has-post-thumbnail","category-allemagne","tag-nergie","tag-actualites","tag-allemagne","tag-bundesrepublik-deutschland","tag-carburants","tag-concurrence","tag-de","tag-deutschland","tag-essence","tag-eu","tag-europe","tag-germany","tag-lois","tag-news","tag-republique-federale-dallemagne"],"share_on_mastodon":{"url":"https:\/\/pubeurope.com\/@fr\/116505584049510328","error":""},"_links":{"self":[{"href":"https:\/\/www.europesays.com\/fr\/wp-json\/wp\/v2\/posts\/906746","targetHints":{"allow":["GET"]}}],"collection":[{"href":"https:\/\/www.europesays.com\/fr\/wp-json\/wp\/v2\/posts"}],"about":[{"href":"https:\/\/www.europesays.com\/fr\/wp-json\/wp\/v2\/types\/post"}],"author":[{"embeddable":true,"href":"https:\/\/www.europesays.com\/fr\/wp-json\/wp\/v2\/users\/2"}],"replies":[{"embeddable":true,"href":"https:\/\/www.europesays.com\/fr\/wp-json\/wp\/v2\/comments?post=906746"}],"version-history":[{"count":0,"href":"https:\/\/www.europesays.com\/fr\/wp-json\/wp\/v2\/posts\/906746\/revisions"}],"wp:featuredmedia":[{"embeddable":true,"href":"https:\/\/www.europesays.com\/fr\/wp-json\/wp\/v2\/media\/906747"}],"wp:attachment":[{"href":"https:\/\/www.europesays.com\/fr\/wp-json\/wp\/v2\/media?parent=906746"}],"wp:term":[{"taxonomy":"category","embeddable":true,"href":"https:\/\/www.europesays.com\/fr\/wp-json\/wp\/v2\/categories?post=906746"},{"taxonomy":"post_tag","embeddable":true,"href":"https:\/\/www.europesays.com\/fr\/wp-json\/wp\/v2\/tags?post=906746"}],"curies":[{"name":"wp","href":"https:\/\/api.w.org\/{rel}","templated":true}]}}