{"id":90710,"date":"2025-05-11T01:48:10","date_gmt":"2025-05-11T01:48:10","guid":{"rendered":"https:\/\/www.europesays.com\/fr\/90710\/"},"modified":"2025-05-11T01:48:10","modified_gmt":"2025-05-11T01:48:10","slug":"reduction-des-programmes-scientifiques-cap-sur-la-lune-et-mars","status":"publish","type":"post","link":"https:\/\/www.europesays.com\/fr\/90710\/","title":{"rendered":"r\u00e9duction des programmes scientifiques, cap sur la Lune et Mars"},"content":{"rendered":"<p>\t\t\t\t\t En ce d\u00e9but du mois de Mai, on en sait un peu plus sur les propositions de budget du pr\u00e9sident am\u00e9ricain Donald Trump concernant sa politique spatiale, \u00e0 savoir :<\/p>\n<p><b>&#8211; Premi\u00e8re proposition de<\/b> <a class=\"liens\" href=\"https:\/\/g.co\/kgs\/ZpZokEk\" target=\"_blank\" rel=\"nofollow\">Trump<\/a>, <b>celui-ci r\u00e9duirait de 24 % le budget actuel de la Nasa.<\/b>&#13;\t\t\t\t\t <\/p>\n<p>D\u00e9j\u00e0 en 2024 et pour la premi\u00e8re fois depuis 10 ans, le budget de la Nasa avait \u00e9t\u00e9 r\u00e9duit de 2%, 24,88 Md$ pour 2024 contre25,38 Md$ pour 2023.&#13;\t\t\t\t\t <\/p>\n<p>Aujourd\u2019hui on parle donc de 24% !&#13;\t\t\t\t\t <\/p>\n<p>Vis\u00e9 tout particuli\u00e8rement, l\u2019annulation du Space Launch System (SLS), la gigantesque fus\u00e9e dans le cadre du programme Artemis, construite par Boeing et Northrop Grumman, et sa capsule d&rsquo;\u00e9quipage Orion construite par Lockheed Martin. La Maison Blanche a qualifi\u00e9 le SLS et Orion de \u00ab grossi\u00e8rement co\u00fbteux qui ont largement d\u00e9pass\u00e9 leurs budgets. \u00bb, ce qui en partie n\u2019est pas totalement faux.&#13;\t\t\t\t\t <\/p>\n<p>Le document pr\u00e9paratoire au budget indique clarement : \u00ab Le budget pr\u00e9voit le retrait progressif de la fus\u00e9e Space Launch System (SLS) et de la capsule Orion apr\u00e8s trois vols, ce qui est extr\u00eamement co\u00fbteux et retard\u00e9. Le prix du SLS par lancement s&rsquo;\u00e9l\u00e8ve&#13;\t\t\t\t\t <\/p>\n<p>\u00e0 4 milliards de dollars. Le co\u00fbt de d\u00e9veloppement de la fus\u00e9e, qui s&rsquo;\u00e9l\u00e8ve \u00e0 environ 23 milliards de dollars depuis 2010, est \u00ab\u00a0sup\u00e9rieur de 140 % au budget. \u00bb&#13;\t\t\t\t\t <\/p>\n<p>A ces r\u00e9ductions, il faudra vraisemblablement y ajouter des programmes scientifiques majeurs touchant des milliers de chercheurs dans le monde entier, mais aussi des missions et des programmes dans lesquels les alli\u00e9s des \u00c9tats-Unis jouent un r\u00f4le cl\u00e9, comme l&rsquo;Agence spatiale europ\u00e9enne, le Canada et le Japon. &#13;\t\t\t\t\t <\/p>\n<p>A propos de ces programmes scientifiques de la Nasa, dans les milieux bien inform\u00e9s de Washington on parle d\u2019une r\u00e9duction de 47 % que l\u2019on n\u2019h\u00e9site pas de qualifier de v\u00e9ritable \u00ab\u00a0recul historique\u00a0\u00bb.\n\t\t\t\t <\/p>\n","protected":false},"excerpt":{"rendered":"En ce d\u00e9but du mois de Mai, on en sait un peu plus sur les propositions de budget&hellip;\n","protected":false},"author":2,"featured_media":90711,"comment_status":"","ping_status":"","sticky":false,"template":"","format":"standard","meta":{"footnotes":""},"categories":[1589],"tags":[11,73,1866,19688,12,19689,1864,1865,1863,308],"class_list":{"0":"post-90710","1":"post","2":"type-post","3":"status-publish","4":"format-standard","5":"has-post-thumbnail","7":"category-etats-unis","8":"tag-actualites","9":"tag-etats-unis","10":"tag-etats-unis-damerique","11":"tag-messager","12":"tag-news","13":"tag-tourisme-spatial","14":"tag-united-states","15":"tag-united-states-of-america","16":"tag-us","17":"tag-usa"},"share_on_mastodon":{"url":"https:\/\/pubeurope.com\/@fr\/114486686797977862","error":""},"_links":{"self":[{"href":"https:\/\/www.europesays.com\/fr\/wp-json\/wp\/v2\/posts\/90710","targetHints":{"allow":["GET"]}}],"collection":[{"href":"https:\/\/www.europesays.com\/fr\/wp-json\/wp\/v2\/posts"}],"about":[{"href":"https:\/\/www.europesays.com\/fr\/wp-json\/wp\/v2\/types\/post"}],"author":[{"embeddable":true,"href":"https:\/\/www.europesays.com\/fr\/wp-json\/wp\/v2\/users\/2"}],"replies":[{"embeddable":true,"href":"https:\/\/www.europesays.com\/fr\/wp-json\/wp\/v2\/comments?post=90710"}],"version-history":[{"count":0,"href":"https:\/\/www.europesays.com\/fr\/wp-json\/wp\/v2\/posts\/90710\/revisions"}],"wp:featuredmedia":[{"embeddable":true,"href":"https:\/\/www.europesays.com\/fr\/wp-json\/wp\/v2\/media\/90711"}],"wp:attachment":[{"href":"https:\/\/www.europesays.com\/fr\/wp-json\/wp\/v2\/media?parent=90710"}],"wp:term":[{"taxonomy":"category","embeddable":true,"href":"https:\/\/www.europesays.com\/fr\/wp-json\/wp\/v2\/categories?post=90710"},{"taxonomy":"post_tag","embeddable":true,"href":"https:\/\/www.europesays.com\/fr\/wp-json\/wp\/v2\/tags?post=90710"}],"curies":[{"name":"wp","href":"https:\/\/api.w.org\/{rel}","templated":true}]}}