{"id":907264,"date":"2026-05-02T21:16:33","date_gmt":"2026-05-02T21:16:33","guid":{"rendered":"https:\/\/www.europesays.com\/fr\/907264\/"},"modified":"2026-05-02T21:16:33","modified_gmt":"2026-05-02T21:16:33","slug":"metropole-de-lyon-10e-lyon-street-food-festival-5-bonnes-raisons-de-se-mettre-a-table","status":"publish","type":"post","link":"https:\/\/www.europesays.com\/fr\/907264\/","title":{"rendered":"M\u00e9tropole de Lyon. 10e\u00a0 Lyon Street Food Festival\u00a0: 5 bonnes raisons de se mettre \u00e0 table"},"content":{"rendered":"<p>Le Lyon Street Food Festival organis\u00e9 par Nomad Kitchens f\u00eate cette ann\u00e9e, sa 10e\u00a0 \u00e9dition. Avanc\u00e9 de 15 jours au calendrier, pour la 3e\u00a0 fois aux Grandes Locos d\u2019Oullins\/La Mulati\u00e8re, apr\u00e8s des d\u00e9buts aux Subsistances et un long passage aux usines Fagor-Brandt du 7e\u00a0 arrondissement de Lyon. Il n\u2019a fait que grandir, pour devenir le plus grand \u00e9v\u00e9nement du genre en France. En une d\u00e9cennie, il a rassembl\u00e9 plus de 300\u00a0000 visiteurs, 1\u00a0000 chefs et une centaine d\u2019artistes. Le programme, qui se veut \u00e0 la fois fid\u00e8le \u00e0 l\u2019ADN du \u00ab\u00a0LSFF\u00a0\u00bb (et son tryptique \u00ab\u00a0food-musique-culture\u00a0\u00bb), suit les tendances du moment (particuli\u00e8rement changeantes d\u2019une ann\u00e9e sur l\u2019autre) tout en faisant la part belle aux fid\u00e8les au rendez-vous depuis ses d\u00e9buts, avec une dimension particuli\u00e8re pour cet&#8230;<\/p>\n","protected":false},"excerpt":{"rendered":"Le Lyon Street Food Festival organis\u00e9 par Nomad Kitchens f\u00eate cette ann\u00e9e, sa 10e\u00a0 \u00e9dition. Avanc\u00e9 de 15&hellip;\n","protected":false},"author":2,"featured_media":907265,"comment_status":"","ping_status":"","sticky":false,"template":"","format":"standard","meta":{"footnotes":"","_share_on_mastodon":"0"},"categories":[1889],"tags":[1111,11,2430,1687,2757,3154,1777,674,107,1011,27,2428,5946,2756,6016,873,12,15665,15666,25,2429,273],"class_list":["post-907264","post","type-post","status-publish","format-standard","has-post-thumbnail","category-lyon","tag-actu","tag-actualites","tag-auvergne-rhone-alpes","tag-culture-loisirs","tag-edition-lyon-villeurbanne","tag-edition-sud-lyonnais","tag-eu","tag-europe","tag-fil-info","tag-fr","tag-france","tag-lyon","tag-lyon-7e-arrondissement","tag-lyon-bassin","tag-magazine-cuisine-et-vins","tag-musique","tag-news","tag-oullins-pierre-benite","tag-oullins-ville","tag-republique-francaise","tag-rhone","tag-selection-de-la-redaction"],"share_on_mastodon":{"url":"https:\/\/pubeurope.com\/@fr\/116507062226224488","error":""},"_links":{"self":[{"href":"https:\/\/www.europesays.com\/fr\/wp-json\/wp\/v2\/posts\/907264","targetHints":{"allow":["GET"]}}],"collection":[{"href":"https:\/\/www.europesays.com\/fr\/wp-json\/wp\/v2\/posts"}],"about":[{"href":"https:\/\/www.europesays.com\/fr\/wp-json\/wp\/v2\/types\/post"}],"author":[{"embeddable":true,"href":"https:\/\/www.europesays.com\/fr\/wp-json\/wp\/v2\/users\/2"}],"replies":[{"embeddable":true,"href":"https:\/\/www.europesays.com\/fr\/wp-json\/wp\/v2\/comments?post=907264"}],"version-history":[{"count":0,"href":"https:\/\/www.europesays.com\/fr\/wp-json\/wp\/v2\/posts\/907264\/revisions"}],"wp:featuredmedia":[{"embeddable":true,"href":"https:\/\/www.europesays.com\/fr\/wp-json\/wp\/v2\/media\/907265"}],"wp:attachment":[{"href":"https:\/\/www.europesays.com\/fr\/wp-json\/wp\/v2\/media?parent=907264"}],"wp:term":[{"taxonomy":"category","embeddable":true,"href":"https:\/\/www.europesays.com\/fr\/wp-json\/wp\/v2\/categories?post=907264"},{"taxonomy":"post_tag","embeddable":true,"href":"https:\/\/www.europesays.com\/fr\/wp-json\/wp\/v2\/tags?post=907264"}],"curies":[{"name":"wp","href":"https:\/\/api.w.org\/{rel}","templated":true}]}}